{"id":6965,"date":"2016-11-22T13:44:11","date_gmt":"2016-11-22T12:44:11","guid":{"rendered":"http:\/\/www.grandesterresbio.com\/?p=6965"},"modified":"2016-11-21T13:52:09","modified_gmt":"2016-11-21T12:52:09","slug":"le-chili-ne-sait-plus-quoi-faire-de-son-energie-solaire","status":"publish","type":"post","link":"https:\/\/claire-jannot.com\/?p=6965","title":{"rendered":"Le Chili ne sait plus quoi faire de son \u00e9nergie solaire"},"content":{"rendered":"<h2>Ses 29 fermes de production ouvertes ces derniers mois moulinent tant que les exc\u00e9dents ne peuvent plus \u00eatre \u00e9coul\u00e9s. Fin mai, le pays a d\u00e9cid\u00e9 de donner ses kilos de Watt-cr\u00eate(unit\u00e9 de mesure de l&rsquo;\u00e9nergie solaire) aux concitoyens habitant le nord, car c&rsquo;est dans cette r\u00e9gion seulement que la production est excessive.<\/h2>\n<p><a href=\"https:\/\/i0.wp.com\/www.grandesterresbio.com\/wp-content\/uploads\/2016\/11\/Panneaux_solaires_2.jpg\" rel=\"attachment wp-att-6966\"><img data-recalc-dims=\"1\" loading=\"lazy\" decoding=\"async\" class=\"alignleft  wp-image-6966\" src=\"https:\/\/i0.wp.com\/www.grandesterresbio.com\/wp-content\/uploads\/2016\/11\/Panneaux_solaires_2.jpg?resize=384%2C288\" alt=\"panneaux_solaires_2\" width=\"384\" height=\"288\" srcset=\"https:\/\/i0.wp.com\/claire-jannot.com\/wp-content\/uploads\/2016\/11\/Panneaux_solaires_2.jpg?w=692&amp;ssl=1 692w, https:\/\/i0.wp.com\/claire-jannot.com\/wp-content\/uploads\/2016\/11\/Panneaux_solaires_2.jpg?resize=300%2C225&amp;ssl=1 300w\" sizes=\"auto, (max-width: 384px) 100vw, 384px\" \/><\/a><strong>C&rsquo;\u00e9tait d\u00e9j\u00e0 le cas d\u00e9but 2016. Pendant 113 jours, entre janvier et avril, les Chiliens n&rsquo;ont pas pay\u00e9 leur \u00e9lectricit\u00e9.<\/strong> Le gouvernement esp\u00e9rait que le mois de mai permette de fixer \u00e0 nouveau les prix. Mais la situation \u00e9conomique n&rsquo;a pas boug\u00e9 d&rsquo;un pouce. D\u00e8s lors, cette p\u00e9riode de 113 jours laisse \u00e0 penser que le <strong>record de 192 jours d&rsquo;\u00e9nergie gratuite enregistr\u00e9 l&rsquo;an pass\u00e9 devrait \u00eatre battu en 2016. <\/strong><\/p>\n<p><strong>Le pays a beaucoup investi dans les \u00e9nergies renouvelables pour faire face \u00e0 une demande grandissante de la part de l&rsquo;industrie mini\u00e8re<\/strong> qui a connu un boom ces derni\u00e8res ann\u00e9es. La croissance \u00e9conomique a repris de plus belle \u00e9galement. Le Chili a d&rsquo;ailleurs 15 autres projets de construction de fermes solaires.<\/p>\n<p><strong>Une bonne nouvelle pour les consommateurs, mais&#8230;<\/strong>Le probl\u00e8me, c&rsquo;est que tout s&rsquo;est fait trop vite. <strong>Les infrastructures n&rsquo;ont pas mis en place de syst\u00e8mes de raccordements entre elles<\/strong>. Ainsi, la surproduction de l&rsquo;usine du nord ne peut \u00eatre transf\u00e9r\u00e9e \u00e0 celle du centre du pays, malgr\u00e9 ses besoins. Conscient de ces probl\u00e8mes, le gouvernement pr\u00e9cise qu&rsquo;<strong>il fera construire une ligne de transmission de 3000 kilom\u00e8tres pour unir les deux r\u00e9seaux, mais il faudra attendre 2017.<\/strong><\/p>\n<div id=\"entry_paragraph_4\" class=\"ad_spot\"><\/div>\n<p>D&rsquo;ici l\u00e0, ce qui est une excellente nouvelle pour les consommateurs, l&rsquo;est moins pour les entreprises. Notamment, celles qui se sont engag\u00e9es dans la construction de nouvelles fermes solaires. Les banques se montrent plus frileuses pour accorder des pr\u00eats, tandis que les prix ne sont pas encore pr\u00eats de remonter.<\/p>\n<p>Alors, le Chili essaie d&rsquo;imaginer \u00e0 quoi toute cette \u00e9nergie pourrait bien lui servir. La meilleure des id\u00e9es semble \u00eatre <strong>ce projet de ligne de m\u00e9tro, annonc\u00e9e fin mai, qui roulerait enti\u00e8rement aux \u00e9nergies solaire et \u00e9olienne d\u00e8s 2018.<\/strong> D&rsquo;ici l\u00e0, le Chili a int\u00e9r\u00eat \u00e0 s&rsquo;\u00e9quiper en batteries de stockage&#8230;<\/p>\n<h6>Source : huffingtonpost.fr<\/h6>\n<h6>Cr\u00e9dit photo :\u00a0By Mathieudu68 (Own work) [CC BY-SA 3.0 (http:\/\/creativecommons.org\/licenses\/by-sa\/3.0)], via Wikimedia Commons<\/h6>\n<p>&nbsp;<\/p>\n<p>&nbsp;<\/p>\n<p>&nbsp;<\/p>\n","protected":false},"excerpt":{"rendered":"<p>Ses 29 fermes de production ouvertes ces derniers mois moulinent tant que les exc\u00e9dents ne peuvent plus \u00eatre \u00e9coul\u00e9s. Fin mai, le pays a d\u00e9cid\u00e9 de donner ses kilos de Watt-cr\u00eate(unit\u00e9 de mesure de l&rsquo;\u00e9nergie solaire) aux concitoyens habitant le &hellip; <a href=\"https:\/\/claire-jannot.com\/?p=6965\">Continuer la lecture <span class=\"meta-nav\">&rarr;<\/span><\/a><\/p>\n","protected":false},"author":1,"featured_media":0,"comment_status":"open","ping_status":"open","sticky":false,"template":"","format":"standard","meta":{"jetpack_post_was_ever_published":false,"_jetpack_newsletter_access":"","_jetpack_dont_email_post_to_subs":false,"_jetpack_newsletter_tier_id":0,"_jetpack_memberships_contains_paywalled_content":false,"_jetpack_memberships_contains_paid_content":false,"footnotes":"","jetpack_publicize_message":"","jetpack_publicize_feature_enabled":true,"jetpack_social_post_already_shared":true,"jetpack_social_options":{"image_generator_settings":{"template":"highway","default_image_id":0,"font":"","enabled":false},"version":2}},"categories":[2],"tags":[3,4,44,5,11],"class_list":["post-6965","post","type-post","status-publish","format-standard","hentry","category-ecologie","tag-consommation","tag-ecologie2","tag-energie","tag-environnement","tag-societe-2"],"jetpack_publicize_connections":[],"jetpack_featured_media_url":"","jetpack_sharing_enabled":true,"jetpack_shortlink":"https:\/\/wp.me\/p5jjt5-1Ol","_links":{"self":[{"href":"https:\/\/claire-jannot.com\/index.php?rest_route=\/wp\/v2\/posts\/6965","targetHints":{"allow":["GET"]}}],"collection":[{"href":"https:\/\/claire-jannot.com\/index.php?rest_route=\/wp\/v2\/posts"}],"about":[{"href":"https:\/\/claire-jannot.com\/index.php?rest_route=\/wp\/v2\/types\/post"}],"author":[{"embeddable":true,"href":"https:\/\/claire-jannot.com\/index.php?rest_route=\/wp\/v2\/users\/1"}],"replies":[{"embeddable":true,"href":"https:\/\/claire-jannot.com\/index.php?rest_route=%2Fwp%2Fv2%2Fcomments&post=6965"}],"version-history":[{"count":1,"href":"https:\/\/claire-jannot.com\/index.php?rest_route=\/wp\/v2\/posts\/6965\/revisions"}],"predecessor-version":[{"id":6967,"href":"https:\/\/claire-jannot.com\/index.php?rest_route=\/wp\/v2\/posts\/6965\/revisions\/6967"}],"wp:attachment":[{"href":"https:\/\/claire-jannot.com\/index.php?rest_route=%2Fwp%2Fv2%2Fmedia&parent=6965"}],"wp:term":[{"taxonomy":"category","embeddable":true,"href":"https:\/\/claire-jannot.com\/index.php?rest_route=%2Fwp%2Fv2%2Fcategories&post=6965"},{"taxonomy":"post_tag","embeddable":true,"href":"https:\/\/claire-jannot.com\/index.php?rest_route=%2Fwp%2Fv2%2Ftags&post=6965"}],"curies":[{"name":"wp","href":"https:\/\/api.w.org\/{rel}","templated":true}]}}