{"id":6968,"date":"2016-11-23T13:52:57","date_gmt":"2016-11-23T12:52:57","guid":{"rendered":"http:\/\/www.grandesterresbio.com\/?p=6968"},"modified":"2016-11-21T13:59:31","modified_gmt":"2016-11-21T12:59:31","slug":"non-le-suricate-nest-pas-si-sympa-que-ca","status":"publish","type":"post","link":"https:\/\/claire-jannot.com\/?p=6968","title":{"rendered":"Non, le Suricate n&rsquo;est pas si sympa que \u00e7a !"},"content":{"rendered":"<h2>Le suricate, cette petite b\u00eate qui se dresse sur ses deux pattes arri\u00e8res dans la savane, ne serait pas aussi cool que Timon dans le Roi Lion. Une \u00e9tude a \u00e9t\u00e9 men\u00e9e sur la question des violences intra-esp\u00e8ces chez plus de 1000 mammif\u00e8res pour mieux comprendre les origines animales de la violence humaine, et les chercheurs espagnols qui en sont \u00e0 l\u2019origine ont donc mis en t\u00eate de liste le suricate comme esp\u00e8ce la plus agressive, loin devant l\u2019homme.<\/h2>\n<p><a href=\"https:\/\/i0.wp.com\/www.grandesterresbio.com\/wp-content\/uploads\/2016\/11\/Suricates_Namibia-2.jpg\" rel=\"attachment wp-att-6969\"><img data-recalc-dims=\"1\" loading=\"lazy\" decoding=\"async\" class=\"alignleft  wp-image-6969\" src=\"https:\/\/i0.wp.com\/www.grandesterresbio.com\/wp-content\/uploads\/2016\/11\/Suricates_Namibia-2.jpg?resize=449%2C298\" alt=\"suricates_namibia-2\" width=\"449\" height=\"298\" srcset=\"https:\/\/i0.wp.com\/claire-jannot.com\/wp-content\/uploads\/2016\/11\/Suricates_Namibia-2.jpg?w=602&amp;ssl=1 602w, https:\/\/i0.wp.com\/claire-jannot.com\/wp-content\/uploads\/2016\/11\/Suricates_Namibia-2.jpg?resize=300%2C199&amp;ssl=1 300w\" sizes=\"auto, (max-width: 449px) 100vw, 449px\" \/><\/a><strong>Le suricate ou l\u2019animal le plus agressif :<\/strong> Ce palmar\u00e8s r\u00e9capitul\u00e9 dans une infographie de Sciences et Avenir qui a rep\u00e9r\u00e9 l\u2019information, <strong>r\u00e9v\u00e8le que la mangouste arrive en premier pour les violences inter-esp\u00e8ces avec environ 20% de morts d\u00fb \u00e0 des infanticides commis par des m\u00e8res.<\/strong> L\u2019\u00e9tude parue dans la revue scientifique britannique <strong>Nature<\/strong> explique que, par contre, <strong>les marmottes et les f\u00e9lins sont plus d\u00e9tendus avec \u201cseulement\u201d 10% de meurtres, pr\u00e9c\u00e9dant les grands singes\u00a0: 5% pour le gorille de l\u2019Est, 2 % pour les humains, 0, 14% pour les gorilles de l\u2019Ouest.<\/strong> L\u2019\u00e9tude d\u00e9voile que plus de <strong>40% des esp\u00e8ces de mammif\u00e8res se massacrent entre elles, herbivores compris.<\/strong><\/p>\n<p>Ces r\u00e9v\u00e9lations sont toutefois \u00e0 relativiser. <strong>L\u2019\u00e9tude est bas\u00e9e sur les violences inter-esp\u00e8ces et non pas sur la violence en g\u00e9n\u00e9ral : l\u2019homme tue chaque ann\u00e9e, que ce soit d\u2019autres hommes ou des animaux, bien plus que toutes les autres esp\u00e8ces.<\/strong><\/p>\n<p>De plus, l\u2019\u00e9tude fait d\u00e9bat au sein de la communaut\u00e9 scientifique comme le note la revue Sciences et Avenir. Les r\u00e9sultats ne seraient pas tout \u00e0 fait fiables \u00e0 cause d\u2019une moyenne \u00e9tablie sur un m\u00e9lange de chiffres \u00e0 diff\u00e9rentes \u00e9poques et ne prenant pas en consid\u00e9ration la vari\u00e9t\u00e9 de facteurs en lien avec la violence, <strong>tels que les agressions socialement organis\u00e9es, le cannibalisme ou encore les conflits individuels.<\/strong><\/p>\n<h6>Source : greenetvert.fr<\/h6>\n<h6>Cr\u00e9dit photo :\u00a0Par Sara&amp;Joachim&amp;Mebe [CC BY-SA 2.0 (http:\/\/creativecommons.org\/licenses\/by-sa\/2.0)], via Wikimedia Commons<\/h6>\n<div class=\"addthis_toolbox addthis_default_style\"><\/div>\n","protected":false},"excerpt":{"rendered":"<p>Le suricate, cette petite b\u00eate qui se dresse sur ses deux pattes arri\u00e8res dans la savane, ne serait pas aussi cool que Timon dans le Roi Lion. Une \u00e9tude a \u00e9t\u00e9 men\u00e9e sur la question des violences intra-esp\u00e8ces chez plus &hellip; <a href=\"https:\/\/claire-jannot.com\/?p=6968\">Continuer la lecture <span class=\"meta-nav\">&rarr;<\/span><\/a><\/p>\n","protected":false},"author":1,"featured_media":0,"comment_status":"open","ping_status":"open","sticky":false,"template":"","format":"standard","meta":{"jetpack_post_was_ever_published":false,"_jetpack_newsletter_access":"","_jetpack_dont_email_post_to_subs":false,"_jetpack_newsletter_tier_id":0,"_jetpack_memberships_contains_paywalled_content":false,"_jetpack_memberships_contains_paid_content":false,"footnotes":"","jetpack_publicize_message":"","jetpack_publicize_feature_enabled":true,"jetpack_social_post_already_shared":true,"jetpack_social_options":{"image_generator_settings":{"template":"highway","default_image_id":0,"font":"","enabled":false},"version":2}},"categories":[49],"tags":[48],"class_list":["post-6968","post","type-post","status-publish","format-standard","hentry","category-vie-animale-2","tag-vie-animale"],"jetpack_publicize_connections":[],"jetpack_featured_media_url":"","jetpack_sharing_enabled":true,"jetpack_shortlink":"https:\/\/wp.me\/p5jjt5-1Oo","_links":{"self":[{"href":"https:\/\/claire-jannot.com\/index.php?rest_route=\/wp\/v2\/posts\/6968","targetHints":{"allow":["GET"]}}],"collection":[{"href":"https:\/\/claire-jannot.com\/index.php?rest_route=\/wp\/v2\/posts"}],"about":[{"href":"https:\/\/claire-jannot.com\/index.php?rest_route=\/wp\/v2\/types\/post"}],"author":[{"embeddable":true,"href":"https:\/\/claire-jannot.com\/index.php?rest_route=\/wp\/v2\/users\/1"}],"replies":[{"embeddable":true,"href":"https:\/\/claire-jannot.com\/index.php?rest_route=%2Fwp%2Fv2%2Fcomments&post=6968"}],"version-history":[{"count":2,"href":"https:\/\/claire-jannot.com\/index.php?rest_route=\/wp\/v2\/posts\/6968\/revisions"}],"predecessor-version":[{"id":6971,"href":"https:\/\/claire-jannot.com\/index.php?rest_route=\/wp\/v2\/posts\/6968\/revisions\/6971"}],"wp:attachment":[{"href":"https:\/\/claire-jannot.com\/index.php?rest_route=%2Fwp%2Fv2%2Fmedia&parent=6968"}],"wp:term":[{"taxonomy":"category","embeddable":true,"href":"https:\/\/claire-jannot.com\/index.php?rest_route=%2Fwp%2Fv2%2Fcategories&post=6968"},{"taxonomy":"post_tag","embeddable":true,"href":"https:\/\/claire-jannot.com\/index.php?rest_route=%2Fwp%2Fv2%2Ftags&post=6968"}],"curies":[{"name":"wp","href":"https:\/\/api.w.org\/{rel}","templated":true}]}}