{"id":6978,"date":"2016-11-28T11:33:38","date_gmt":"2016-11-28T10:33:38","guid":{"rendered":"http:\/\/www.grandesterresbio.com\/?p=6978"},"modified":"2016-11-28T11:33:38","modified_gmt":"2016-11-28T10:33:38","slug":"fukushima-la-facture-salourdit","status":"publish","type":"post","link":"https:\/\/claire-jannot.com\/?p=6978","title":{"rendered":"Fukushima : La facture s&rsquo;alourdit"},"content":{"rendered":"<article class=\"article article_normal\">\n<div id=\"articleBody\" class=\"contenu_article js_article_body\">\n<h2 class=\"taille_courante\"><span style=\"color: #000000;\">Le gouvernement japonais a presque doubl\u00e9 son estimation du co\u00fbt de la catastrophe nucl\u00e9aire de Fukushima, a rapport\u00e9 dimanche 27\u00a0novembre le quotidien des affaires <em>Nikkei<\/em>.<\/span><\/h2>\n<div id=\"attachment_6979\" style=\"width: 353px\" class=\"wp-caption alignleft\"><a href=\"https:\/\/i0.wp.com\/www.grandesterresbio.com\/wp-content\/uploads\/2016\/11\/Fukushima_I_NPP_1975.jpg\" rel=\"attachment wp-att-6979\"><img data-recalc-dims=\"1\" loading=\"lazy\" decoding=\"async\" aria-describedby=\"caption-attachment-6979\" class=\"wp-image-6979\" src=\"https:\/\/i0.wp.com\/www.grandesterresbio.com\/wp-content\/uploads\/2016\/11\/Fukushima_I_NPP_1975.jpg?resize=343%2C343\" alt=\"fukushima_i_npp_1975\" width=\"343\" height=\"343\" srcset=\"https:\/\/i0.wp.com\/claire-jannot.com\/wp-content\/uploads\/2016\/11\/Fukushima_I_NPP_1975.jpg?w=2511&amp;ssl=1 2511w, https:\/\/i0.wp.com\/claire-jannot.com\/wp-content\/uploads\/2016\/11\/Fukushima_I_NPP_1975.jpg?resize=150%2C150&amp;ssl=1 150w, https:\/\/i0.wp.com\/claire-jannot.com\/wp-content\/uploads\/2016\/11\/Fukushima_I_NPP_1975.jpg?resize=300%2C300&amp;ssl=1 300w, https:\/\/i0.wp.com\/claire-jannot.com\/wp-content\/uploads\/2016\/11\/Fukushima_I_NPP_1975.jpg?resize=768%2C768&amp;ssl=1 768w, https:\/\/i0.wp.com\/claire-jannot.com\/wp-content\/uploads\/2016\/11\/Fukushima_I_NPP_1975.jpg?resize=1024%2C1024&amp;ssl=1 1024w, https:\/\/i0.wp.com\/claire-jannot.com\/wp-content\/uploads\/2016\/11\/Fukushima_I_NPP_1975.jpg?w=1280 1280w, https:\/\/i0.wp.com\/claire-jannot.com\/wp-content\/uploads\/2016\/11\/Fukushima_I_NPP_1975.jpg?w=1920 1920w\" sizes=\"auto, (max-width: 343px) 100vw, 343px\" \/><\/a><p id=\"caption-attachment-6979\" class=\"wp-caption-text\">Centrale nucl\u00e9aire de Fukushima Daiichi. vue du ciel<\/p><\/div>\n<p><span style=\"color: #000000;\">Les fonds n\u00e9cessaires notamment \u00e0 l\u2019indemnisation des victimes et au d\u00e9mant\u00e8lement de la centrale de Fukushima Daiichi sont d\u00e9sormais estim\u00e9s \u00e0 plus de <strong>20\u00a0000\u00a0milliards de yens (170\u00a0milliards d\u2019euros).<\/strong><\/span><\/p>\n<p><span style=\"color: #000000;\">En\u00a02013, le ministre du commerce avait estim\u00e9 \u00e0 92\u00a0milliards d\u2019euros le co\u00fbt de la catastrophe, dont 45\u00a0milliards d\u2019indemnisations, 21\u00a0milliards pour la d\u00e9contamination, 9,2\u00a0milliards pour la construction d\u2019un lieu de stockage des sols contamin\u00e9s et 16,8\u00a0milliards pour le d\u00e9mant\u00e8lement de la centrale.<\/span><\/p>\n<p class=\"intertitre\"><span style=\"color: #000000;\">Co\u00fbts de l\u2019\u00e9lectricit\u00e9 :\u00a0<\/span><span style=\"color: #000000;\">L\u2019indemnisation des victimes est d\u00e9sormais estim\u00e9e \u00e0 <strong>67\u00a0milliards d\u2019euros, tandis que la d\u00e9contamination n\u00e9cessiterait de 33 \u00e0 42\u00a0milliards<\/strong> et que le budget du d\u00e9mant\u00e8lement subit une hausse du m\u00eame ordre. Selon plusieurs sources proches du dossier cit\u00e9es par le <em>Nikkei<\/em>, une partie de cette augmentation sera <strong>report\u00e9e sur les co\u00fbts de l\u2019\u00e9lectricit\u00e9.<\/strong> Le minist\u00e8re du commerce n\u2019a pas fourni de commentaire.<\/span><\/p>\n<p><span style=\"color: #000000;\">Le 11\u00a0mars 2011, un violent s\u00e9isme de magnitude 9 puis un tsunami d\u00e9vastateur ont abouti \u00e0 l\u2019accident de la centrale de Fukushima Daiichi, la pire catastrophe nucl\u00e9aire depuis celle de Tchernobyl en\u00a01986.<\/span><\/p>\n<div class=\"btn_lecture_zen btn_offre_decouverte_zen\"><span style=\"color: #000000;\">\u00a0<\/span><\/div>\n<\/div>\n<\/article>\n<div id=\"dfp-partenaire_middle\" class=\"dfp_slot\" data-format=\"partenaire_middle\" data-google-query-id=\"CLLvsPGcy9ACFVOPGwod_r8GXg\">\n<div id=\"google_ads_iframe_\/128139881\/LM_lemonde\/international\/international\/article\/partenaire_middle_0__container__\"><span style=\"color: #000000;\"><iframe id=\"google_ads_iframe_\/128139881\/LM_lemonde\/international\/international\/article\/partenaire_middle_0\" title=\"3rd party ad content\" name=\"google_ads_iframe_\/128139881\/LM_lemonde\/international\/international\/article\/partenaire_middle_0\" width=\"1\" height=\"1\" frameborder=\"0\" marginwidth=\"0\" marginheight=\"0\" scrolling=\"no\"><\/iframe><\/span><\/div>\n<\/div>\n<h6>\n<span style=\"color: #000000;\">En savoir plus sur http:\/\/www.lemonde.fr\/asie-pacifique\/article\/2016\/11\/28\/le-japon-double-l-estimation-de-la-facture-de-fukushima_5039173_3216.html#klyiwlWQXKjQ7tgB.99<\/span><\/h6>\n<h6><span style=\"color: #000000;\">Cr\u00e9dit photo :\u00a0Copyright \u00a9 National Land Image Information (Color Aerial Photographs), Ministry of Land, Infrastructure, Transport and Tourism [Attribution], via Wikimedia Commons<\/span><\/h6>\n<p>&nbsp;<\/p>\n<p>&nbsp;<\/p>\n<p>&nbsp;<\/p>\n<p>&nbsp;<\/p>\n","protected":false},"excerpt":{"rendered":"<p>Le gouvernement japonais a presque doubl\u00e9 son estimation du co\u00fbt de la catastrophe nucl\u00e9aire de Fukushima, a rapport\u00e9 dimanche 27\u00a0novembre le quotidien des affaires Nikkei. Les fonds n\u00e9cessaires notamment \u00e0 l\u2019indemnisation des victimes et au d\u00e9mant\u00e8lement de la centrale de &hellip; <a href=\"https:\/\/claire-jannot.com\/?p=6978\">Continuer la lecture <span class=\"meta-nav\">&rarr;<\/span><\/a><\/p>\n","protected":false},"author":1,"featured_media":0,"comment_status":"open","ping_status":"open","sticky":false,"template":"","format":"standard","meta":{"jetpack_post_was_ever_published":false,"_jetpack_newsletter_access":"","_jetpack_dont_email_post_to_subs":false,"_jetpack_newsletter_tier_id":0,"_jetpack_memberships_contains_paywalled_content":false,"_jetpack_memberships_contains_paid_content":false,"footnotes":"","jetpack_publicize_message":"","jetpack_publicize_feature_enabled":true,"jetpack_social_post_already_shared":true,"jetpack_social_options":{"image_generator_settings":{"template":"highway","default_image_id":0,"font":"","enabled":false},"version":2}},"categories":[47],"tags":[3,44,5,52,36,11],"class_list":["post-6978","post","type-post","status-publish","format-standard","hentry","category-societe","tag-consommation","tag-energie","tag-environnement","tag-oceans","tag-pollution","tag-societe-2"],"jetpack_publicize_connections":[],"jetpack_featured_media_url":"","jetpack_sharing_enabled":true,"jetpack_shortlink":"https:\/\/wp.me\/p5jjt5-1Oy","_links":{"self":[{"href":"https:\/\/claire-jannot.com\/index.php?rest_route=\/wp\/v2\/posts\/6978","targetHints":{"allow":["GET"]}}],"collection":[{"href":"https:\/\/claire-jannot.com\/index.php?rest_route=\/wp\/v2\/posts"}],"about":[{"href":"https:\/\/claire-jannot.com\/index.php?rest_route=\/wp\/v2\/types\/post"}],"author":[{"embeddable":true,"href":"https:\/\/claire-jannot.com\/index.php?rest_route=\/wp\/v2\/users\/1"}],"replies":[{"embeddable":true,"href":"https:\/\/claire-jannot.com\/index.php?rest_route=%2Fwp%2Fv2%2Fcomments&post=6978"}],"version-history":[{"count":1,"href":"https:\/\/claire-jannot.com\/index.php?rest_route=\/wp\/v2\/posts\/6978\/revisions"}],"predecessor-version":[{"id":6980,"href":"https:\/\/claire-jannot.com\/index.php?rest_route=\/wp\/v2\/posts\/6978\/revisions\/6980"}],"wp:attachment":[{"href":"https:\/\/claire-jannot.com\/index.php?rest_route=%2Fwp%2Fv2%2Fmedia&parent=6978"}],"wp:term":[{"taxonomy":"category","embeddable":true,"href":"https:\/\/claire-jannot.com\/index.php?rest_route=%2Fwp%2Fv2%2Fcategories&post=6978"},{"taxonomy":"post_tag","embeddable":true,"href":"https:\/\/claire-jannot.com\/index.php?rest_route=%2Fwp%2Fv2%2Ftags&post=6978"}],"curies":[{"name":"wp","href":"https:\/\/api.w.org\/{rel}","templated":true}]}}