{"id":6990,"date":"2016-12-06T12:22:08","date_gmt":"2016-12-06T11:22:08","guid":{"rendered":"http:\/\/www.grandesterresbio.com\/?p=6990"},"modified":"2016-12-04T23:26:19","modified_gmt":"2016-12-04T22:26:19","slug":"bienvenue-dans-une-nouvelle-ere-geologique-lanthropocene","status":"publish","type":"post","link":"https:\/\/claire-jannot.com\/?p=6990","title":{"rendered":"Bienvenue dans une nouvelle \u00e8re g\u00e9ologique : l&rsquo;Anthropoc\u00e8ne"},"content":{"rendered":"<h2 class=\"entry-title\">L\u2019Anthropoc\u00e8ne\u00a0: Nouvelle \u00e8re g\u00e9ologique pour la Terre, cons\u00e9quence directe de la pr\u00e9sence de l\u2019homme<\/h2>\n<div id=\"attachment_6992\" style=\"width: 387px\" class=\"wp-caption alignleft\"><a href=\"https:\/\/i0.wp.com\/www.grandesterresbio.com\/wp-content\/uploads\/2016\/12\/Hillside_deforestation_in_Rio_de_Janeiro.jpg\" rel=\"attachment wp-att-6992\"><img data-recalc-dims=\"1\" loading=\"lazy\" decoding=\"async\" aria-describedby=\"caption-attachment-6992\" class=\"wp-image-6992\" src=\"https:\/\/i0.wp.com\/www.grandesterresbio.com\/wp-content\/uploads\/2016\/12\/Hillside_deforestation_in_Rio_de_Janeiro.jpg?resize=377%2C251\" alt=\"hillside_deforestation_in_rio_de_janeiro\" width=\"377\" height=\"251\" srcset=\"https:\/\/i0.wp.com\/claire-jannot.com\/wp-content\/uploads\/2016\/12\/Hillside_deforestation_in_Rio_de_Janeiro.jpg?w=2544&amp;ssl=1 2544w, https:\/\/i0.wp.com\/claire-jannot.com\/wp-content\/uploads\/2016\/12\/Hillside_deforestation_in_Rio_de_Janeiro.jpg?resize=300%2C200&amp;ssl=1 300w, https:\/\/i0.wp.com\/claire-jannot.com\/wp-content\/uploads\/2016\/12\/Hillside_deforestation_in_Rio_de_Janeiro.jpg?resize=768%2C512&amp;ssl=1 768w, https:\/\/i0.wp.com\/claire-jannot.com\/wp-content\/uploads\/2016\/12\/Hillside_deforestation_in_Rio_de_Janeiro.jpg?resize=1024%2C683&amp;ssl=1 1024w, https:\/\/i0.wp.com\/claire-jannot.com\/wp-content\/uploads\/2016\/12\/Hillside_deforestation_in_Rio_de_Janeiro.jpg?w=1280 1280w, https:\/\/i0.wp.com\/claire-jannot.com\/wp-content\/uploads\/2016\/12\/Hillside_deforestation_in_Rio_de_Janeiro.jpg?w=1920 1920w\" sizes=\"auto, (max-width: 377px) 100vw, 377px\" \/><\/a><p id=\"caption-attachment-6992\" class=\"wp-caption-text\">D\u00e9forestation pr\u00e8s de Rio de Janeiro ( Br\u00e9sil)<\/p><\/div>\n<p>Lors du Congr\u00e8s g\u00e9ologique international qui a eu lieu du 27 ao\u00fbt au 4 septembre dernier au <strong>Cap en Afrique du Sud<\/strong>, des experts se sont r\u00e9unis et ont demand\u00e9 \u00e0 <strong>d\u00e9clarer la fin de l\u2019Holoc\u00e8ne (l\u2019\u00e8re g\u00e9ologique actuelle) et le commencement d\u2019une nouvelle p\u00e9riode due \u00e0 l\u2019action de l\u2019Homme\u00a0: l\u2019Anthropoc\u00e8ne.<\/strong> Pas vraiment une bonne nouvelle\u2026<\/p>\n<p>Les cons\u00e9quences de l\u2019action de l\u2019homme sur la plan\u00e8te sont vastes : <strong>\u00e9rosion des sols, disparition des esp\u00e8ces, changements du climat ou encore r\u00e9chauffement des oc\u00e9ans.<\/strong><\/p>\n<p><strong>En 4,5 milliards d\u2019ann\u00e9es, c\u2019est la premi\u00e8re fois qu\u2019une esp\u00e8ce unique a compl\u00e8tement modifi\u00e9 la morphologie, la biologie et la chimie de la Terre.<\/strong> Cela a men\u00e9 le groupe d\u2019experts qui s\u2019est r\u00e9uni pour le Congr\u00e8s g\u00e9ologique international \u00e0 voter \u00e0 une large majorit\u00e9 en faveur de l\u2019entr\u00e9e officielle de la Terre dans cette nouvelle \u00e8re g\u00e9ologique nomm\u00e9e\u00a0: \u00ab\u00a0Anthropoc\u00e8ne\u00a0\u00bb. <strong>Cette \u00e8re dont le nom trouve son origine \u00e0 la fin du XX\u00e8me si\u00e8cle sous la plume du prix Nobel de chimie Paul Crutzen<\/strong>, aurait d\u00e9marr\u00e9 d\u2019apr\u00e8s le scientifique \u00e0 la fin du XVIIIe si\u00e8cle avec la r\u00e9volution industrielle.<\/p>\n<p>Cette date provoque des d\u00e9bats au sein de la communaut\u00e9 scientifique. Les experts qui se sont r\u00e9unis au Cap estiment en effet le point de d\u00e9part de cette \u00e8re dans les ann\u00e9es 50, lors desquelles a eu lieu l\u2019acc\u00e9l\u00e9ration de la concentration de dioxyde de carbone dans l\u2019atmosph\u00e8re.<\/p>\n<p>L\u2019homme, une force qui modifie la plan\u00e8te : Ce passage \u00e0 cette nouvelle \u00e8re demand\u00e9 par les g\u00e9ologues, est loin d\u2019\u00eatre mis en place. Cette proposition devra d\u2019abord \u00eatre soumise \u00e0 de nouvelles commissions d\u2019experts et pour arriver \u00e0 la fin du processus, deux ans seront n\u00e9cessaires. Cependant ce <strong>congr\u00e8s signe l\u2019acceptation scientifique de cette nouvelle \u00e8re g\u00e9ologique.<\/strong><\/p>\n<p>Ce n\u2019est pas une excellente nouvelle pour l\u2019environnement. Selon Catherine Jeandel, directrice de recherche au CNRS et membre du groupe qui travaille depuis plus de sept ans sur cette question, <strong>l\u2019homme est devenue une force telle qu\u2019il modifie la plan\u00e8te.<\/strong> De quoi susciter, si tel n\u2019\u00e9tait pas d\u00e9j\u00e0 le cas,\u00a0une remise en question de notre modernit\u00e9 industrielle.<\/p>\n<h6>Source : Greenetvert.fr &#8211;\u00a0France \/ <time datetime=\"2016-09-07\">07.09.2016<\/time> \/ Europe<\/h6>\n<h6>Cr\u00e9dit photo : Par Alex Rio Brazil (Travail personnel) [Public domain], via Wikimedia Commons<\/h6>\n<p>&nbsp;<\/p>\n<p>&nbsp;<\/p>\n","protected":false},"excerpt":{"rendered":"<p>L\u2019Anthropoc\u00e8ne\u00a0: Nouvelle \u00e8re g\u00e9ologique pour la Terre, cons\u00e9quence directe de la pr\u00e9sence de l\u2019homme Lors du Congr\u00e8s g\u00e9ologique international qui a eu lieu du 27 ao\u00fbt au 4 septembre dernier au Cap en Afrique du Sud, des experts se sont &hellip; <a href=\"https:\/\/claire-jannot.com\/?p=6990\">Continuer la lecture <span class=\"meta-nav\">&rarr;<\/span><\/a><\/p>\n","protected":false},"author":1,"featured_media":0,"comment_status":"open","ping_status":"open","sticky":false,"template":"","format":"standard","meta":{"jetpack_post_was_ever_published":false,"_jetpack_newsletter_access":"","_jetpack_dont_email_post_to_subs":false,"_jetpack_newsletter_tier_id":0,"_jetpack_memberships_contains_paywalled_content":false,"_jetpack_memberships_contains_paid_content":false,"footnotes":"","jetpack_publicize_message":"","jetpack_publicize_feature_enabled":true,"jetpack_social_post_already_shared":true,"jetpack_social_options":{"image_generator_settings":{"template":"highway","default_image_id":0,"font":"","enabled":false},"version":2}},"categories":[2],"tags":[51,3,44,5,52,36],"class_list":["post-6990","post","type-post","status-publish","format-standard","hentry","category-ecologie","tag-climat","tag-consommation","tag-energie","tag-environnement","tag-oceans","tag-pollution"],"jetpack_publicize_connections":[],"jetpack_featured_media_url":"","jetpack_sharing_enabled":true,"jetpack_shortlink":"https:\/\/wp.me\/p5jjt5-1OK","_links":{"self":[{"href":"https:\/\/claire-jannot.com\/index.php?rest_route=\/wp\/v2\/posts\/6990","targetHints":{"allow":["GET"]}}],"collection":[{"href":"https:\/\/claire-jannot.com\/index.php?rest_route=\/wp\/v2\/posts"}],"about":[{"href":"https:\/\/claire-jannot.com\/index.php?rest_route=\/wp\/v2\/types\/post"}],"author":[{"embeddable":true,"href":"https:\/\/claire-jannot.com\/index.php?rest_route=\/wp\/v2\/users\/1"}],"replies":[{"embeddable":true,"href":"https:\/\/claire-jannot.com\/index.php?rest_route=%2Fwp%2Fv2%2Fcomments&post=6990"}],"version-history":[{"count":2,"href":"https:\/\/claire-jannot.com\/index.php?rest_route=\/wp\/v2\/posts\/6990\/revisions"}],"predecessor-version":[{"id":6994,"href":"https:\/\/claire-jannot.com\/index.php?rest_route=\/wp\/v2\/posts\/6990\/revisions\/6994"}],"wp:attachment":[{"href":"https:\/\/claire-jannot.com\/index.php?rest_route=%2Fwp%2Fv2%2Fmedia&parent=6990"}],"wp:term":[{"taxonomy":"category","embeddable":true,"href":"https:\/\/claire-jannot.com\/index.php?rest_route=%2Fwp%2Fv2%2Fcategories&post=6990"},{"taxonomy":"post_tag","embeddable":true,"href":"https:\/\/claire-jannot.com\/index.php?rest_route=%2Fwp%2Fv2%2Ftags&post=6990"}],"curies":[{"name":"wp","href":"https:\/\/api.w.org\/{rel}","templated":true}]}}