{"id":6999,"date":"2016-12-10T11:39:28","date_gmt":"2016-12-10T10:39:28","guid":{"rendered":"http:\/\/www.grandesterresbio.com\/?p=6999"},"modified":"2016-12-10T11:39:28","modified_gmt":"2016-12-10T10:39:28","slug":"bretagne-les-algues-vertes-peuvent-elles-etre-mortelles","status":"publish","type":"post","link":"https:\/\/claire-jannot.com\/?p=6999","title":{"rendered":"Bretagne : Les algues vertes peuvent-elles \u00eatre mortelles ?"},"content":{"rendered":"<h2 class=\"tt2\">Incertitudes sur la mort d\u2019un joggeur dans une zone d\u2019algues vertes en Bretagne<\/h2>\n<div id=\"attachment_7001\" style=\"width: 454px\" class=\"wp-caption alignleft\"><a href=\"https:\/\/i0.wp.com\/www.grandesterresbio.com\/wp-content\/uploads\/2016\/12\/Filamenteuse_et_bryophytes_pr%C3%A8s_surf_MDCascade.jpg\" rel=\"attachment wp-att-7001\"><img data-recalc-dims=\"1\" loading=\"lazy\" decoding=\"async\" aria-describedby=\"caption-attachment-7001\" class=\"wp-image-7001\" src=\"https:\/\/i0.wp.com\/www.grandesterresbio.com\/wp-content\/uploads\/2016\/12\/Filamenteuse_et_bryophytes_pr%C3%A8s_surf_MDCascade.jpg?resize=444%2C325\" alt=\"filamenteuse_et_bryophytes_pres_surf_mdcascade\" width=\"444\" height=\"325\" srcset=\"https:\/\/i0.wp.com\/claire-jannot.com\/wp-content\/uploads\/2016\/12\/Filamenteuse_et_bryophytes_pr%C3%A8s_surf_MDCascade.jpg?w=1024&amp;ssl=1 1024w, https:\/\/i0.wp.com\/claire-jannot.com\/wp-content\/uploads\/2016\/12\/Filamenteuse_et_bryophytes_pr%C3%A8s_surf_MDCascade.jpg?resize=300%2C219&amp;ssl=1 300w, https:\/\/i0.wp.com\/claire-jannot.com\/wp-content\/uploads\/2016\/12\/Filamenteuse_et_bryophytes_pr%C3%A8s_surf_MDCascade.jpg?resize=768%2C561&amp;ssl=1 768w\" sizes=\"auto, (max-width: 444px) 100vw, 444px\" \/><\/a><p id=\"caption-attachment-7001\" class=\"wp-caption-text\">Algues vertes filamenteuse et bryophytes pr\u00e8s de la surface de l&rsquo;eau<\/p><\/div>\n<p class=\"txt3 description-article\">Les r\u00e9sultats de l\u2019autopsie et des analyses toxicologiques ne permettent pas de d\u00e9terminer \u00ab\u00a0clairement\u00a0\u00bb les causes de la mort du coureur de 50\u00a0ans, au d\u00e9but de septembre\u00a0\u00e0 l\u2019embouchure du <strong>Gouessant (C\u00f4tes-d\u2019Armor)<\/strong>, a affirm\u00e9 vendredi 9\u00a0d\u00e9cembre Bertrand Leclerc, procureur de la R\u00e9publique de Saint-Brieuc.\u00ab\u00a0En l\u2019\u00e9tat des r\u00e9sultats de l\u2019autopsie et des analyses anatomopathologiques, sans possibilit\u00e9 d\u2019analyse toxicologique fiable, les causes de la mort ne peuvent \u00eatre clairement d\u00e9termin\u00e9es.\u00a0\u00bb<\/p>\n<p class=\"txt3 description-article\">Sportif et habitu\u00e9 des lieux, le joggeur de 50 ans a \u00e9t\u00e9 retrouv\u00e9 mort le 8\u00a0septembre dans <strong>un secteur o\u00f9 des s\u00e9diments d\u2019algues vertes se m\u00ealent \u00e0 la vase.<\/strong> <strong>Inoffensives quand elles sont fra\u00eeches, les algues vertes d\u00e9gagent en se d\u00e9composant de l\u2019hydrog\u00e8ne sulfur\u00e9<\/strong> (H<sub>2<\/sub>S), dont les \u00e9manations \u00e0 doses \u00e9lev\u00e9es peuvent entra\u00eener la mort.<\/p>\n<p class=\"intertitre\">Quantit\u00e9s mortelles : <strong>\u00ab\u00a0L\u2019aspect des poumons est compatible avec une asphyxie<\/strong> \u0153d\u00e9mateuse orientant vers une cause d\u2019origine centrale, qui peut survenir tant sous l\u2019effet de toxiques, dont l\u2019H<sub>2<\/sub>S, que d\u2019une privation brutale d\u2019oxyg\u00e8ne r\u00e9sultant d\u2019un arr\u00eat cardiaque\u00a0\u00bb, poursuit le procureur.<\/p>\n<p>\u00ab\u00a0L\u2019\u00e9ventuelle intoxication \u00e0 l\u2019hydrog\u00e8ne sulfur\u00e9 est \u00e9voqu\u00e9e comme hypoth\u00e8se en seule consid\u00e9ration <strong>du milieu de d\u00e9couverte du corps\u00a0: zones de vasi\u00e8res dont certaines portions d\u00e9gagent, dans certaines conditions d\u2019enlisement, des quantit\u00e9s toxiques voire mortelles de ce gaz\u00a0<\/strong>\u00bb, \u00e9crit le magistrat, qui souligne que la position de la victime \u00ab\u00a0\u00e9voque un d\u00e9c\u00e8s brutal\u00a0\u00bb.<\/p>\n<p>\u00ab\u00a0Les analyses des vases et les mesures d\u2019\u00e9manations de gaz ont r\u00e9v\u00e9l\u00e9 (\u2026) en certains endroits, lorsque ces boues sont remu\u00e9es, des \u00e9manations de ce gaz \u00e0 des niveaux pouvant <strong>atteindre rapidement plus de 1\u00a0000\u00a0ppm\u00a0[partie par million]\u00a0\u00bb, \u00e9crit encore le procureur Leclerc. Au-dessus de 500\u00a0ppm, selon les scientifiques, une rapide perte de connaissance, accompagn\u00e9e de troubles respiratoires<\/strong>, se produit, pouvant aller jusqu\u2019\u00e0 la mort si l\u2019exposition au H<sub>2<\/sub>S n\u2019est pas interrompue.<\/p>\n<p><strong>\u00ab\u00a0La toxicit\u00e9 ainsi r\u00e9v\u00e9l\u00e9e des vasi\u00e8res du Gouessant paraissant constituer un risque r\u00e9el pour la sant\u00e9 publique<\/strong>, le procureur de la R\u00e9publique a transmis ces \u00e9l\u00e9ments au pr\u00e9fet des C\u00f4tes-d\u2019Armor\u00a0\u00bb, poursuit-il.<\/p>\n<h6>\nSource :\u00a0<span id=\"publisher\" data-source=\"Le Monde.fr avec AFP\">Le Monde.fr avec AFP<\/span> | <time datetime=\"2016-12-09T22:45:27+01:00\">09.12.2016 \u00e0 22h45<\/time> \u2022 Mis \u00e0 jour le <time datetime=\"2016-12-09T22:59:11+01:00\">09.12.2016 \u00e0 22h59<\/time><\/h6>\n<h6>Cr\u00e9dit photo : Par Lamiot (Travail personnel) [CC BY-SA 4.0 (http:\/\/creativecommons.org\/licenses\/by-sa\/4.0)], via Wikimedia Commons<\/h6>\n<p>&nbsp;<\/p>\n<p>&nbsp;<\/p>\n","protected":false},"excerpt":{"rendered":"<p>Incertitudes sur la mort d\u2019un joggeur dans une zone d\u2019algues vertes en Bretagne Les r\u00e9sultats de l\u2019autopsie et des analyses toxicologiques ne permettent pas de d\u00e9terminer \u00ab\u00a0clairement\u00a0\u00bb les causes de la mort du coureur de 50\u00a0ans, au d\u00e9but de septembre\u00a0\u00e0 &hellip; <a href=\"https:\/\/claire-jannot.com\/?p=6999\">Continuer la lecture <span class=\"meta-nav\">&rarr;<\/span><\/a><\/p>\n","protected":false},"author":1,"featured_media":0,"comment_status":"open","ping_status":"open","sticky":false,"template":"","format":"standard","meta":{"jetpack_post_was_ever_published":false,"_jetpack_newsletter_access":"","_jetpack_dont_email_post_to_subs":false,"_jetpack_newsletter_tier_id":0,"_jetpack_memberships_contains_paywalled_content":false,"_jetpack_memberships_contains_paid_content":false,"footnotes":"","jetpack_publicize_message":"","jetpack_publicize_feature_enabled":true,"jetpack_social_post_already_shared":true,"jetpack_social_options":{"image_generator_settings":{"template":"highway","default_image_id":0,"font":"","enabled":false},"version":2}},"categories":[2],"tags":[42,39,4,52,36,10],"class_list":["post-6999","post","type-post","status-publish","format-standard","hentry","category-ecologie","tag-agriculture","tag-eau","tag-ecologie2","tag-oceans","tag-pollution","tag-sante"],"jetpack_publicize_connections":[],"jetpack_featured_media_url":"","jetpack_sharing_enabled":true,"jetpack_shortlink":"https:\/\/wp.me\/p5jjt5-1OT","_links":{"self":[{"href":"https:\/\/claire-jannot.com\/index.php?rest_route=\/wp\/v2\/posts\/6999","targetHints":{"allow":["GET"]}}],"collection":[{"href":"https:\/\/claire-jannot.com\/index.php?rest_route=\/wp\/v2\/posts"}],"about":[{"href":"https:\/\/claire-jannot.com\/index.php?rest_route=\/wp\/v2\/types\/post"}],"author":[{"embeddable":true,"href":"https:\/\/claire-jannot.com\/index.php?rest_route=\/wp\/v2\/users\/1"}],"replies":[{"embeddable":true,"href":"https:\/\/claire-jannot.com\/index.php?rest_route=%2Fwp%2Fv2%2Fcomments&post=6999"}],"version-history":[{"count":2,"href":"https:\/\/claire-jannot.com\/index.php?rest_route=\/wp\/v2\/posts\/6999\/revisions"}],"predecessor-version":[{"id":7003,"href":"https:\/\/claire-jannot.com\/index.php?rest_route=\/wp\/v2\/posts\/6999\/revisions\/7003"}],"wp:attachment":[{"href":"https:\/\/claire-jannot.com\/index.php?rest_route=%2Fwp%2Fv2%2Fmedia&parent=6999"}],"wp:term":[{"taxonomy":"category","embeddable":true,"href":"https:\/\/claire-jannot.com\/index.php?rest_route=%2Fwp%2Fv2%2Fcategories&post=6999"},{"taxonomy":"post_tag","embeddable":true,"href":"https:\/\/claire-jannot.com\/index.php?rest_route=%2Fwp%2Fv2%2Ftags&post=6999"}],"curies":[{"name":"wp","href":"https:\/\/api.w.org\/{rel}","templated":true}]}}