{"id":7004,"date":"2016-12-16T12:32:57","date_gmt":"2016-12-16T11:32:57","guid":{"rendered":"http:\/\/www.grandesterresbio.com\/?p=7004"},"modified":"2016-12-16T12:32:57","modified_gmt":"2016-12-16T11:32:57","slug":"monsanto-le-soja-ogm-finalement-autorise-en-europe","status":"publish","type":"post","link":"https:\/\/claire-jannot.com\/?p=7004","title":{"rendered":"Monsanto : le soja OGM finalement autoris\u00e9 en Europe"},"content":{"rendered":"<h2><span style=\"color: #000000;\">Le tribunal de l&rsquo;UE a confirm\u00e9 jeudi l&rsquo;autorisation par la Commission europ\u00e9enne de la mise sur le march\u00e9 europ\u00e9en de produits contenant du soja OGM de l&rsquo;am\u00e9ricain Monsanto.<\/span><\/h2>\n<div id=\"attachment_7005\" style=\"width: 372px\" class=\"wp-caption alignleft\"><a href=\"https:\/\/i0.wp.com\/www.grandesterresbio.com\/wp-content\/uploads\/2016\/12\/Green_and_GMO.jpg\" rel=\"attachment wp-att-7005\"><img data-recalc-dims=\"1\" loading=\"lazy\" decoding=\"async\" aria-describedby=\"caption-attachment-7005\" class=\"wp-image-7005 \" src=\"https:\/\/i0.wp.com\/www.grandesterresbio.com\/wp-content\/uploads\/2016\/12\/Green_and_GMO.jpg?resize=362%2C241\" alt=\"green_and_gmo\" width=\"362\" height=\"241\" srcset=\"https:\/\/i0.wp.com\/claire-jannot.com\/wp-content\/uploads\/2016\/12\/Green_and_GMO.jpg?w=2048&amp;ssl=1 2048w, https:\/\/i0.wp.com\/claire-jannot.com\/wp-content\/uploads\/2016\/12\/Green_and_GMO.jpg?resize=300%2C200&amp;ssl=1 300w, https:\/\/i0.wp.com\/claire-jannot.com\/wp-content\/uploads\/2016\/12\/Green_and_GMO.jpg?resize=768%2C512&amp;ssl=1 768w, https:\/\/i0.wp.com\/claire-jannot.com\/wp-content\/uploads\/2016\/12\/Green_and_GMO.jpg?resize=1024%2C683&amp;ssl=1 1024w, https:\/\/i0.wp.com\/claire-jannot.com\/wp-content\/uploads\/2016\/12\/Green_and_GMO.jpg?w=1280 1280w, https:\/\/i0.wp.com\/claire-jannot.com\/wp-content\/uploads\/2016\/12\/Green_and_GMO.jpg?w=1920 1920w\" sizes=\"auto, (max-width: 362px) 100vw, 362px\" \/><\/a><p id=\"caption-attachment-7005\" class=\"wp-caption-text\">Les \u00e9cologistes europ\u00e9ens manifestent leur opposition aux OGM au parlement europ\u00e9en en mai 2013<\/p><\/div>\n<p><span style=\"font-family: Arial, sans-serif; color: #000000;\">La justice europ\u00e9enne a ainsi <strong>rejet\u00e9 le recours de trois organisations non gouvernementales allemandes<\/strong>, oppos\u00e9es \u00e0 l&rsquo;introduction de ces produits sur le march\u00e9, et qui avaient demand\u00e9 \u00e0 la Commission europ\u00e9enne d&rsquo;effectuer un <strong>r\u00e9examen interne<\/strong> de sa d\u00e9cision d&rsquo;autorisation.<\/p>\n<p>Des demandes rejet\u00e9es par <strong>l&rsquo;ex\u00e9cutif europ\u00e9en en 2013,<\/strong> car il les estimait infond\u00e9es.<\/p>\n<p>Un an auparavant, la Commission avait autoris\u00e9 la mise sur le march\u00e9 de produits contenant du soja g\u00e9n\u00e9tiquement modifi\u00e9. Elle avait donn\u00e9 son feu vert sur la base d&rsquo;un <strong>avis favorable de l&rsquo;Autorit\u00e9 europ\u00e9enne de s\u00e9curit\u00e9 des aliments (EFSA)<\/strong> \u00e9mis en 2012.<\/p>\n<p><strong>L&rsquo;EFSA avait \u00ab\u00a0consid\u00e9r\u00e9 que le soja g\u00e9n\u00e9tiquement modifi\u00e9 \u00e9tait, dans le contexte de ses utilisations envisag\u00e9es, aussi s\u00fbr que le soja conventionnel<\/strong> (c&rsquo;est-\u00e0-dire le soja non g\u00e9n\u00e9tiquement modifi\u00e9) quant \u00e0 ses effets potentiels sur la sant\u00e9 humaine et animale ou sur l&rsquo;environnement\u00a0\u00bb.<\/p>\n<p>La demande de commercialisation en Europe de ces produits par Monsanto remonte \u00e0 <strong>2009.<\/strong> Le processus d&rsquo;\u00e9valuation pour les demandes d&rsquo;autorisation de culture et de commercialisation d&rsquo;OGM se d\u00e9roule en quatre temps: consultation de l&rsquo;Autorit\u00e9 europ\u00e9enne de s\u00e9curit\u00e9 des aliments (EFSA) sur les risques pour la sant\u00e9, demande d&rsquo;autorisation aux Etats sur base d&rsquo;un avis favorable de l&rsquo;EFSA, proc\u00e9dure d&rsquo;appel si aucune majorit\u00e9 qualifi\u00e9e ne se d\u00e9gage entre les Etats. Enfin, si cette situation perdure, la d\u00e9cision finale revient \u00e0 la Commission europ\u00e9enne.<\/p>\n<p>Depuis les ann\u00e9es 1990 Monsanto est devenu sp\u00e9cialiste des Organismes g\u00e9n\u00e9tiquement modifi\u00e9s (OGM), principalement des vari\u00e9t\u00e9s v\u00e9g\u00e9tales, et fabrique \u00e9galement des herbicides.<\/p>\n<p><strong>Il d\u00e9tient 30% du march\u00e9 mondial des OGM gr\u00e2ce \u00e0 son omnipr\u00e9sence aux Etats-Unis, o\u00f9 80% de ses ma\u00efs transg\u00e9niques et 90% de ses sojas OGM sont utilis\u00e9s par les agriculteurs.<\/strong><\/span><\/p>\n<h6><span style=\"color: #000000;\">Source : LUXEMBOURG,\u00a015 d\u00e9c 2016 (AFP)<\/span><\/h6>\n<h6><span style=\"color: #000000;\">Cr\u00e9dit photo :\u00a0Par Staff Beebees (Travail personnel) [CC0], via Wikimedia Commons<\/span><\/h6>\n<p>&nbsp;<\/p>\n<p>&nbsp;<\/p>\n<p>&nbsp;<\/p>\n<p>&nbsp;<\/p>\n","protected":false},"excerpt":{"rendered":"<p>Le tribunal de l&rsquo;UE a confirm\u00e9 jeudi l&rsquo;autorisation par la Commission europ\u00e9enne de la mise sur le march\u00e9 europ\u00e9en de produits contenant du soja OGM de l&rsquo;am\u00e9ricain Monsanto. La justice europ\u00e9enne a ainsi rejet\u00e9 le recours de trois organisations non &hellip; <a href=\"https:\/\/claire-jannot.com\/?p=7004\">Continuer la lecture <span class=\"meta-nav\">&rarr;<\/span><\/a><\/p>\n","protected":false},"author":1,"featured_media":0,"comment_status":"open","ping_status":"open","sticky":false,"template":"","format":"standard","meta":{"jetpack_post_was_ever_published":false,"_jetpack_newsletter_access":"","_jetpack_dont_email_post_to_subs":false,"_jetpack_newsletter_tier_id":0,"_jetpack_memberships_contains_paywalled_content":false,"_jetpack_memberships_contains_paid_content":false,"footnotes":"","jetpack_publicize_message":"","jetpack_publicize_feature_enabled":true,"jetpack_social_post_already_shared":true,"jetpack_social_options":{"image_generator_settings":{"template":"highway","default_image_id":0,"font":"","enabled":false},"version":2}},"categories":[1],"tags":[42,58,22,5,9,10],"class_list":["post-7004","post","type-post","status-publish","format-standard","hentry","category-alimentation","tag-agriculture","tag-alimentation-2","tag-biologique","tag-environnement","tag-ogm","tag-sante"],"jetpack_publicize_connections":[],"jetpack_featured_media_url":"","jetpack_sharing_enabled":true,"jetpack_shortlink":"https:\/\/wp.me\/p5jjt5-1OY","_links":{"self":[{"href":"https:\/\/claire-jannot.com\/index.php?rest_route=\/wp\/v2\/posts\/7004","targetHints":{"allow":["GET"]}}],"collection":[{"href":"https:\/\/claire-jannot.com\/index.php?rest_route=\/wp\/v2\/posts"}],"about":[{"href":"https:\/\/claire-jannot.com\/index.php?rest_route=\/wp\/v2\/types\/post"}],"author":[{"embeddable":true,"href":"https:\/\/claire-jannot.com\/index.php?rest_route=\/wp\/v2\/users\/1"}],"replies":[{"embeddable":true,"href":"https:\/\/claire-jannot.com\/index.php?rest_route=%2Fwp%2Fv2%2Fcomments&post=7004"}],"version-history":[{"count":1,"href":"https:\/\/claire-jannot.com\/index.php?rest_route=\/wp\/v2\/posts\/7004\/revisions"}],"predecessor-version":[{"id":7006,"href":"https:\/\/claire-jannot.com\/index.php?rest_route=\/wp\/v2\/posts\/7004\/revisions\/7006"}],"wp:attachment":[{"href":"https:\/\/claire-jannot.com\/index.php?rest_route=%2Fwp%2Fv2%2Fmedia&parent=7004"}],"wp:term":[{"taxonomy":"category","embeddable":true,"href":"https:\/\/claire-jannot.com\/index.php?rest_route=%2Fwp%2Fv2%2Fcategories&post=7004"},{"taxonomy":"post_tag","embeddable":true,"href":"https:\/\/claire-jannot.com\/index.php?rest_route=%2Fwp%2Fv2%2Ftags&post=7004"}],"curies":[{"name":"wp","href":"https:\/\/api.w.org\/{rel}","templated":true}]}}