{"id":7017,"date":"2016-12-19T18:34:52","date_gmt":"2016-12-19T17:34:52","guid":{"rendered":"http:\/\/www.grandesterresbio.com\/?p=7017"},"modified":"2016-12-19T18:34:52","modified_gmt":"2016-12-19T17:34:52","slug":"2020-les-cotons-tiges-en-plastique-vont-disparaitre","status":"publish","type":"post","link":"https:\/\/claire-jannot.com\/?p=7017","title":{"rendered":"2020 : les cotons-tiges en plastique vont disparaitre"},"content":{"rendered":"<h2>Dans trois ans, les cotons-tiges en plastique seront interdits en France. La raison<small class=\"fine\">\u00a0<\/small>? Cet objet entr\u00e9 dans le quotidien repr\u00e9sente des milliers de tonnes de d\u00e9chets chaque ann\u00e9e, qui finissent dans les d\u00e9charges et les oc\u00e9ans. Pas de panique<small class=\"fine\">\u00a0<\/small>! On peut prendre soin autrement des oreilles.<\/h2>\n<div class=\"texte\">\n<p><span style=\"color: #000000;\"><a href=\"https:\/\/i0.wp.com\/www.grandesterresbio.com\/wp-content\/uploads\/2016\/12\/coton-tige.jpg\" rel=\"attachment wp-att-7018\"><img data-recalc-dims=\"1\" loading=\"lazy\" decoding=\"async\" class=\"alignleft wp-image-7018\" src=\"https:\/\/i0.wp.com\/www.grandesterresbio.com\/wp-content\/uploads\/2016\/12\/coton-tige.jpg?resize=371%2C246\" alt=\"coton-tige\" width=\"371\" height=\"246\" srcset=\"https:\/\/i0.wp.com\/claire-jannot.com\/wp-content\/uploads\/2016\/12\/coton-tige.jpg?w=849&amp;ssl=1 849w, https:\/\/i0.wp.com\/claire-jannot.com\/wp-content\/uploads\/2016\/12\/coton-tige.jpg?resize=300%2C199&amp;ssl=1 300w, https:\/\/i0.wp.com\/claire-jannot.com\/wp-content\/uploads\/2016\/12\/coton-tige.jpg?resize=768%2C509&amp;ssl=1 768w\" sizes=\"auto, (max-width: 371px) 100vw, 371px\" \/><\/a>\u00ab<small class=\"fine\">\u00a0<\/small>Les cotons-tiges, c\u2019est mon petit plaisir apr\u00e8s la douche. Je me lave les oreilles tous les trois jours environ, mais peu importe si je trouve quelque chose ou pas&#8230; en fait, j\u2019aime surtout la sensation que \u00e7a me procure, des petits fourmillements dans les oreilles&#8230; c\u2019est tellement agr\u00e9able<small class=\"fine\">\u00a0<\/small>!<small class=\"fine\">\u00a0<\/small>\u00bb Comme Antoine, <strong>les Fran\u00e7ais pl\u00e9biscitent les b\u00e2tonnets ouat\u00e9s, commun\u00e9ment appel\u00e9s cotons-tiges.<\/strong><\/span><\/p>\n<p><span style=\"color: #000000;\">Pour cet article, j\u2019ai r\u00e9alis\u00e9 un rapide sondage aupr\u00e8s de mon entourage. Les r\u00e9sultats, non repr\u00e9sentatifs, rendent compte d\u2019une passion tr\u00e8s r\u00e9pandue pour le cure-oreille. \u00ab<small class=\"fine\">\u00a0<\/small>Un jour, j\u2019ai crois\u00e9 un charmant jeune homme, qui avait \u2014 horreur \u2014 l\u2019int\u00e9rieur des oreilles vertes<small class=\"fine\">\u00a0<\/small>! raconte Suzie. Depuis, une des premi\u00e8res choses que je regarde chez l\u2019autre, c\u2019est l\u2019\u00e9tat de ses oreilles. Pour moi, c\u2019est une marque comme une autre de soin du corps, et d\u2019\u00e9coute de celui-ci.<small class=\"fine\">\u00a0<\/small>\u00bb <strong>Geste d\u2019hygi\u00e8ne, mais aussi de plaisir.<\/strong> Comme d\u2019autres orifices corporels, l\u2019oreille concentre un grand nombre de terminaisons nerveuses\u00a0: elle est donc particuli\u00e8rement sensible et r\u00e9agit aux gratouillis. Ainsi, Suzie avoue trouver une \u00ab<small class=\"fine\">\u00a0<\/small>forme de jouissance<small class=\"fine\">\u00a0<\/small>\u00bb dans le curetage auriculaire.<\/span><\/p>\n<p><span style=\"color: #000000;\">\u00ab<small class=\"fine\">\u00a0<\/small>C\u2019est un objet du quotidien, de l\u2019intime, tr\u00e8s utilis\u00e9<small class=\"fine\">\u00a0<\/small>\u00bb, confirme le <strong>D<sup class=\"typo_exposants\">r<\/sup> Jean-Michel Klein,<\/strong> m\u00e9decin <span class=\"caps\">ORL<\/span> (oto-rhino-laryngologiste, sp\u00e9cialiste du nez, des oreilles et de la voix). Si le cure-oreille existe depuis l\u2019Antiquit\u00e9 &#8211; on le nommait <strong>\u00ab<small class=\"fine\">\u00a0<\/small>escurette<small class=\"fine\">\u00a0<\/small>\u00bb au Moyen-\u00c2ge<\/strong> &#8211; la version moderne remonte aux ann\u00e9es\u00a01920. La l\u00e9gende veut qu\u2019un certain <strong>Leo Gerstenzang,<\/strong> Polonais \u00e9migr\u00e9 aux \u00c9tats-Unis, ait invent\u00e9 le c\u00e9l\u00e8bre b\u00e2tonnet en voyant sa femme coller du coton sur un cure-dent pour nettoyer les oreilles de leur b\u00e9b\u00e9. Sa compagnie, la <strong>Q-Tip<\/strong>, rencontre peu \u00e0 peu un succ\u00e8s mondial. Dans les ann\u00e9es\u00a01970, l\u2019industrie p\u00e9trochimique, \u00e0 la recherche de nouveaux d\u00e9bouch\u00e9s, s\u2019empare de l\u2019objet et enrobe sa tige initialement en papier ou en bois de plastique. \u00ab<small class=\"fine\">\u00a0<\/small>\u00c0 l\u2019origine, il n\u2019\u00e9tait vendu qu\u2019en pharmacie, pour un usage m\u00e9dical, rappelle le D<sup class=\"typo_exposants\">r<\/sup> Klein. Mais depuis qu\u2019il se trouve dans toutes les grandes surfaces, sa consommation s\u2019est consid\u00e9rablement d\u00e9velopp\u00e9e.<small class=\"fine\">\u00a0<\/small>\u00bb\u00a0Chaque ann\u00e9e,<strong> le groupe fran\u00e7ais Lemoine, leader dans le domaine, vend ainsi pr\u00e8s de 30\u00a0milliards de cotons-tiges \u00e0 travers le monde.<\/strong> Soit l\u2019\u00e9quivalent de 950\u00a0cotons-tiges chaque seconde. Soit 3.500 \u00e0 5.000\u00a0tonnes de plastique.<\/span><\/p>\n<h3 class=\"spip\"><span style=\"color: #000000;\">\u00ab<small class=\"fine\">\u00a0<\/small>C\u2019est un petit pas qui peut avoir de grands effets<small class=\"fine\">\u00a0<\/small>\u00bb :\u00a0<\/span><span style=\"color: #000000;\">Pourtant, ces petits b\u00e2tonnets vont dispara\u00eetre de nos rayons. Un alin\u00e9a de l\u2019article\u00a0124 de la loi Biodiversit\u00e9, adopt\u00e9e en juillet dernier, stipule ainsi que, <strong>\u00ab<small class=\"fine\">\u00a0<\/small>\u00e0 compter du 1<sup class=\"typo_exposants\">er<\/sup>\u00a0janvier\u00a02020, la mise \u00e0 disposition \u00e0 titre on\u00e9reux ou gratuit des b\u00e2tonnets ouat\u00e9s dont la tige n\u2019est pas compos\u00e9e de papier biod\u00e9gradable et compostable en compostage domestique est interdite<small class=\"fine\">\u00a0<\/small>\u00bb<\/strong>. Autrement dit, dans trois ans, finis les b\u00e2tonnets en plastique<small class=\"fine\">\u00a0<\/small>!<\/span><\/h3>\n<p><span style=\"color: #000000;\">\u00ab<small class=\"fine\">\u00a0<\/small>C\u2019est un petit pas qui peut avoir de grands effets<small class=\"fine\">\u00a0<\/small>\u00bb, estime la s\u00e9natrice communiste \u00c9velyne Didier, \u00e0 l\u2019origine du texte. Un petit pas aux allures de parcours du combattant, qui commence dans le village de Conflans-en-Jarnisy, en Meurthe-et-Moselle. M<sup class=\"typo_exposants\">me<\/sup>\u00a0Didier est alors \u00e9lue municipale, charg\u00e9e des d\u00e9chets. Un jour qu\u2019elle visite un centre de tri et de compostage, elle se rend compte que les mati\u00e8res organiques sont parsem\u00e9es de petites boules blanches\u00a0: des restes de cotons-tiges. <strong>\u00ab<small class=\"fine\">\u00a0<\/small>Ces objets sont trop petits, ils passent \u00e0 travers les grilles de filtrage et ne se d\u00e9gradent pas.<small class=\"fine\">\u00a0<\/small>\u00bb<\/strong><\/span><\/p>\n<p><span style=\"color: #000000;\">Dans les centres de tri comme dans les stations d\u2019\u00e9puration, les particules de plastique des b\u00e2tonnets ouat\u00e9s se faufilent entre les mailles des filets, et se retrouvent ainsi dans notre environnement. Nos rivi\u00e8res et nos mers regorgent de ces r\u00e9sidus, extr\u00eamement <strong>nocifs pour les animaux aquatiques et les oiseaux.<\/strong><\/span><\/p>\n<p><span style=\"color: #000000;\">\u00ab<small class=\"fine\">\u00a0<\/small>Les d\u00e9chets plastiques sont un fl\u00e9au, confirme Diane Beaumenay, charg\u00e9e de campagne \u00e0 Surfrider. Ils perforent les organes internes et empoisonnent les animaux.<small class=\"fine\">\u00a0<\/small>\u00bb Chaque ann\u00e9e, l\u2019<span class=\"caps\">ONG<\/span> organise des collectes de d\u00e9tritus sur le littoral europ\u00e9en. <strong>\u00ab<small class=\"fine\">\u00a0<\/small>Les cotons-tiges entrent dans le top\u00a010 des d\u00e9chets les plus pr\u00e9sents sur nos plages<small class=\"fine\">\u00a0<\/small>\u00bb<\/strong>, constate-t-elle. <strong>En 2015, 16.226\u00a0b\u00e2tonnets ont \u00e9t\u00e9 r\u00e9colt\u00e9s, soit l\u2019\u00e9quivalent, mis bout \u00e0 bout, de trois fois et demie la tour Eiffel.<\/strong><\/span><\/p>\n<h3 class=\"spip\"><span style=\"color: #000000;\"><strong>\u00ab<small class=\"fine\">\u00a0<\/small>Le c\u00e9rumen prot\u00e8ge et nettoie<small class=\"fine\">\u00a0<\/small>\u00bb<\/strong> :\u00a0<\/span><span style=\"color: #000000;\">Ainsi, d\u00e8s 2020, seuls les b\u00e2tonnets biod\u00e9gradables seront autoris\u00e9s \u00e0 la vente. Une mesure qui rencontre aujourd\u2019hui un relatif consensus. M\u00eame Philippe Lemoine, pr\u00e9sident du groupe du m\u00eame nom, leader europ\u00e9en du coton-tige, se dit \u00ab<small class=\"fine\">\u00a0<\/small>favorable \u00e0 la loi<small class=\"fine\">\u00a0<\/small>\u00bb, qui va \u00ab<small class=\"fine\">\u00a0<\/small>dans le sens de l\u2019histoire<small class=\"fine\">\u00a0<\/small>\u00bb. L\u2019entreprise cherche \u00e0 pr\u00e9sent \u00e0 passer aux tiges en papier. \u00ab<small class=\"fine\">\u00a0<\/small>Pour le moment, ce type de tiges n\u2019est fabriqu\u00e9 qu\u2019en Allemagne&#8230; ou alors par des Chinois, explique le pr\u00e9sident. Nous voulons fabriquer ces produits en France, pour rester comp\u00e9titifs.<small class=\"fine\">\u00a0<\/small>\u00bb Une de ses \u00e9quipes travaille donc \u00e0 la conception de machines \u00e0 fabriquer du coton-tige biod\u00e9gradable. Alors, m\u00eame si cette \u00ab<small class=\"fine\">\u00a0<\/small>plaisanterie<small class=\"fine\">\u00a0<\/small>\u00bb \u2014 \u00e0 savoir la transition du plastique vers le papier \u2014 va lui co\u00fbter 5\u00a0millions d\u2019euros, Philippe Lemoine se dit tr\u00e8s optimiste\u00a0: \u00ab<small class=\"fine\">\u00a0<\/small>La fin des cotons-tiges de plastique, c\u2019est \u00e9crit, tout le monde va y renoncer peu \u00e0 peu. Nous nous serons adapt\u00e9s avant les autres\u2026 Cette loi, finalement, est une opportunit\u00e9 \u00e9conomique fabuleuse<small class=\"fine\">\u00a0<\/small>!<small class=\"fine\">\u00a0<\/small>\u00bb<\/span><\/h3>\n<p><span style=\"color: #000000;\">Donc pas de panique<small class=\"fine\">\u00a0<\/small>! Les amoureux du b\u00e2tonnet pourront continuer \u00e0 se titiller les oreilles, en mode \u00e9colo. Mais si cette interdiction partielle \u00e9tait l\u2019occasion de remplacer compl\u00e8tement le coton-tige<small class=\"fine\">\u00a0<\/small>? Comme nous l\u2019explique le D<sup class=\"typo_exposants\">r<\/sup> Klein, <strong>cet objet tr\u00e8s commun n\u2019est pas du tout adapt\u00e9. Pire, il serait m\u00eame dangereux pour nos appareils auditifs.<\/strong> \u00ab<small class=\"fine\">\u00a0<\/small>Ces b\u00e2tonnets sont fins, leur calibre est trop petit. Ils poussent le c\u00e9rumen vers le fond, risquant d\u2019obstruer le conduit. La moiti\u00e9 des bouchons que nous voyons en consultation proviennent d\u2019un mauvais usage des cotons-tiges.<small class=\"fine\">\u00a0<\/small>\u00bb Et l\u2019<span class=\"caps\">ORL<\/span> de rappeler que <strong>si notre petit doigt se nomme auriculaire, du latin \u00ab<small class=\"fine\">\u00a0<\/small>auricula<small class=\"fine\">\u00a0<\/small>\u00bb (lobe de l\u2019oreille), c\u2019est parce qu\u2019il a la taille adapt\u00e9e \u00e0 notre conduit auditif<small class=\"fine\">\u00a0<\/small>!<\/strong><\/span><\/p>\n<p><span style=\"color: #000000;\">Un geste potentiellement risqu\u00e9 donc, et inutile de surcro\u00eet<small class=\"fine\">\u00a0<\/small>! \u00ab<small class=\"fine\">\u00a0<\/small>Dans notre oreille, il fait 37\u00b0C, et c\u2019est humide\u00a0: le milieu parfait pour les bact\u00e9ries. <strong>Le c\u00e9rumen prot\u00e8ge et nettoie, il joue un peu le r\u00f4le des granul\u00e9s absorbeurs d\u2019humidit\u00e9<\/strong> qu\u2019on met dans son placard<small class=\"fine\">\u00a0<\/small>\u00bb, d\u00e9taille le D<sup class=\"typo_exposants\">r<\/sup> Klein. Le c\u00e9rumen n\u2019a donc rien \u00e0 voir avec des excr\u00e9ments auriculaires\u00a0: il est indispensable \u00e0 notre sant\u00e9<small class=\"fine\">\u00a0<\/small>! D\u2019ailleurs, \u00e0 trop se laver les oreilles, il arrive que l\u2019on \u00e9puise notre stock de cire, entra\u00eenant ainsi otites, infections et ecz\u00e9ma \u00e0 r\u00e9p\u00e9tition.<\/span><\/p>\n<p><span style=\"color: #000000;\">Que faire alors de cette pellicule jaun\u00e2tre qui orne disgracieusement l\u2019ext\u00e9rieur de notre pavillon<small class=\"fine\">\u00a0<\/small>? Ceci, on peut le retirer, mais pas trop souvent, une fois tous les dix jours suffit, et pas avec un coton-tige<small class=\"fine\">\u00a0<\/small>!<small class=\"fine\">\u00a0<\/small>\u00bb<\/span><\/p>\n<p><span style=\"color: #000000;\">Il existe en effet des solutions de rechange aux b\u00e2tonnets ouat\u00e9s. Vous trouverez en pharmacie des <strong>cure-oreilles en m\u00e9tal ou en bois.<\/strong> Une tige fine qui fait office de manche avec, \u00e0 son extr\u00e9mit\u00e9, un grattoir en forme de petite cuill\u00e8re\u00a0: voil\u00e0 la solution pour se cureter sans danger<small class=\"fine\">\u00a0<\/small>! Le site Cure-oreille d\u00e9taille d\u2019ailleurs la m\u00e9thode \u00e0 adopter pour un nettoyage adapt\u00e9.<\/span><\/p>\n<h6><span style=\"color: #000000;\">Source : Reporterre &#8211;\u00a019 d\u00e9cembre 2016\u00a0\/ Lor\u00e8ne Lavocat\u00a0<\/span><\/h6>\n<h6><span style=\"color: #000000;\">Cr\u00e9dit photo :\u00a0http:\/\/oyabe.biz\/SANT<\/span><\/h6>\n<\/div>\n<p>&nbsp;<\/p>\n<p>&nbsp;<\/p>\n<p>&nbsp;<\/p>\n","protected":false},"excerpt":{"rendered":"<p>Dans trois ans, les cotons-tiges en plastique seront interdits en France. La raison\u00a0? Cet objet entr\u00e9 dans le quotidien repr\u00e9sente des milliers de tonnes de d\u00e9chets chaque ann\u00e9e, qui finissent dans les d\u00e9charges et les oc\u00e9ans. Pas de panique\u00a0! On &hellip; <a href=\"https:\/\/claire-jannot.com\/?p=7017\">Continuer la lecture <span class=\"meta-nav\">&rarr;<\/span><\/a><\/p>\n","protected":false},"author":1,"featured_media":0,"comment_status":"open","ping_status":"open","sticky":false,"template":"","format":"standard","meta":{"jetpack_post_was_ever_published":false,"_jetpack_newsletter_access":"","_jetpack_dont_email_post_to_subs":false,"_jetpack_newsletter_tier_id":0,"_jetpack_memberships_contains_paywalled_content":false,"_jetpack_memberships_contains_paid_content":false,"footnotes":"","jetpack_publicize_message":"","jetpack_publicize_feature_enabled":true,"jetpack_social_post_already_shared":true,"jetpack_social_options":{"image_generator_settings":{"template":"highway","default_image_id":0,"font":"","enabled":false},"version":2}},"categories":[47],"tags":[5,52,36,10,11],"class_list":["post-7017","post","type-post","status-publish","format-standard","hentry","category-societe","tag-environnement","tag-oceans","tag-pollution","tag-sante","tag-societe-2"],"jetpack_publicize_connections":[],"jetpack_featured_media_url":"","jetpack_sharing_enabled":true,"jetpack_shortlink":"https:\/\/wp.me\/p5jjt5-1Pb","_links":{"self":[{"href":"https:\/\/claire-jannot.com\/index.php?rest_route=\/wp\/v2\/posts\/7017","targetHints":{"allow":["GET"]}}],"collection":[{"href":"https:\/\/claire-jannot.com\/index.php?rest_route=\/wp\/v2\/posts"}],"about":[{"href":"https:\/\/claire-jannot.com\/index.php?rest_route=\/wp\/v2\/types\/post"}],"author":[{"embeddable":true,"href":"https:\/\/claire-jannot.com\/index.php?rest_route=\/wp\/v2\/users\/1"}],"replies":[{"embeddable":true,"href":"https:\/\/claire-jannot.com\/index.php?rest_route=%2Fwp%2Fv2%2Fcomments&post=7017"}],"version-history":[{"count":2,"href":"https:\/\/claire-jannot.com\/index.php?rest_route=\/wp\/v2\/posts\/7017\/revisions"}],"predecessor-version":[{"id":7020,"href":"https:\/\/claire-jannot.com\/index.php?rest_route=\/wp\/v2\/posts\/7017\/revisions\/7020"}],"wp:attachment":[{"href":"https:\/\/claire-jannot.com\/index.php?rest_route=%2Fwp%2Fv2%2Fmedia&parent=7017"}],"wp:term":[{"taxonomy":"category","embeddable":true,"href":"https:\/\/claire-jannot.com\/index.php?rest_route=%2Fwp%2Fv2%2Fcategories&post=7017"},{"taxonomy":"post_tag","embeddable":true,"href":"https:\/\/claire-jannot.com\/index.php?rest_route=%2Fwp%2Fv2%2Ftags&post=7017"}],"curies":[{"name":"wp","href":"https:\/\/api.w.org\/{rel}","templated":true}]}}