{"id":7050,"date":"2017-02-11T14:00:22","date_gmt":"2017-02-11T13:00:22","guid":{"rendered":"http:\/\/www.grandesterresbio.com\/?p=7050"},"modified":"2017-02-10T18:15:16","modified_gmt":"2017-02-10T17:15:16","slug":"les-ong-et-linitiative-citoyenne-contre-le-round-up","status":"publish","type":"post","link":"https:\/\/claire-jannot.com\/?p=7050","title":{"rendered":"Les ONG et l&rsquo;initiative citoyenne contre le Round-Up"},"content":{"rendered":"<h2 class=\"tt2\"><span style=\"color: #000000;\">Une d\u00e9cision europ\u00e9enne devrait intervenir cet \u00e9t\u00e9 pour d\u00e9terminer si le pesticide est \u00ab\u00a0canc\u00e9rog\u00e8ne probable\u00a0\u00bb ou pas.<\/span><\/h2>\n<p><span style=\"color: #000000;\"><a style=\"color: #000000;\" href=\"https:\/\/i0.wp.com\/www.grandesterresbio.com\/wp-content\/uploads\/2017\/02\/4808411_6_bdf1_des-atomiseurs-de-roundup-monsanto-vendus_d82ffc3544726d32fa59b0d9ccc4a0e2.jpg\" rel=\"attachment wp-att-7051\"><img data-recalc-dims=\"1\" loading=\"lazy\" decoding=\"async\" class=\"alignleft wp-image-7051\" src=\"https:\/\/i0.wp.com\/www.grandesterresbio.com\/wp-content\/uploads\/2017\/02\/4808411_6_bdf1_des-atomiseurs-de-roundup-monsanto-vendus_d82ffc3544726d32fa59b0d9ccc4a0e2.jpg?resize=404%2C269\" alt=\"\" width=\"404\" height=\"269\" srcset=\"https:\/\/i0.wp.com\/claire-jannot.com\/wp-content\/uploads\/2017\/02\/4808411_6_bdf1_des-atomiseurs-de-roundup-monsanto-vendus_d82ffc3544726d32fa59b0d9ccc4a0e2.jpg?w=534&amp;ssl=1 534w, https:\/\/i0.wp.com\/claire-jannot.com\/wp-content\/uploads\/2017\/02\/4808411_6_bdf1_des-atomiseurs-de-roundup-monsanto-vendus_d82ffc3544726d32fa59b0d9ccc4a0e2.jpg?resize=300%2C200&amp;ssl=1 300w\" sizes=\"auto, (max-width: 404px) 100vw, 404px\" \/><\/a><strong>La saga mouvement\u00e9e de la r\u00e9-homologation du glyphosate dans l\u2019Union europ\u00e9enne<\/strong> (UE) devrait conna\u00eetre son d\u00e9nouement dans les prochains mois, apr\u00e8s deux ann\u00e9es et demie de vives controverses. <strong>Mais la soci\u00e9t\u00e9 civile maintient la pression sur Bruxelles.<\/strong> Une quarantaine d\u2019organisations de d\u00e9fense de la sant\u00e9 ou de l\u2019environnement <strong>(Greenpeace, Les Amis de la Terre, Health and Environment Alliance, etc.)<\/strong>, issues de quatorze Etats membres, ont lanc\u00e9, mercredi 8\u00a0f\u00e9vrier, une initiative citoyenne europ\u00e9enne <strong>(ICE)<\/strong>, afin d\u2019<strong>obtenir l\u2019interdiction de l\u2019herbicide \u2013\u00a0principe actif du Roundup de Monsanto<\/strong>\u00a0\u2013 et une r\u00e9orientation de la politique communautaire en mati\u00e8re d\u2019agriculture et de produits phytosanitaires (insecticides, fongicides, herbicides).<\/span><\/p>\n<p><span style=\"color: #000000;\">Pr\u00e9vue par le trait\u00e9 de Lisbonne, l\u2019ICE permet d\u2019\u00ab\u00a0inviter la Commission europ\u00e9enne\u00a0\u00bb, de mani\u00e8re formelle, \u00e0 prendre des dispositions l\u00e9gislatives. Pour \u00eatre consid\u00e9r\u00e9e comme valide, elle doit rassembler <strong>un million de signatures en moins d\u2019un an.<\/strong><\/span><\/p>\n<p><span style=\"color: #000000;\">Embl\u00e9matique, le <strong>glyphosate est le pesticide de synth\u00e8se le plus utilis\u00e9 en Europe et dans le monde, et le plus fr\u00e9quemment retrouv\u00e9 dans la nature.<\/strong> De toutes les substances utilis\u00e9es en agriculture, il n\u2019est toutefois ni le plus n\u00e9faste pour l\u2019environnement ni le plus dangereux pour la sant\u00e9 humaine.\u00a0<\/span><strong>Mais son classement par le Centre international de recherche sur le cancer (CIRC) comme \u00ab\u00a0canc\u00e9rog\u00e8ne probable pour l\u2019homme\u00a0\u00bb, en mars\u00a02015, en a fait un abc\u00e8s de fixation.<\/strong> D\u2019autant plus que le processus de r\u00e9-homologation du produit \u00e9tait alors en cours au niveau europ\u00e9en, concluant, \u00e0 l\u2019inverse du CIRC, au caract\u00e8re probablement non canc\u00e9rog\u00e8ne de la substance et proposant donc sa remise en selle en Europe\u2026<\/p>\n<p><span style=\"color: #000000;\">\u00ab\u00a0Le glyphosate a nourri la controverse parce que sa s\u00fbret\u00e9 a \u00e9t\u00e9 \u00e9valu\u00e9e par les instances europ\u00e9ennes \u00e0 partir d\u2019\u00e9tudes industrielles secr\u00e8tes, explique Martin Pigeon, chercheur \u00e0\u00a0l\u2019ONG Corporate Europe Observatory, participant \u00e0 l\u2019initiative citoyenne. <strong>Cette opacit\u00e9 favorise l\u2019industrie et emp\u00eache de contr\u00f4ler scientifiquement les d\u00e9cisions europ\u00e9ennes en mati\u00e8re de s\u00fbret\u00e9 de l\u2019alimentation.<\/strong> Les pesticides ne devraient \u00eatre \u00e9valu\u00e9s que sur des \u00e9l\u00e9ments de preuve scientifiques publi\u00e9s.\u00a0\u00bb<\/span><\/p>\n<p><span style=\"color: #000000;\">Aux c\u00f4t\u00e9s de la demande d\u2019interdiction du glyphosate sur le Vieux Continent, c\u2019est l\u2019une des trois principales requ\u00eates port\u00e9es par l\u2019initiative.<\/span><\/p>\n<p>A suivre &#8230;<\/p>\n<p>&nbsp;<\/p>\n<h6>\n<span style=\"color: #000000;\">Source :\u00a0<span id=\"publisher\" data-source=\"LE MONDE\">LE MONDE<\/span> | <time datetime=\"2017-02-09T06:39:07+01:00\">09.02.2017 \u00e0 06h39<\/time> \u2022 Mis \u00e0 jour le <time datetime=\"2017-02-09T10:00:01+01:00\">09.02.2017 \u00e0 10h00<\/time> | <span class=\"signature_article\">Par <span class=\"auteur txt2_120\"><a class=\"auteur\" style=\"color: #000000;\" href=\"http:\/\/www.lemonde.fr\/journaliste\/stephane-foucart\/\" target=\"_blank\">St\u00e9phane Foucart<\/a><\/span><\/span><\/span><\/h6>\n<h6><span style=\"color: #000000;\">Cr\u00e9dit photo : Claire Jannot pour #grandesterresbio<\/span><\/h6>\n","protected":false},"excerpt":{"rendered":"<p>Une d\u00e9cision europ\u00e9enne devrait intervenir cet \u00e9t\u00e9 pour d\u00e9terminer si le pesticide est \u00ab\u00a0canc\u00e9rog\u00e8ne probable\u00a0\u00bb ou pas. La saga mouvement\u00e9e de la r\u00e9-homologation du glyphosate dans l\u2019Union europ\u00e9enne (UE) devrait conna\u00eetre son d\u00e9nouement dans les prochains mois, apr\u00e8s deux ann\u00e9es &hellip; <a href=\"https:\/\/claire-jannot.com\/?p=7050\">Continuer la lecture <span class=\"meta-nav\">&rarr;<\/span><\/a><\/p>\n","protected":false},"author":1,"featured_media":0,"comment_status":"open","ping_status":"open","sticky":false,"template":"","format":"standard","meta":{"jetpack_post_was_ever_published":false,"_jetpack_newsletter_access":"","_jetpack_dont_email_post_to_subs":false,"_jetpack_newsletter_tier_id":0,"_jetpack_memberships_contains_paywalled_content":false,"_jetpack_memberships_contains_paid_content":false,"footnotes":"","jetpack_publicize_message":"","jetpack_publicize_feature_enabled":true,"jetpack_social_post_already_shared":true,"jetpack_social_options":{"image_generator_settings":{"template":"highway","default_image_id":0,"font":"","enabled":false},"version":2}},"categories":[1,2],"tags":[42,3,4,5,36],"class_list":["post-7050","post","type-post","status-publish","format-standard","hentry","category-alimentation","category-ecologie","tag-agriculture","tag-consommation","tag-ecologie2","tag-environnement","tag-pollution"],"jetpack_publicize_connections":[],"jetpack_featured_media_url":"","jetpack_sharing_enabled":true,"jetpack_shortlink":"https:\/\/wp.me\/p5jjt5-1PI","_links":{"self":[{"href":"https:\/\/claire-jannot.com\/index.php?rest_route=\/wp\/v2\/posts\/7050","targetHints":{"allow":["GET"]}}],"collection":[{"href":"https:\/\/claire-jannot.com\/index.php?rest_route=\/wp\/v2\/posts"}],"about":[{"href":"https:\/\/claire-jannot.com\/index.php?rest_route=\/wp\/v2\/types\/post"}],"author":[{"embeddable":true,"href":"https:\/\/claire-jannot.com\/index.php?rest_route=\/wp\/v2\/users\/1"}],"replies":[{"embeddable":true,"href":"https:\/\/claire-jannot.com\/index.php?rest_route=%2Fwp%2Fv2%2Fcomments&post=7050"}],"version-history":[{"count":2,"href":"https:\/\/claire-jannot.com\/index.php?rest_route=\/wp\/v2\/posts\/7050\/revisions"}],"predecessor-version":[{"id":7053,"href":"https:\/\/claire-jannot.com\/index.php?rest_route=\/wp\/v2\/posts\/7050\/revisions\/7053"}],"wp:attachment":[{"href":"https:\/\/claire-jannot.com\/index.php?rest_route=%2Fwp%2Fv2%2Fmedia&parent=7050"}],"wp:term":[{"taxonomy":"category","embeddable":true,"href":"https:\/\/claire-jannot.com\/index.php?rest_route=%2Fwp%2Fv2%2Fcategories&post=7050"},{"taxonomy":"post_tag","embeddable":true,"href":"https:\/\/claire-jannot.com\/index.php?rest_route=%2Fwp%2Fv2%2Ftags&post=7050"}],"curies":[{"name":"wp","href":"https:\/\/api.w.org\/{rel}","templated":true}]}}