{"id":7084,"date":"2017-04-07T11:39:19","date_gmt":"2017-04-07T10:39:19","guid":{"rendered":"http:\/\/www.grandesterresbio.com\/?p=7084"},"modified":"2017-04-07T11:39:19","modified_gmt":"2017-04-07T10:39:19","slug":"les-beaux-jours-reviennent-et-si-on-se-faisait-belles-chez-grandesterresbio","status":"publish","type":"post","link":"https:\/\/claire-jannot.com\/?p=7084","title":{"rendered":"Les beaux jours reviennent&#8230;et si on se faisait belles chez #grandesterresbio ?"},"content":{"rendered":"<h2><span style=\"color: #000000;\">Pour f\u00eater le printemps en couleurs et en douceurs avec le maquillage Lavera, beau et bon pour la sant\u00e9 et certifi\u00e9 \u00ab\u00a0Natrue\u00a0\u00bb<\/span><\/h2>\n<div id=\"attachment_7085\" style=\"width: 429px\" class=\"wp-caption alignleft\"><a style=\"color: #000000;\" href=\"https:\/\/i0.wp.com\/www.grandesterresbio.com\/wp-content\/uploads\/2017\/04\/laveramakeup.gif\"><img data-recalc-dims=\"1\" loading=\"lazy\" decoding=\"async\" aria-describedby=\"caption-attachment-7085\" class=\"wp-image-7085\" src=\"https:\/\/i0.wp.com\/www.grandesterresbio.com\/wp-content\/uploads\/2017\/04\/laveramakeup.gif?resize=419%2C414\" alt=\"\" width=\"419\" height=\"414\" \/><\/a><p id=\"caption-attachment-7085\" class=\"wp-caption-text\">Le pr\u00e9sentoir bien en place n&rsquo;attend que les coquettes\u00a0!<\/p><\/div>\n<p><span style=\"color: #000000;\">L&rsquo;assortiment de maquillage de <strong>LAVERA COLOUR COSMETICS<\/strong> propose un vaste choix de produits pour <strong>le teint, les yeux et les l\u00e8vres.<\/strong> Des textures innovantes et un large choix de couleurs inspir\u00e9s des tendances fashion des m\u00e9tropoles de la mode permettent des looks tr\u00e8s diversifi\u00e9s allant du classique au moderne. <strong>LAVERA utilise exclusivement des ingr\u00e9dients 100% naturels<\/strong> pour une efficacit\u00e9 et une tol\u00e9rance maximales. Les produits de soin utilis\u00e9s en nombre nourrissent la peau en substances actives de grande qualit\u00e9 et garantissent un maquillage sans compromis. Tous les produits de l&rsquo;assortiment sont certifi\u00e9s <strong>NATRUE <\/strong>et<strong> \u00ab Made in Germany \u00bb.<\/strong><\/span><br \/>\n<span style=\"color: #000000;\">A compter d&rsquo;avril 2017, vous trouverez chez <strong>#grandesterresbio<\/strong>, une <strong>gamme avec des fonds de teint l\u00e9gers et doux, des blush roses, quatre ombres \u00e0 paupi\u00e8res (cappucino et smoky), deux mascaras noirs volume intense et des rouges \u00e0 l\u00e8vres mates et glossy. Sans oublier l&rsquo;incontournable correcteur de teint et crayon \u00e0 yeux.<\/strong> Noir comme il se doit !<\/span><\/p>\n<p><strong><span style=\"color: #000000;\">Avons-nous\u00a0r\u00e9ussi \u00e0 piquer votre curiosit\u00e9 ? \u263a\u263a\u263a<\/span><\/strong><\/p>\n","protected":false},"excerpt":{"rendered":"<p>Pour f\u00eater le printemps en couleurs et en douceurs avec le maquillage Lavera, beau et bon pour la sant\u00e9 et certifi\u00e9 \u00ab\u00a0Natrue\u00a0\u00bb L&rsquo;assortiment de maquillage de LAVERA COLOUR COSMETICS propose un vaste choix de produits pour le teint, les yeux &hellip; <a href=\"https:\/\/claire-jannot.com\/?p=7084\">Continuer la lecture <span class=\"meta-nav\">&rarr;<\/span><\/a><\/p>\n","protected":false},"author":1,"featured_media":0,"comment_status":"open","ping_status":"open","sticky":false,"template":"","format":"standard","meta":{"jetpack_post_was_ever_published":false,"_jetpack_newsletter_access":"","_jetpack_dont_email_post_to_subs":false,"_jetpack_newsletter_tier_id":0,"_jetpack_memberships_contains_paywalled_content":false,"_jetpack_memberships_contains_paid_content":false,"footnotes":"","jetpack_publicize_message":"","jetpack_publicize_feature_enabled":true,"jetpack_social_post_already_shared":true,"jetpack_social_options":{"image_generator_settings":{"template":"highway","default_image_id":0,"font":"","enabled":false},"version":2}},"categories":[2],"tags":[3,57,10],"class_list":["post-7084","post","type-post","status-publish","format-standard","hentry","category-ecologie","tag-consommation","tag-cosmetiques","tag-sante"],"jetpack_publicize_connections":[],"jetpack_featured_media_url":"","jetpack_sharing_enabled":true,"jetpack_shortlink":"https:\/\/wp.me\/p5jjt5-1Qg","_links":{"self":[{"href":"https:\/\/claire-jannot.com\/index.php?rest_route=\/wp\/v2\/posts\/7084","targetHints":{"allow":["GET"]}}],"collection":[{"href":"https:\/\/claire-jannot.com\/index.php?rest_route=\/wp\/v2\/posts"}],"about":[{"href":"https:\/\/claire-jannot.com\/index.php?rest_route=\/wp\/v2\/types\/post"}],"author":[{"embeddable":true,"href":"https:\/\/claire-jannot.com\/index.php?rest_route=\/wp\/v2\/users\/1"}],"replies":[{"embeddable":true,"href":"https:\/\/claire-jannot.com\/index.php?rest_route=%2Fwp%2Fv2%2Fcomments&post=7084"}],"version-history":[{"count":4,"href":"https:\/\/claire-jannot.com\/index.php?rest_route=\/wp\/v2\/posts\/7084\/revisions"}],"predecessor-version":[{"id":7089,"href":"https:\/\/claire-jannot.com\/index.php?rest_route=\/wp\/v2\/posts\/7084\/revisions\/7089"}],"wp:attachment":[{"href":"https:\/\/claire-jannot.com\/index.php?rest_route=%2Fwp%2Fv2%2Fmedia&parent=7084"}],"wp:term":[{"taxonomy":"category","embeddable":true,"href":"https:\/\/claire-jannot.com\/index.php?rest_route=%2Fwp%2Fv2%2Fcategories&post=7084"},{"taxonomy":"post_tag","embeddable":true,"href":"https:\/\/claire-jannot.com\/index.php?rest_route=%2Fwp%2Fv2%2Ftags&post=7084"}],"curies":[{"name":"wp","href":"https:\/\/api.w.org\/{rel}","templated":true}]}}