{"id":7094,"date":"2017-04-20T18:24:22","date_gmt":"2017-04-20T17:24:22","guid":{"rendered":"http:\/\/www.grandesterresbio.com\/?p=7094"},"modified":"2017-04-20T18:24:22","modified_gmt":"2017-04-20T17:24:22","slug":"pesticides-lente-prise-conscience-des-mefaits-sur-la-sante","status":"publish","type":"post","link":"https:\/\/claire-jannot.com\/?p=7094","title":{"rendered":"Pesticides : Lente prise conscience des m\u00e9faits sur la sant\u00e9"},"content":{"rendered":"<h2>Dans la campagne bretonne, lente prise de conscience des m\u00e9faits des pesticides sur la sant\u00e9<\/h2>\n<div id=\"attachment_7095\" style=\"width: 386px\" class=\"wp-caption alignleft\"><a href=\"https:\/\/i0.wp.com\/www.grandesterresbio.com\/wp-content\/uploads\/2017\/04\/Hazardous-pesticide.jpg\"><img data-recalc-dims=\"1\" loading=\"lazy\" decoding=\"async\" aria-describedby=\"caption-attachment-7095\" class=\"wp-image-7095\" src=\"https:\/\/i0.wp.com\/www.grandesterresbio.com\/wp-content\/uploads\/2017\/04\/Hazardous-pesticide.jpg?resize=376%2C254\" alt=\"\" width=\"376\" height=\"254\" srcset=\"https:\/\/i0.wp.com\/claire-jannot.com\/wp-content\/uploads\/2017\/04\/Hazardous-pesticide.jpg?w=639&amp;ssl=1 639w, https:\/\/i0.wp.com\/claire-jannot.com\/wp-content\/uploads\/2017\/04\/Hazardous-pesticide.jpg?resize=300%2C202&amp;ssl=1 300w\" sizes=\"auto, (max-width: 376px) 100vw, 376px\" \/><\/a><p id=\"caption-attachment-7095\" class=\"wp-caption-text\">Utilisation de l&rsquo;herbicide Lasso de la firme Monsanto.<\/p><\/div>\n<p>Il y a trois ans, si on l&rsquo;avait mis en garde contre les pesticides, <strong>No\u00ebl Roz\u00e9, \u00e9leveur laitier, aurait \u00ab\u00a0rigol\u00e9\u00a0\u00bb, mais il a pris un virage radical et vient de se convertir au bio: le cancer est pass\u00e9 par l\u00e0.<\/strong> \u00ab\u00a0J&rsquo;\u00e9tais un adepte des phytosanitaires\u00a0\u00bb, reconna\u00eet l&rsquo;\u00e9leveur, install\u00e9 \u00e0 Caro, dans l&rsquo;est du Morbihan. \u00ab\u00a0Mais quand je me suis retrouv\u00e9 \u00e0 l&rsquo;h\u00f4pital, je me suis mis \u00e0 penser \u00e0 tous les agriculteurs que je connaissais et qui sont morts d&rsquo;un cancer, \u00e0 commencer par mon p\u00e8re, mort quand j&rsquo;avais huit ans.\u00a0\u00bb<\/p>\n<p><strong>Une palette de cancers, des cas de Parkinson ou autres maladies neurod\u00e9g\u00e9n\u00e9ratives: agriculteurs, techniciens agricoles ou employ\u00e9s dans les espaces verts<\/strong>, ils sont nombreux \u00e0 avoir d\u00e9velopp\u00e9 ces maladies lourdes, souvent li\u00e9es aux pesticides qu&rsquo;ils manipulaient r\u00e9guli\u00e8rement dans leur travail.<\/p>\n<p>Les effets sur la sant\u00e9 de l&rsquo;exposition aux produits phytosanitaires ont d\u00e9j\u00e0 \u00e9t\u00e9 \u00e9voqu\u00e9s dans le cas des <strong>vignerons<\/strong> qui en sont les principaux utilisateurs en France. Mais en dehors de la vigne, la prise de conscience reste encore tr\u00e8s modeste.<\/p>\n<p>Quand le technicien agricole qui assure le suivi des exploitations passe dans une ferme, <strong>\u00ab\u00a0en cinq minutes, il r\u00e9ussit \u00e0 rassurer l&rsquo;agriculteur sur tous les soup\u00e7ons qu&rsquo;il aurait pu avoir\u00a0\u00bb<\/strong>, d\u00e9plore No\u00ebl Roz\u00e9, grand gaillard \u00e0 l&rsquo;apparence indestructible. \u00ab\u00a0J&rsquo;ai commenc\u00e9 tr\u00e8s t\u00f4t \u00e0 travailler avec ces produits et personne ne parlait de leurs dangers (&#8230;) On bouffait les vapeurs sans se rendre compte, <strong>on travaillait sans protection<\/strong>\u00ab\u00a0, se souvient-il.<\/p>\n<p>Pourtant, le probl\u00e8me est bien pr\u00e9sent. Il y a un an, Michel Besnard a fond\u00e9 avec d&rsquo;autres un <strong>\u00ab\u00a0Collectif de soutien aux victimes des pesticides\u00a0\u00bb<\/strong>. Rapidement, plusieurs dizaines de personnes qui, jusqu&rsquo;alors, vivaient leur maladie en solitaire, ont pris contact avec le collectif.<\/p>\n<p><strong>\u00ab\u00a0Une majorit\u00e9 de paysans, des salari\u00e9s agricoles mais aussi des techniciens travaillant dans les espaces verts.<\/strong> Le dernier (malade) rencontr\u00e9 traitait le varron (un parasite) dans les fermes. Il a d\u00e9velopp\u00e9 un cancer des voies biliaires. C&rsquo;est la col\u00e8re qui nous m\u00e8ne!\u00a0\u00bb, assure l&rsquo;\u00e9nergique b\u00e9n\u00e9vole, \u00e0 la retraite depuis peu.<\/p>\n<p>Francis Sourdril a pass\u00e9 toute sa carri\u00e8re dans les services espaces verts de collectivit\u00e9s territoriales. \u00ab\u00a0J&rsquo;ai commenc\u00e9 en<strong> 1974<\/strong>, \u00e0 une \u00e9poque o\u00f9 on ne supportait pas le moindre brin d&rsquo;herbe qui d\u00e9passe\u00a0\u00bb, se souvient-il. \u00ab\u00a0J&rsquo;\u00e9tais en charge de la roseraie. J&rsquo;y allais \u00e0 fond avec les produits, il fallait cr\u00e9er de l&rsquo;\u00e9motion. On pulv\u00e9risait m\u00eame en l&rsquo;air pour traiter les pergolas et les gouttes retombaient sur nous&#8230;\u00a0\u00bb<\/p>\n<p>Ce n&rsquo;est qu&rsquo;au milieu des ann\u00e9es 90 que les \u00e9quipements de protection sont apparus, accompagn\u00e9s d&rsquo;examens de sant\u00e9 sp\u00e9cifiques chaque ann\u00e9e.<\/p>\n<p>\u00ab\u00a0A partir de 2004, j&rsquo;ai commenc\u00e9 \u00e0 avoir mal partout, une grosse fatigue, je maigrissais. Les m\u00e9decins ne trouvaient rien. On me parlait d&rsquo;arthrose\u00a0\u00bb. Finalement, en 2016, le verdict est tomb\u00e9: \u00e0 62 ans, Parkinson. <strong>\u00ab\u00a0J&rsquo;ai retrouv\u00e9 48 sp\u00e9cialit\u00e9s commerciales que j&rsquo;utilisais, dont 37 sont aujourd&rsquo;hui retir\u00e9es du march\u00e9\u00a0\u00bb<\/strong>, comptabilise le paysagiste. Avec cette maladie, \u00ab\u00a0on est inscrit dans une <strong>d\u00e9ch\u00e9ance programm\u00e9e<\/strong> dont on ne conna\u00eet pas le calendrier\u00a0\u00bb, souligne-t-il, fataliste.<\/p>\n<p>Comme d&rsquo;autres, No\u00ebl Roz\u00e9 et Francis Sourdril ont entam\u00e9 les d\u00e9marches <strong>pour que leur \u00e9tat soit reconnu comme maladie professionnelle.<\/strong> Mais tous se plaignent du parcours du combattant impos\u00e9 par une administration r\u00e9ticente \u00e0 leur reconna\u00eetre ce statut.<\/p>\n<p>L&rsquo;administration \u00ab\u00a0fait de l&rsquo;obstruction permanente (&#8230;) Tout est fait pour que les gens ne soient pas inform\u00e9s de leurs droits\u00a0\u00bb, d\u00e9nonce Michel Besnard dont le Collectif aide ceux qui le souhaitent \u00e0 constituer leur dossier. \u00ab\u00a0D&rsquo;o\u00f9 l&rsquo;importance de l&rsquo;action collective: quand on arrive \u00e0 deux ou trois dans un bureau, la personne est tout de suite mieux prise en compte&#8230;\u00a0\u00bb<\/p>\n<p><strong>\u00ab\u00a0Ceux qui soutiennent les pesticides sont des criminels\u00a0\u00bb<\/strong>, affirme l&rsquo;animateur du collectif, soulignant \u00ab\u00a0les vies d\u00e9truites et les drames cr\u00e9\u00e9s par ces produits dans les familles\u00a0\u00bb.<br \/>\n<strong>\u00ab\u00a0La maladie est partout dans les campagnes, mais, consid\u00e8re-t-il, on n&rsquo;en parle pas \u00e0 cause de la pression sociale.\u00a0\u00bb<\/strong><\/p>\n<h6>Source\u00a0: CARO (France),\u00a010 avr 2017 (AFP)<\/h6>\n<h6>Cr\u00e9dit photo :\u00a0USDA \u2013 http:\/\/www.usda.gov\/oc\/photo\/94cs3568.htm, Domaine public, https:\/\/commons.wikimedia.org\/w\/index.php?curid=1705629 &#8211; This image or file is a work of a United States Department of Agriculture employee, taken or made as part of that person&rsquo;s official duties. As a work of the U.S. federal government, the image is in the public domain.<\/h6>\n<p>&nbsp;<\/p>\n<p>&nbsp;<\/p>\n<p>&nbsp;<\/p>\n<p>&nbsp;<\/p>\n","protected":false},"excerpt":{"rendered":"<p>Dans la campagne bretonne, lente prise de conscience des m\u00e9faits des pesticides sur la sant\u00e9 Il y a trois ans, si on l&rsquo;avait mis en garde contre les pesticides, No\u00ebl Roz\u00e9, \u00e9leveur laitier, aurait \u00ab\u00a0rigol\u00e9\u00a0\u00bb, mais il a pris un &hellip; <a href=\"https:\/\/claire-jannot.com\/?p=7094\">Continuer la lecture <span class=\"meta-nav\">&rarr;<\/span><\/a><\/p>\n","protected":false},"author":1,"featured_media":0,"comment_status":"open","ping_status":"open","sticky":false,"template":"","format":"standard","meta":{"jetpack_post_was_ever_published":false,"_jetpack_newsletter_access":"","_jetpack_dont_email_post_to_subs":false,"_jetpack_newsletter_tier_id":0,"_jetpack_memberships_contains_paywalled_content":false,"_jetpack_memberships_contains_paid_content":false,"footnotes":"","jetpack_publicize_message":"","jetpack_publicize_feature_enabled":true,"jetpack_social_post_already_shared":true,"jetpack_social_options":{"image_generator_settings":{"template":"highway","default_image_id":0,"font":"","enabled":false},"version":2}},"categories":[2],"tags":[42,58,3,4,5,36,10],"class_list":["post-7094","post","type-post","status-publish","format-standard","hentry","category-ecologie","tag-agriculture","tag-alimentation-2","tag-consommation","tag-ecologie2","tag-environnement","tag-pollution","tag-sante"],"jetpack_publicize_connections":[],"jetpack_featured_media_url":"","jetpack_sharing_enabled":true,"jetpack_shortlink":"https:\/\/wp.me\/p5jjt5-1Qq","_links":{"self":[{"href":"https:\/\/claire-jannot.com\/index.php?rest_route=\/wp\/v2\/posts\/7094","targetHints":{"allow":["GET"]}}],"collection":[{"href":"https:\/\/claire-jannot.com\/index.php?rest_route=\/wp\/v2\/posts"}],"about":[{"href":"https:\/\/claire-jannot.com\/index.php?rest_route=\/wp\/v2\/types\/post"}],"author":[{"embeddable":true,"href":"https:\/\/claire-jannot.com\/index.php?rest_route=\/wp\/v2\/users\/1"}],"replies":[{"embeddable":true,"href":"https:\/\/claire-jannot.com\/index.php?rest_route=%2Fwp%2Fv2%2Fcomments&post=7094"}],"version-history":[{"count":1,"href":"https:\/\/claire-jannot.com\/index.php?rest_route=\/wp\/v2\/posts\/7094\/revisions"}],"predecessor-version":[{"id":7096,"href":"https:\/\/claire-jannot.com\/index.php?rest_route=\/wp\/v2\/posts\/7094\/revisions\/7096"}],"wp:attachment":[{"href":"https:\/\/claire-jannot.com\/index.php?rest_route=%2Fwp%2Fv2%2Fmedia&parent=7094"}],"wp:term":[{"taxonomy":"category","embeddable":true,"href":"https:\/\/claire-jannot.com\/index.php?rest_route=%2Fwp%2Fv2%2Fcategories&post=7094"},{"taxonomy":"post_tag","embeddable":true,"href":"https:\/\/claire-jannot.com\/index.php?rest_route=%2Fwp%2Fv2%2Ftags&post=7094"}],"curies":[{"name":"wp","href":"https:\/\/api.w.org\/{rel}","templated":true}]}}