{"id":7100,"date":"2017-04-22T13:00:21","date_gmt":"2017-04-22T12:00:21","guid":{"rendered":"http:\/\/www.grandesterresbio.com\/?p=7100"},"modified":"2017-04-21T09:48:06","modified_gmt":"2017-04-21T08:48:06","slug":"carafes-filtrantes-leur-efficacite-est-non-demontree","status":"publish","type":"post","link":"https:\/\/claire-jannot.com\/?p=7100","title":{"rendered":"Carafes filtrantes : leur efficacit\u00e9 est non d\u00e9montr\u00e9e"},"content":{"rendered":"<h2>L&rsquo;efficacit\u00e9 des carafes filtrantes, utilis\u00e9es par des nombreux Fran\u00e7ais, ne peut pas r\u00e9ellement \u00eatre d\u00e9montr\u00e9e<\/h2>\n<p><a href=\"https:\/\/i0.wp.com\/www.grandesterresbio.com\/wp-content\/uploads\/2017\/04\/carafe-1.png\"><img data-recalc-dims=\"1\" loading=\"lazy\" decoding=\"async\" class=\"alignleft  wp-image-7102\" src=\"https:\/\/i0.wp.com\/www.grandesterresbio.com\/wp-content\/uploads\/2017\/04\/carafe-1.png?resize=320%2C283\" alt=\"\" width=\"320\" height=\"283\" srcset=\"https:\/\/i0.wp.com\/claire-jannot.com\/wp-content\/uploads\/2017\/04\/carafe-1.png?w=437&amp;ssl=1 437w, https:\/\/i0.wp.com\/claire-jannot.com\/wp-content\/uploads\/2017\/04\/carafe-1.png?resize=300%2C266&amp;ssl=1 300w\" sizes=\"auto, (max-width: 320px) 100vw, 320px\" \/><\/a>C&rsquo;est ce qu&rsquo;a estim\u00e9 mardi l&rsquo;Anses, qui consid\u00e8re que <strong>leurs bienfaits \u00e9ventuels devraient \u00eatre \u00e9valu\u00e9s par des tests standardis\u00e9s.\u00a0<\/strong><\/p>\n<p>\u00ab\u00a0Les donn\u00e9es disponibles ne permettent pas d&rsquo;\u00e9valuer <strong>l&rsquo;efficacit\u00e9 r\u00e9elle de toutes les carafes filtrantes commercialis\u00e9es<\/strong>, celle-ci d\u00e9pendant de la composition et des caract\u00e9ristiques de la cartouche filtrante, de la qualit\u00e9 de l&rsquo;eau destin\u00e9e \u00e0 \u00eatre filtr\u00e9e et des pratiques de l&rsquo;utilisateur\u00a0\u00bb, indique <strong>l&rsquo;Agence fran\u00e7aise de s\u00e9curit\u00e9 sanitaire de l&rsquo;alimentation, de l&rsquo;environnement et du travail.<\/strong><\/p>\n<p>En France, <strong>16% des Fran\u00e7ais utilisent une carafe filtrante<\/strong> selon un sondage r\u00e9alis\u00e9 en 2012 dans le cadre d&rsquo;un barom\u00e8tre sur \u00ab\u00a0Les Fran\u00e7ais et l&rsquo;eau\u00a0\u00bb.<\/p>\n<p>Ces carafes sont cens\u00e9es am\u00e9liorer les qualit\u00e9s de l&rsquo;eau en termes de go\u00fbt et d&rsquo;odeur. Les fabricants avancent qu&rsquo;elles permettent notamment d&rsquo;\u00e9liminer le go\u00fbt de chlore ou encore d&rsquo;en r\u00e9duire la concentration en calcaire ou en plomb.<\/p>\n<p>Mais pour l&rsquo;Anses, l<strong>&lsquo;efficacit\u00e9 r\u00e9elle des carafes devrait \u00eatre v\u00e9rifi\u00e9e et les protocoles d&rsquo;essais normalis\u00e9s.<\/strong><\/p>\n<p>\u00ab\u00a0Les pourcentages de r\u00e9duction des param\u00e8tres test\u00e9s observ\u00e9s devraient figurer sur les emballages et\/ou les notices d&rsquo;utilisation des cartouches filtrantes\u00a0\u00bb, stipule l&rsquo;avis de l&rsquo;agence.<\/p>\n<p>De plus, si \u00ab\u00a0les donn\u00e9es actuellement disponibles ne mettent pas en \u00e9vidence un risque pour la sant\u00e9 du consommateur\u00a0\u00bb, l&rsquo;Anses constate que <strong>ces carafes peuvent contaminer l&rsquo;eau avec des ions argents, du sodium, du potassium et de l&rsquo;ammonium.<\/strong> Elles peuvent \u00e9galement \u00eatre responsables d&rsquo;un <strong>abaissement du pH, voire d&rsquo;une alt\u00e9ration de la qualit\u00e9 microbiologique de l&rsquo;eau.<\/strong><\/p>\n<p>Dans son avis, l&rsquo;Anses recommande \u00e9galement aux utilisateurs de <strong>respecter la notice d&rsquo;utilisation des carafes<\/strong>, \u00ab\u00a0notamment pour leur usage et leur nettoyage et pour la conservation de l&rsquo;eau filtr\u00e9e\u00a0\u00bb. <strong>Les cartouches doivent \u00eatre chang\u00e9es r\u00e9guli\u00e8rement et la carafe conserv\u00e9e au r\u00e9frig\u00e9rateur.<\/strong><\/p>\n<p>Elle rappelle \u00e9galement que les carafes filtrantes ne sont pas con\u00e7ues pour rendre potable une eau qui ne le serait pas.<\/p>\n<p>Cet avis porte sur les carafes et bouteilles filtrantes. Les gourdes filtrantes destin\u00e9es \u00e0 un seul usager, les filtres install\u00e9s sous \u00e9vier ou sur les robinets, les syst\u00e8mes de filtration commercialis\u00e9s pour la d\u00e9sinfection de l&rsquo;eau ne sont pas concern\u00e9s.<\/p>\n<h6>Source : 14 mars 2017 (AFP)<\/h6>\n<p>&nbsp;<\/p>\n<p>&nbsp;<\/p>\n<p>&nbsp;<\/p>\n","protected":false},"excerpt":{"rendered":"<p>L&rsquo;efficacit\u00e9 des carafes filtrantes, utilis\u00e9es par des nombreux Fran\u00e7ais, ne peut pas r\u00e9ellement \u00eatre d\u00e9montr\u00e9e C&rsquo;est ce qu&rsquo;a estim\u00e9 mardi l&rsquo;Anses, qui consid\u00e8re que leurs bienfaits \u00e9ventuels devraient \u00eatre \u00e9valu\u00e9s par des tests standardis\u00e9s.\u00a0 \u00ab\u00a0Les donn\u00e9es disponibles ne permettent pas &hellip; <a href=\"https:\/\/claire-jannot.com\/?p=7100\">Continuer la lecture <span class=\"meta-nav\">&rarr;<\/span><\/a><\/p>\n","protected":false},"author":1,"featured_media":0,"comment_status":"open","ping_status":"open","sticky":false,"template":"","format":"standard","meta":{"jetpack_post_was_ever_published":false,"_jetpack_newsletter_access":"","_jetpack_dont_email_post_to_subs":false,"_jetpack_newsletter_tier_id":0,"_jetpack_memberships_contains_paywalled_content":false,"_jetpack_memberships_contains_paid_content":false,"footnotes":"","jetpack_publicize_message":"","jetpack_publicize_feature_enabled":true,"jetpack_social_post_already_shared":true,"jetpack_social_options":{"image_generator_settings":{"template":"highway","default_image_id":0,"font":"","enabled":false},"version":2}},"categories":[1],"tags":[58,3,39],"class_list":["post-7100","post","type-post","status-publish","format-standard","hentry","category-alimentation","tag-alimentation-2","tag-consommation","tag-eau"],"jetpack_publicize_connections":[],"jetpack_featured_media_url":"","jetpack_sharing_enabled":true,"jetpack_shortlink":"https:\/\/wp.me\/p5jjt5-1Qw","_links":{"self":[{"href":"https:\/\/claire-jannot.com\/index.php?rest_route=\/wp\/v2\/posts\/7100","targetHints":{"allow":["GET"]}}],"collection":[{"href":"https:\/\/claire-jannot.com\/index.php?rest_route=\/wp\/v2\/posts"}],"about":[{"href":"https:\/\/claire-jannot.com\/index.php?rest_route=\/wp\/v2\/types\/post"}],"author":[{"embeddable":true,"href":"https:\/\/claire-jannot.com\/index.php?rest_route=\/wp\/v2\/users\/1"}],"replies":[{"embeddable":true,"href":"https:\/\/claire-jannot.com\/index.php?rest_route=%2Fwp%2Fv2%2Fcomments&post=7100"}],"version-history":[{"count":1,"href":"https:\/\/claire-jannot.com\/index.php?rest_route=\/wp\/v2\/posts\/7100\/revisions"}],"predecessor-version":[{"id":7103,"href":"https:\/\/claire-jannot.com\/index.php?rest_route=\/wp\/v2\/posts\/7100\/revisions\/7103"}],"wp:attachment":[{"href":"https:\/\/claire-jannot.com\/index.php?rest_route=%2Fwp%2Fv2%2Fmedia&parent=7100"}],"wp:term":[{"taxonomy":"category","embeddable":true,"href":"https:\/\/claire-jannot.com\/index.php?rest_route=%2Fwp%2Fv2%2Fcategories&post=7100"},{"taxonomy":"post_tag","embeddable":true,"href":"https:\/\/claire-jannot.com\/index.php?rest_route=%2Fwp%2Fv2%2Ftags&post=7100"}],"curies":[{"name":"wp","href":"https:\/\/api.w.org\/{rel}","templated":true}]}}