{"id":7108,"date":"2017-04-24T13:52:50","date_gmt":"2017-04-24T12:52:50","guid":{"rendered":"http:\/\/www.grandesterresbio.com\/?p=7108"},"modified":"2017-04-21T15:55:41","modified_gmt":"2017-04-21T14:55:41","slug":"le-papillon-monarque-est-il-menace-par-trump","status":"publish","type":"post","link":"https:\/\/claire-jannot.com\/?p=7108","title":{"rendered":"Le papillon Monarque est-il menac\u00e9 par Trump ?"},"content":{"rendered":"<h2 class=\"entry-title\"><span style=\"color: #000000;\">Le papillon monarque victime de la politique d\u2019immigration du Pr\u00e9sident des Etats -Unis\u00a0<\/span><\/h2>\n<div id=\"attachment_7111\" style=\"width: 376px\" class=\"wp-caption alignleft\"><a href=\"https:\/\/i0.wp.com\/www.grandesterresbio.com\/wp-content\/uploads\/2017\/04\/Monarca_1_60725860.jpg\"><img data-recalc-dims=\"1\" loading=\"lazy\" decoding=\"async\" aria-describedby=\"caption-attachment-7111\" class=\"wp-image-7111\" src=\"https:\/\/i0.wp.com\/www.grandesterresbio.com\/wp-content\/uploads\/2017\/04\/Monarca_1_60725860.jpg?resize=366%2C243\" alt=\"\" width=\"366\" height=\"243\" srcset=\"https:\/\/i0.wp.com\/claire-jannot.com\/wp-content\/uploads\/2017\/04\/Monarca_1_60725860.jpg?w=700&amp;ssl=1 700w, https:\/\/i0.wp.com\/claire-jannot.com\/wp-content\/uploads\/2017\/04\/Monarca_1_60725860.jpg?resize=300%2C199&amp;ssl=1 300w\" sizes=\"auto, (max-width: 366px) 100vw, 366px\" \/><\/a><p id=\"caption-attachment-7111\" class=\"wp-caption-text\">Les papillons Monarque se pr\u00e9parent \u00e0 leur voyage migratoire entre le Canada et le Mexique<\/p><\/div>\n<p><span style=\"color: #000000;\"><strong>La politique anti-immigration de Donald Trump<\/strong> et son intention de construire <strong>un mur \u00e0 la fronti\u00e8re entre les Etats-Unis et le Mexique<\/strong> pourrait faire des <strong>victimes collat\u00e9rales inattendues :<\/strong> les <strong>papillons monarques<\/strong> qui viennent hiberner au Mexique.<\/span><\/p>\n<p><span style=\"color: #000000;\">Apr\u00e8s un trajet \u00e9reintant <strong>de plus de 4 000 kilom\u00e8tres depuis le Canada<\/strong>, passant par les Etats-Unis, ces papillons oranges et noirs viennent se poser en groupes sur les troncs d\u2019arbres d\u2019une grande zone montagneuse qui se trouve entre les <strong>Etats de Mexico et du Michoacan,<\/strong> dans l\u2019ouest du pays, o\u00f9 leur population est observ\u00e9e et quantifi\u00e9e. Ils sont menac\u00e9s de dispara\u00eetre <strong>\u00e0 cause de la d\u00e9forestation sauvage ainsi que de l\u2019usage d\u2019herbicides qui d\u00e9truisent l\u2019ascl\u00e9pias<\/strong>, la seule plante dans laquelle les papillons pondent leurs oeufs et dont leurs\u00a0larves se nourrissent. De plus afin de lutter contre la d\u00e9forestation qui les menace, le gouvernement mexicain a mis en place une unit\u00e9 sp\u00e9ciale de police engag\u00e9e pour rep\u00e9rer les scieries clandestines se trouvant dans la montagne.<\/span><\/p>\n<p><span style=\"color: #000000;\"><strong>La population de cette esp\u00e8ce est en baisse. Ils ont occup\u00e9 cette saison moins de trois hectares de for\u00eats de pins contre 4 hectares l\u2019an dernier<\/strong>, soit une baisse de 27,4%. Alejandro Del Mazo, commissaire aupr\u00e8s du gouvernement du Mexique en charge des zones naturelles prot\u00e9g\u00e9es, souligne que les raisons de cette chute sont li\u00e9es \u00e0 des <strong>\u00e9v\u00e9nements climatiques extr\u00eames.<\/strong> L\u2019ann\u00e9e derni\u00e8re, une vague de froid et des chutes de neige avaient concern\u00e9 le secteur. En mars dernier, moment o\u00f9 les monarques repartent en direction des Etats-Unis, environ 7% des monarques ont disparu \u00e0 cause d\u2019une temp\u00eate.<\/span><\/p>\n<p><span style=\"color: #000000;\">De plus, un mur les menace :\u00a0<\/span><span style=\"color: #000000;\"><strong>Selon Alejandro Del Mazo, le fait que Donald Trump souhaite construire un mur le long de la fronti\u00e8re entre les Etats-Unis et le Mexique accro\u00eetrait le risque de disparition<\/strong> qui plane sur le papillon monarque. \u00c0 travers son voyage migratoire, cet insecte a en effet besoin d\u2019identifier des refuges et points d\u2019eau qui, s\u2019ils sont alt\u00e9r\u00e9s ou ont disparu, peuvent avoir un impact. Ainsi la construction d\u2019un tel mur pourrait modifier les marqueurs naturels de ces papillons et former une <strong>menace pour leur survie.<\/strong><\/span><\/p>\n<h6><\/h6>\n<h6>Source : greenetvert.fr &#8211;\u00a0<time datetime=\"2017-03-29\">29.03.2017<\/time> \/ Am\u00e9rique du sud<\/h6>\n<h6>Cr\u00e9dit photo :\u00a0By Samuel from Toluca, Mexico (Monarca 1 \u00a0Uploaded by Vux) [CC BY 2.0 (http:\/\/creativecommons.org\/licenses\/by\/2.0)], via Wikimedia Commons<\/h6>\n<h6><\/h6>\n<div><\/div>\n<div><\/div>\n<div><\/div>\n","protected":false},"excerpt":{"rendered":"<p>Le papillon monarque victime de la politique d\u2019immigration du Pr\u00e9sident des Etats -Unis\u00a0 La politique anti-immigration de Donald Trump et son intention de construire un mur \u00e0 la fronti\u00e8re entre les Etats-Unis et le Mexique pourrait faire des victimes collat\u00e9rales &hellip; <a href=\"https:\/\/claire-jannot.com\/?p=7108\">Continuer la lecture <span class=\"meta-nav\">&rarr;<\/span><\/a><\/p>\n","protected":false},"author":1,"featured_media":0,"comment_status":"open","ping_status":"open","sticky":false,"template":"","format":"standard","meta":{"jetpack_post_was_ever_published":false,"_jetpack_newsletter_access":"","_jetpack_dont_email_post_to_subs":false,"_jetpack_newsletter_tier_id":0,"_jetpack_memberships_contains_paywalled_content":false,"_jetpack_memberships_contains_paid_content":false,"footnotes":"","jetpack_publicize_message":"","jetpack_publicize_feature_enabled":true,"jetpack_social_post_already_shared":true,"jetpack_social_options":{"image_generator_settings":{"template":"highway","default_image_id":0,"font":"","enabled":false},"version":2}},"categories":[2],"tags":[4,5,48],"class_list":["post-7108","post","type-post","status-publish","format-standard","hentry","category-ecologie","tag-ecologie2","tag-environnement","tag-vie-animale"],"jetpack_publicize_connections":[],"jetpack_featured_media_url":"","jetpack_sharing_enabled":true,"jetpack_shortlink":"https:\/\/wp.me\/p5jjt5-1QE","_links":{"self":[{"href":"https:\/\/claire-jannot.com\/index.php?rest_route=\/wp\/v2\/posts\/7108","targetHints":{"allow":["GET"]}}],"collection":[{"href":"https:\/\/claire-jannot.com\/index.php?rest_route=\/wp\/v2\/posts"}],"about":[{"href":"https:\/\/claire-jannot.com\/index.php?rest_route=\/wp\/v2\/types\/post"}],"author":[{"embeddable":true,"href":"https:\/\/claire-jannot.com\/index.php?rest_route=\/wp\/v2\/users\/1"}],"replies":[{"embeddable":true,"href":"https:\/\/claire-jannot.com\/index.php?rest_route=%2Fwp%2Fv2%2Fcomments&post=7108"}],"version-history":[{"count":6,"href":"https:\/\/claire-jannot.com\/index.php?rest_route=\/wp\/v2\/posts\/7108\/revisions"}],"predecessor-version":[{"id":7115,"href":"https:\/\/claire-jannot.com\/index.php?rest_route=\/wp\/v2\/posts\/7108\/revisions\/7115"}],"wp:attachment":[{"href":"https:\/\/claire-jannot.com\/index.php?rest_route=%2Fwp%2Fv2%2Fmedia&parent=7108"}],"wp:term":[{"taxonomy":"category","embeddable":true,"href":"https:\/\/claire-jannot.com\/index.php?rest_route=%2Fwp%2Fv2%2Fcategories&post=7108"},{"taxonomy":"post_tag","embeddable":true,"href":"https:\/\/claire-jannot.com\/index.php?rest_route=%2Fwp%2Fv2%2Ftags&post=7108"}],"curies":[{"name":"wp","href":"https:\/\/api.w.org\/{rel}","templated":true}]}}