{"id":7148,"date":"2017-06-05T11:42:18","date_gmt":"2017-06-05T10:42:18","guid":{"rendered":"http:\/\/www.grandesterresbio.com\/?p=7148"},"modified":"2017-06-05T11:42:18","modified_gmt":"2017-06-05T10:42:18","slug":"afrique-de-louest-une-nouvelle-reserve-voit-le-jour-au-benin","status":"publish","type":"post","link":"https:\/\/claire-jannot.com\/?p=7148","title":{"rendered":"Afrique de l&rsquo;Ouest : Une nouvelle r\u00e9serve voit le jour au B\u00e9nin"},"content":{"rendered":"<h2><span style=\"color: #000000;\">Le gouvernement b\u00e9ninois a sign\u00e9 mercredi un accord de partenariat avec une ONG pour prot\u00e9ger le parc animalier de la Pendjari, un des derniers parcs animaliers d&rsquo;Afrique de l&rsquo;Ouest menac\u00e9 par la .d\u00e9gradation des infrastructures, le manque de surveillance et l&rsquo; acc\u00e9l\u00e9ration du braconnage.<\/span><\/h2>\n<div id=\"attachment_7149\" style=\"width: 415px\" class=\"wp-caption alignleft\"><a href=\"https:\/\/i0.wp.com\/www.grandesterresbio.com\/wp-content\/uploads\/2017\/06\/pendjari.png\"><img data-recalc-dims=\"1\" loading=\"lazy\" decoding=\"async\" aria-describedby=\"caption-attachment-7149\" class=\"wp-image-7149\" src=\"https:\/\/i0.wp.com\/www.grandesterresbio.com\/wp-content\/uploads\/2017\/06\/pendjari.png?resize=405%2C287\" alt=\"\" width=\"405\" height=\"287\" srcset=\"https:\/\/i0.wp.com\/claire-jannot.com\/wp-content\/uploads\/2017\/06\/pendjari.png?w=800&amp;ssl=1 800w, https:\/\/i0.wp.com\/claire-jannot.com\/wp-content\/uploads\/2017\/06\/pendjari.png?resize=300%2C212&amp;ssl=1 300w, https:\/\/i0.wp.com\/claire-jannot.com\/wp-content\/uploads\/2017\/06\/pendjari.png?resize=768%2C543&amp;ssl=1 768w\" sizes=\"auto, (max-width: 405px) 100vw, 405px\" \/><\/a><p id=\"caption-attachment-7149\" class=\"wp-caption-text\">Antilopes dans le parc animalier du Pendjari<\/p><\/div>\n<p><span style=\"color: #000000;\">Le gouvernement, qui a inscrit le d\u00e9veloppement du tourisme dans ses priorit\u00e9s, a sign\u00e9 un accord avec <strong>African Parks<\/strong>, une ONG internationale qui g\u00e8re <strong>11 parcs nationaux et territoires prot\u00e9g\u00e9s en Afrique.<\/strong> <\/span><\/p>\n<p><span style=\"color: #000000;\"> L&rsquo;Etat investira <strong>5,2 millions d&rsquo;euros sur 10 ans<\/strong>, sur un projet global de 23 millions d&rsquo;euros, pris en charge en partie par des fondations pour la protection de l&rsquo;environnement. <\/span><\/p>\n<p><span style=\"color: #000000;\"> \u00a0\u00ab\u00a0La pr\u00e9sidence du B\u00e9nin et African Parks se fixent comme objectif de <strong>doubler les populations d&rsquo;animaux sauvages dans le parc en 10 ans<\/strong>\u00ab\u00a0, selon un communiqu\u00e9 de presse de la pr\u00e9sidence publi\u00e9 mercredi. <\/span><\/p>\n<p><span style=\"color: #000000;\"> Cette <strong>ancienne r\u00e9serve de chasse pour l&rsquo;administration coloniale<\/strong>, est aujourd&rsquo;hui l&rsquo;un des derniers territoires en Afrique de l&rsquo;Ouest, o\u00f9 les visiteurs peuvent d\u00e9couvrir \u00e9l\u00e9phants, l\u00e9opard et crocodiles.\u00a0<\/span><span style=\"color: #000000;\">Le projet pr\u00e9voit notamment<strong> la s\u00e9curisation du parc, avec une cl\u00f4ture de 190 kilom\u00e8tres et la formation de 90 gardes sp\u00e9cialis\u00e9s, ainsi qu&rsquo;un recensement et une surveillance des esp\u00e8ces pour en assurer la biodiversit\u00e9.<\/strong> <\/span><\/p>\n<p><span style=\"color: #000000;\"> Faute d&rsquo;investissement, le parc, territoire prot\u00e9g\u00e9 de <strong>4.800 km2<\/strong> qui recouvre le nord-ouest du B\u00e9nin, ainsi qu&rsquo;une partie du Niger et du Burkina Faso est devenu aux fils des ans <strong>un nouveau sanctuaire pour les braconniers. Moins d&rsquo;animaux, cela signifie moins de touristes et de retomb\u00e9es \u00e9conomiques.\u00a0<\/strong><\/span><\/p>\n<p><span style=\"color: #000000;\"> Pour le groupe local <strong>AALF-B\u00e9nin<\/strong> (Appui \u00e0 l&rsquo;application des lois sur la faune et la flore), ce nouvel accord est \u00ab\u00a0salutaire\u00a0\u00bb. <\/span><\/p>\n<p><span style=\"color: #000000;\"> \u00ab\u00a0Le probl\u00e8me du braconnage date d&rsquo;il y a longtemps, mais nous avons pris conscience de l&rsquo;ampleur du probl\u00e8me en 2014, quand nous sommes arriv\u00e9s\u00a0\u00bb, explique <strong>Jules Dovi<\/strong> coordinateur pour AALF-B\u00e9nin, une agence de la soci\u00e9t\u00e9 civile qui travaille en r\u00e9seaux avec des ONG internationales. <\/span><\/p>\n<p><span style=\"color: #000000;\"> \u00ab\u00a0Il n&rsquo;y a pas un mois sans que l&rsquo;on arr\u00eate des trafiquants\u00a0\u00bb, explique-t-il \u00e0 l&rsquo;AFP. \u00a0<\/span><span style=\"color: #000000;\">La liste est longue. <strong>Fin avril, des trafiquants ont \u00e9t\u00e9 arr\u00eat\u00e9s en possession de pangolins, fourmiliers en voie d&rsquo;extinction qui sont revendus en Asie.<\/strong> Fin mars, quatre braconniers ont \u00e9t\u00e9 appr\u00e9hend\u00e9s en possession de <strong>14 kg d&rsquo;ivoire<\/strong> dans la ville de Parakou. D\u00e9but mai, <strong>trois hippopotames ont \u00e9t\u00e9 retrouv\u00e9s d\u00e9capit\u00e9s<\/strong> dans le parc: un spectacle que les touristes n&rsquo;ont pas envie de d\u00e9couvrir en safari photo. <\/span><\/p>\n<p><span style=\"color: #000000;\"> Le parc esp\u00e8re attirer <strong>9.000 visiteurs chaque ann\u00e9e (contre 6.000 actuellement)<\/strong>, et encourager le d\u00e9veloppement \u00e9conomique des <strong>50.000 habitants<\/strong> de la r\u00e9gion, selon le communiqu\u00e9. \u00a0<\/span><span style=\"color: #000000;\">Ce programme fait partie de <strong>45 projets d&rsquo;investissement<\/strong> mis en place par le pr\u00e9sident Patrice Talon, au pouvoir depuis 2016, pour relancer l&rsquo;\u00e9conomie b\u00e9ninoise. <\/span><\/p>\n<p><span style=\"color: #000000;\"><strong> \u00ab\u00a0Notre objectif d&rsquo;ici la fin du quinquennat est d&rsquo;atteindre 700.000 touristes (contre 200.000 actuellement)<\/strong>\u00ab\u00a0, explique Jos\u00e9 Pliya, directeur de l&rsquo;Agence nationale pour le tourisme, gr\u00e2ce \u00e0 un investissement de 600 milliards de francs CFA (pr\u00e8s d&rsquo;un milliard d&rsquo;euros) sur 5 ans dans le secteur, financ\u00e9 notamment par un emprunt \u00e0 la Banque Mondiale. <strong>\u00ab\u00a0Un effort sans pr\u00e9c\u00e9dent\u00a0\u00bb<\/strong>, selon lui. <\/span><\/p>\n<h6><span style=\"color: #000000;\">Source:\u00a0 COTONOU,\u00a031 mai 2017 (AFP)\u00a0<\/span><\/h6>\n<h6><span style=\"color: #000000;\">Cr\u00e9dit photo :\u00a0By Wegmann &#8211; Own work, CC BY-SA 3.0, https:\/\/commons.wikimedia.org\/w\/index.php?curid=4419820<\/span><\/h6>\n<p>&nbsp;<\/p>\n<p>&nbsp;<\/p>\n<p>&nbsp;<\/p>\n<p>&nbsp;<\/p>\n<p>&nbsp;<\/p>\n<p>&nbsp;<\/p>\n","protected":false},"excerpt":{"rendered":"<p>Le gouvernement b\u00e9ninois a sign\u00e9 mercredi un accord de partenariat avec une ONG pour prot\u00e9ger le parc animalier de la Pendjari, un des derniers parcs animaliers d&rsquo;Afrique de l&rsquo;Ouest menac\u00e9 par la .d\u00e9gradation des infrastructures, le manque de surveillance et &hellip; <a href=\"https:\/\/claire-jannot.com\/?p=7148\">Continuer la lecture <span class=\"meta-nav\">&rarr;<\/span><\/a><\/p>\n","protected":false},"author":1,"featured_media":0,"comment_status":"open","ping_status":"open","sticky":false,"template":"","format":"standard","meta":{"jetpack_post_was_ever_published":false,"_jetpack_newsletter_access":"","_jetpack_dont_email_post_to_subs":false,"_jetpack_newsletter_tier_id":0,"_jetpack_memberships_contains_paywalled_content":false,"_jetpack_memberships_contains_paid_content":false,"footnotes":"","jetpack_publicize_message":"","jetpack_publicize_feature_enabled":true,"jetpack_social_post_already_shared":true,"jetpack_social_options":{"image_generator_settings":{"template":"highway","default_image_id":0,"font":"","enabled":false},"version":2}},"categories":[2,49],"tags":[4,5,11,48],"class_list":["post-7148","post","type-post","status-publish","format-standard","hentry","category-ecologie","category-vie-animale-2","tag-ecologie2","tag-environnement","tag-societe-2","tag-vie-animale"],"jetpack_publicize_connections":[],"jetpack_featured_media_url":"","jetpack_sharing_enabled":true,"jetpack_shortlink":"https:\/\/wp.me\/p5jjt5-1Ri","_links":{"self":[{"href":"https:\/\/claire-jannot.com\/index.php?rest_route=\/wp\/v2\/posts\/7148","targetHints":{"allow":["GET"]}}],"collection":[{"href":"https:\/\/claire-jannot.com\/index.php?rest_route=\/wp\/v2\/posts"}],"about":[{"href":"https:\/\/claire-jannot.com\/index.php?rest_route=\/wp\/v2\/types\/post"}],"author":[{"embeddable":true,"href":"https:\/\/claire-jannot.com\/index.php?rest_route=\/wp\/v2\/users\/1"}],"replies":[{"embeddable":true,"href":"https:\/\/claire-jannot.com\/index.php?rest_route=%2Fwp%2Fv2%2Fcomments&post=7148"}],"version-history":[{"count":2,"href":"https:\/\/claire-jannot.com\/index.php?rest_route=\/wp\/v2\/posts\/7148\/revisions"}],"predecessor-version":[{"id":7151,"href":"https:\/\/claire-jannot.com\/index.php?rest_route=\/wp\/v2\/posts\/7148\/revisions\/7151"}],"wp:attachment":[{"href":"https:\/\/claire-jannot.com\/index.php?rest_route=%2Fwp%2Fv2%2Fmedia&parent=7148"}],"wp:term":[{"taxonomy":"category","embeddable":true,"href":"https:\/\/claire-jannot.com\/index.php?rest_route=%2Fwp%2Fv2%2Fcategories&post=7148"},{"taxonomy":"post_tag","embeddable":true,"href":"https:\/\/claire-jannot.com\/index.php?rest_route=%2Fwp%2Fv2%2Ftags&post=7148"}],"curies":[{"name":"wp","href":"https:\/\/api.w.org\/{rel}","templated":true}]}}