{"id":7158,"date":"2017-07-07T14:06:17","date_gmt":"2017-07-07T13:06:17","guid":{"rendered":"http:\/\/www.grandesterresbio.com\/?p=7158"},"modified":"2017-07-06T14:19:30","modified_gmt":"2017-07-06T13:19:30","slug":"contre-laccaparement-des-terres-agricoles","status":"publish","type":"post","link":"https:\/\/claire-jannot.com\/?p=7158","title":{"rendered":"Contre l&rsquo;accaparement des terres agricoles"},"content":{"rendered":"<h2><span style=\"color: #000000;\">Le Parlement a d\u00e9finitivement adopt\u00e9 la proposition de loi destin\u00e9e \u00e0 lutter contre l&rsquo;accaparement des terres agricoles par de grandes soci\u00e9t\u00e9s et \u00e0 pr\u00e9server le mod\u00e8le fran\u00e7ais d&rsquo;exploitation familiale, apr\u00e8s un ultime vote du S\u00e9nat.<\/span><\/h2>\n<div id=\"attachment_7159\" style=\"width: 394px\" class=\"wp-caption alignleft\"><a href=\"https:\/\/i0.wp.com\/www.grandesterresbio.com\/wp-content\/uploads\/2017\/07\/Einscharpflug_-_Farmer_plowing_in_Fahrenwalde_Mecklenburg-Vorpommern_Germany.jpg\"><img data-recalc-dims=\"1\" loading=\"lazy\" decoding=\"async\" aria-describedby=\"caption-attachment-7159\" class=\" wp-image-7159\" src=\"https:\/\/i0.wp.com\/www.grandesterresbio.com\/wp-content\/uploads\/2017\/07\/Einscharpflug_-_Farmer_plowing_in_Fahrenwalde_Mecklenburg-Vorpommern_Germany.jpg?resize=384%2C288\" alt=\"\" width=\"384\" height=\"288\" srcset=\"https:\/\/i0.wp.com\/claire-jannot.com\/wp-content\/uploads\/2017\/07\/Einscharpflug_-_Farmer_plowing_in_Fahrenwalde_Mecklenburg-Vorpommern_Germany.jpg?w=1600&amp;ssl=1 1600w, https:\/\/i0.wp.com\/claire-jannot.com\/wp-content\/uploads\/2017\/07\/Einscharpflug_-_Farmer_plowing_in_Fahrenwalde_Mecklenburg-Vorpommern_Germany.jpg?resize=300%2C225&amp;ssl=1 300w, https:\/\/i0.wp.com\/claire-jannot.com\/wp-content\/uploads\/2017\/07\/Einscharpflug_-_Farmer_plowing_in_Fahrenwalde_Mecklenburg-Vorpommern_Germany.jpg?resize=768%2C576&amp;ssl=1 768w, https:\/\/i0.wp.com\/claire-jannot.com\/wp-content\/uploads\/2017\/07\/Einscharpflug_-_Farmer_plowing_in_Fahrenwalde_Mecklenburg-Vorpommern_Germany.jpg?resize=1024%2C768&amp;ssl=1 1024w, https:\/\/i0.wp.com\/claire-jannot.com\/wp-content\/uploads\/2017\/07\/Einscharpflug_-_Farmer_plowing_in_Fahrenwalde_Mecklenburg-Vorpommern_Germany.jpg?w=1280 1280w\" sizes=\"auto, (max-width: 384px) 100vw, 384px\" \/><\/a><p id=\"caption-attachment-7159\" class=\"wp-caption-text\">Fermier labourant avec ses chevaux-\u00a0Fahrenwalde -Allemagne<\/p><\/div>\n<p><span style=\"color: #000000;\">Une commission mixte paritaire avait approuv\u00e9 la mise en place d&rsquo;ici trois mois de <strong>nouveaux outils pour mieux appr\u00e9hender les cessions partielles de parts sociales<\/strong> en faveur d&rsquo;une meilleure transparence des <strong>ventes de terres agricoles.<\/strong><\/span><\/p>\n<p><span style=\"color: #000000;\"> La France est dot\u00e9e du syst\u00e8me des <strong>Safer, soci\u00e9t\u00e9s charg\u00e9es de veiller \u00e0 l&rsquo;am\u00e9nagement rural et foncier<\/strong>, qui disposent lors de la cession d&rsquo;une exploitation agricole d&rsquo;un <strong>droit de pr\u00e9emption<\/strong>. Ce droit a \u00e9t\u00e9 \u00e9tendu aux cessions totales de parts d&rsquo;exploitations agricoles constitu\u00e9es sous forme de soci\u00e9t\u00e9, <strong>mais cela n&rsquo;a pas suffi \u00e0 emp\u00eacher un fonds de gestion chinois, bas\u00e9 \u00e0 Hong Kong, d&rsquo;acheter gr\u00e2ce \u00e0 un montage juridique 1.600 hectares de terres agricoles dans le Berry<\/strong>, a soulign\u00e9 le rapporteur <strong>Daniel Gremillet (LR).<\/strong><\/span><\/p>\n<p><span style=\"color: #000000;\"> Pour \u00e9viter ce type d&rsquo;acquisition, la proposition de loi reprend des dispositions de la loi Sapin 2 censur\u00e9es en d\u00e9cembre par le Conseil constitutionnel, qui avait estim\u00e9 qu&rsquo;elles ne se situaient pas dans le bon v\u00e9hicule l\u00e9gislatif.\u00a0<\/span><span style=\"color: #000000;\">Ces dispositions visent \u00e0 assurer une meilleure transparence des cessions de parts ou actions de soci\u00e9t\u00e9s d\u00e9tenant du foncier agricole. <strong>Les acheteurs seraient oblig\u00e9s de d\u00e9clarer leur acquisition \u00e0 la Safer<\/strong> m\u00eame s&rsquo;ils prennent moins de 100% des parts, ce qui \u00e9tait jusqu&rsquo;\u00e0 pr\u00e9sent le niveau obligeant \u00e0 une d\u00e9claration et ouvrant la voie \u00e0 une pr\u00e9emption possible.<\/span><\/p>\n<p><span style=\"color: #000000;\"> Toutefois, a estim\u00e9 le rapporteur, \u00ab\u00a0la question du foncier agricole reste cependant encore largement ouverte\u00a0\u00bb. \u00ab\u00a0Si nous voulons que les paysans restent ma\u00eetres de la terre indispensable \u00e0 toute production, tout en permettant des investissements indispensables \u00e0 la modernisation des structures agricoles, il nous faudra probablement aller plus loin\u00a0\u00bb, a-t-il dit en annon\u00e7ant qu&rsquo;il s&rsquo;attellerait \u00e0 cette t\u00e2che.<\/span><\/p>\n<p><span style=\"color: #000000;\"> La proposition de loi veut par ailleurs encourager le biocontr\u00f4le \u00e0 travers une dispense d&rsquo;agr\u00e9ment pour les entreprises assurant l&rsquo;application de produits de biocontr\u00f4le, et une dispense de certificat de produits phytopharmaceutiques pour les salari\u00e9s intervenant en application de ces produits.<\/span><\/p>\n<p><strong><span style=\"color: #000000;\"> L&rsquo;accord trouv\u00e9 en commission mixte paritaire pr\u00e9voit la mise en place d&rsquo;une exception \u00e0 l&rsquo;interdiction faite aux collectivit\u00e9s territoriales d&rsquo;utiliser des produits chimiques classiques lorsque la survie d&rsquo;une esp\u00e8ce v\u00e9g\u00e9tale est en jeu et qu&rsquo;aucune solution alternative n&rsquo;existe.<\/span><\/strong><\/p>\n<p><span style=\"color: #000000;\"> \u00ab\u00a0Cette solution permettra aux collectivit\u00e9s territoriales de traiter efficacement le probl\u00e8me du d\u00e9p\u00e9rissement des buis\u00a0\u00bb, a jug\u00e9 M. Gremillet.<\/span><\/p>\n<p>&nbsp;<\/p>\n<h6><span style=\"color: #000000;\">Source\u00a0: PARIS,\u00a015 f\u00e9v 2017 (AFP)<\/span><\/h6>\n<h6>\n<span style=\"color: #000000;\"> Cr\u00e9dit photo :By Transferred from the German Wikipedia. Original file is\/was here. (Original upload log available below.), GFDL, https:\/\/commons.wikimedia.org\/w\/index.php?curid=35770<\/span><\/h6>\n<p>&nbsp;<\/p>\n<p>&nbsp;<\/p>\n<p>&nbsp;<\/p>\n","protected":false},"excerpt":{"rendered":"<p>Le Parlement a d\u00e9finitivement adopt\u00e9 la proposition de loi destin\u00e9e \u00e0 lutter contre l&rsquo;accaparement des terres agricoles par de grandes soci\u00e9t\u00e9s et \u00e0 pr\u00e9server le mod\u00e8le fran\u00e7ais d&rsquo;exploitation familiale, apr\u00e8s un ultime vote du S\u00e9nat. Une commission mixte paritaire avait &hellip; <a href=\"https:\/\/claire-jannot.com\/?p=7158\">Continuer la lecture <span class=\"meta-nav\">&rarr;<\/span><\/a><\/p>\n","protected":false},"author":1,"featured_media":0,"comment_status":"open","ping_status":"open","sticky":false,"template":"","format":"standard","meta":{"jetpack_post_was_ever_published":false,"_jetpack_newsletter_access":"","_jetpack_dont_email_post_to_subs":false,"_jetpack_newsletter_tier_id":0,"_jetpack_memberships_contains_paywalled_content":false,"_jetpack_memberships_contains_paid_content":false,"footnotes":"","jetpack_publicize_message":"","jetpack_publicize_feature_enabled":true,"jetpack_social_post_already_shared":true,"jetpack_social_options":{"image_generator_settings":{"template":"highway","default_image_id":0,"font":"","enabled":false},"version":2}},"categories":[1],"tags":[42,58,11],"class_list":["post-7158","post","type-post","status-publish","format-standard","hentry","category-alimentation","tag-agriculture","tag-alimentation-2","tag-societe-2"],"jetpack_publicize_connections":[],"jetpack_featured_media_url":"","jetpack_sharing_enabled":true,"jetpack_shortlink":"https:\/\/wp.me\/p5jjt5-1Rs","_links":{"self":[{"href":"https:\/\/claire-jannot.com\/index.php?rest_route=\/wp\/v2\/posts\/7158","targetHints":{"allow":["GET"]}}],"collection":[{"href":"https:\/\/claire-jannot.com\/index.php?rest_route=\/wp\/v2\/posts"}],"about":[{"href":"https:\/\/claire-jannot.com\/index.php?rest_route=\/wp\/v2\/types\/post"}],"author":[{"embeddable":true,"href":"https:\/\/claire-jannot.com\/index.php?rest_route=\/wp\/v2\/users\/1"}],"replies":[{"embeddable":true,"href":"https:\/\/claire-jannot.com\/index.php?rest_route=%2Fwp%2Fv2%2Fcomments&post=7158"}],"version-history":[{"count":2,"href":"https:\/\/claire-jannot.com\/index.php?rest_route=\/wp\/v2\/posts\/7158\/revisions"}],"predecessor-version":[{"id":7161,"href":"https:\/\/claire-jannot.com\/index.php?rest_route=\/wp\/v2\/posts\/7158\/revisions\/7161"}],"wp:attachment":[{"href":"https:\/\/claire-jannot.com\/index.php?rest_route=%2Fwp%2Fv2%2Fmedia&parent=7158"}],"wp:term":[{"taxonomy":"category","embeddable":true,"href":"https:\/\/claire-jannot.com\/index.php?rest_route=%2Fwp%2Fv2%2Fcategories&post=7158"},{"taxonomy":"post_tag","embeddable":true,"href":"https:\/\/claire-jannot.com\/index.php?rest_route=%2Fwp%2Fv2%2Ftags&post=7158"}],"curies":[{"name":"wp","href":"https:\/\/api.w.org\/{rel}","templated":true}]}}