{"id":7191,"date":"2017-10-01T15:00:36","date_gmt":"2017-10-01T14:00:36","guid":{"rendered":"http:\/\/www.grandesterresbio.com\/?p=7191"},"modified":"2017-09-30T15:37:22","modified_gmt":"2017-09-30T14:37:22","slug":"polemique-autour-du-projet-de-la-ferme-aux-4000-vaches-en-bourgogne","status":"publish","type":"post","link":"https:\/\/claire-jannot.com\/?p=7191","title":{"rendered":"Pol\u00e9mique autour du projet de la ferme aux 4000 vaches en Bourgogne"},"content":{"rendered":"<h2>La Conf\u00e9d\u00e9ration paysanne a demand\u00e9 jeudi \u00e0 M\u00e2con l&rsquo;arr\u00eat d&rsquo;un projet de ferme en Sa\u00f4ne-et-Loire qui pourrait accueillir plus de 4.000 bovins destin\u00e9s notamment \u00e0 l&rsquo;export, qu&rsquo;elle juge embl\u00e9matique des \u00ab\u00a0d\u00e9rives\u00a0\u00bb li\u00e9es \u00e0 \u00ab\u00a0l&rsquo;industrialisation de l&rsquo;agriculture\u00a0\u00bb.<\/h2>\n<p><span style=\"color: #000000;\"><a href=\"https:\/\/i0.wp.com\/www.grandesterresbio.com\/wp-content\/uploads\/2017\/09\/Vache_animal_10.jpg\"><img data-recalc-dims=\"1\" loading=\"lazy\" decoding=\"async\" class=\"alignleft  wp-image-7192\" src=\"https:\/\/i0.wp.com\/www.grandesterresbio.com\/wp-content\/uploads\/2017\/09\/Vache_animal_10.jpg?resize=328%2C393\" alt=\"\" width=\"328\" height=\"393\" srcset=\"https:\/\/i0.wp.com\/claire-jannot.com\/wp-content\/uploads\/2017\/09\/Vache_animal_10.jpg?w=437&amp;ssl=1 437w, https:\/\/i0.wp.com\/claire-jannot.com\/wp-content\/uploads\/2017\/09\/Vache_animal_10.jpg?resize=250%2C300&amp;ssl=1 250w\" sizes=\"auto, (max-width: 328px) 100vw, 328px\" \/><\/a>\u00ab\u00a0Ce que nous demandons,<strong> c&rsquo;est l&rsquo;arr\u00eat de ce projet\u00a0\u00bb<\/strong>, a indiqu\u00e9 le porte-parole du syndicat agricole <strong>Laurent Pinatel<\/strong> lors d&rsquo;une conf\u00e9rence de presse.<\/span><\/p>\n<p><span style=\"color: #000000;\"> Pour lui, <strong>\u00ab\u00a0l&rsquo;agriculture industrielle prend la place des autres\u00a0\u00bb. \u00ab\u00a0C&rsquo;est ce syst\u00e8me qu&rsquo;il faut d\u00e9noncer\u00a0\u00bb<\/strong>. \u00ab\u00a0On s&rsquo;est tromp\u00e9s collectivement\u00a0\u00bb en disant qu&rsquo;il fallait toujours \u00ab\u00a0mettre plus d&rsquo;animaux dans les \u00e9levages\u00a0\u00bb, a ajout\u00e9 le responsable. <\/span><\/p>\n<p><span style=\"color: #000000;\"> Selon M. Pinatel, <strong>ce projet est contradictoire avec les \u00e9tats g\u00e9n\u00e9raux de l&rsquo;alimentation<\/strong>, qui posent la question de <strong>\u00ab\u00a0comment produire mieux et en phase avec les attentes des consommateurs\u00a0\u00bb.<\/strong><\/span><\/p>\n<p><span style=\"color: #000000;\"> La Conf\u00e9d\u00e9ration paysanne s&rsquo;inqui\u00e8te aussi du <strong>\u00ab\u00a0financement opaque\u00a0\u00bb<\/strong> du projet, de la diffusion \u00ab\u00a0sous-estim\u00e9e\u00a0\u00bb de polluants ou encore de la possible propagation de maladies.<\/span><\/p>\n<p><span style=\"color: #000000;\"> D&rsquo;autres organisations professionnelles d\u00e9fendent le projet. <strong>\u00ab\u00a0Le march\u00e9 \u00e0 l&rsquo;exportation a sa place. C&rsquo;est un outil utile, n\u00e9cessaire, pour la fili\u00e8re\u00a0\u00bb, a ainsi fait valoir Bernard Lacour, pr\u00e9sident de la FDSEA de Sa\u00f4ne-et-Loire<\/strong>, demandant toutefois \u00ab\u00a0\u00e0 l&rsquo;administration d&rsquo;\u00eatre vigilante en termes sanitaires et de suivi environnemental.\u00a0\u00bb<\/span><\/p>\n<p><span style=\"color: #000000;\"> Selon la demande d&rsquo;autorisation adress\u00e9e \u00e0 la pr\u00e9fecture par l&rsquo;\u00e9leveur, injoignable jeudi, le projet consiste \u00e0<strong> \u00ab\u00a0accueillir des bandes de jeunes bovins, pour mise en quarantaine sanitaire durant 5 semaines avant d&rsquo;\u00eatre export\u00e9s vers des centres d&rsquo;engraissement en France ou \u00e0 l&rsquo;\u00e9tranger\u00a0\u00bb<\/strong>, notamment vers les \u00ab\u00a0pays du Maghreb (plus particuli\u00e8rement Alg\u00e9rie, Maroc) et la Turquie\u00a0\u00bb.<\/span><\/p>\n<p><span style=\"color: #000000;\"> \u00ab\u00a0Au terme du projet de d\u00e9veloppement, l&rsquo;effectif instantan\u00e9 pourra atteindre <strong>un maximum de 3.910 bovins<\/strong> en pr\u00e9paration \u00e0 l&rsquo;exportation\u00a0\u00bb, en plus du troupeau existant de 320 vaches allaitantes et 240 bovins \u00e0 l&rsquo;engraissement, pr\u00e9cise le document.<\/span><\/p>\n<p><span style=\"color: #000000;\"> Ce projet est aussi d\u00e9nonc\u00e9 par les riverains, qui s&rsquo;inqui\u00e8tent des nuisances et ont mont\u00e9 une association, et par la fondation Brigitte Bardot, qui faisait fin ao\u00fbt un parall\u00e8le avec la <strong>ferme des \u00ab\u00a01.000 vaches\u00a0\u00bb qui fait pol\u00e9mique dans la Somme.<\/strong><\/span><\/p>\n<p><span style=\"color: #000000;\"> Le pr\u00e9fet de Sa\u00f4ne-et-Loire devra se prononcer sur le projet apr\u00e8s avoir re\u00e7u<strong> diff\u00e9rents avis dont celui, favorable, rendu par la direction r\u00e9gionale de l&rsquo;environnement<\/strong> (DREAL) de Bourgogne Franche-Comt\u00e9.<\/span><\/p>\n<p><span style=\"color: #000000;\"> Une enqu\u00eate publique sur la question s&rsquo;est achev\u00e9e le 22 septembre et a vu affluer les observations, dont une p\u00e9tition de l&rsquo;association <strong>Agir pour l&rsquo;environnement qui a recueilli plus de 66.000 signatures<\/strong>. Le commissaire enqu\u00eateur rendra ses conclusions fin octobre ou d\u00e9but novembre.<\/span><\/p>\n<h6><span style=\"color: #000000;\">Source :\u00a0M\u00c2CON,\u00a028 sept 2017 (AFP)<\/span><\/h6>\n<h6>Cr\u00e9dit photo :\u00a0By Gzen92 (Own work) [CC BY-SA 4.0 (https:\/\/creativecommons.org\/licenses\/by-sa\/4.0)], via Wikimedia Commons<\/h6>\n<p>&nbsp;<\/p>\n<p>&nbsp;<\/p>\n<p>&nbsp;<\/p>\n","protected":false},"excerpt":{"rendered":"<p>La Conf\u00e9d\u00e9ration paysanne a demand\u00e9 jeudi \u00e0 M\u00e2con l&rsquo;arr\u00eat d&rsquo;un projet de ferme en Sa\u00f4ne-et-Loire qui pourrait accueillir plus de 4.000 bovins destin\u00e9s notamment \u00e0 l&rsquo;export, qu&rsquo;elle juge embl\u00e9matique des \u00ab\u00a0d\u00e9rives\u00a0\u00bb li\u00e9es \u00e0 \u00ab\u00a0l&rsquo;industrialisation de l&rsquo;agriculture\u00a0\u00bb. \u00ab\u00a0Ce que nous demandons, &hellip; <a href=\"https:\/\/claire-jannot.com\/?p=7191\">Continuer la lecture <span class=\"meta-nav\">&rarr;<\/span><\/a><\/p>\n","protected":false},"author":1,"featured_media":0,"comment_status":"open","ping_status":"open","sticky":false,"template":"","format":"standard","meta":{"jetpack_post_was_ever_published":false,"_jetpack_newsletter_access":"","_jetpack_dont_email_post_to_subs":false,"_jetpack_newsletter_tier_id":0,"_jetpack_memberships_contains_paywalled_content":false,"_jetpack_memberships_contains_paid_content":false,"footnotes":"","jetpack_publicize_message":"","jetpack_publicize_feature_enabled":true,"jetpack_social_post_already_shared":true,"jetpack_social_options":{"image_generator_settings":{"template":"highway","default_image_id":0,"font":"","enabled":false},"version":2}},"categories":[1],"tags":[42,58,36,48],"class_list":["post-7191","post","type-post","status-publish","format-standard","hentry","category-alimentation","tag-agriculture","tag-alimentation-2","tag-pollution","tag-vie-animale"],"jetpack_publicize_connections":[],"jetpack_featured_media_url":"","jetpack_sharing_enabled":true,"jetpack_shortlink":"https:\/\/wp.me\/p5jjt5-1RZ","_links":{"self":[{"href":"https:\/\/claire-jannot.com\/index.php?rest_route=\/wp\/v2\/posts\/7191","targetHints":{"allow":["GET"]}}],"collection":[{"href":"https:\/\/claire-jannot.com\/index.php?rest_route=\/wp\/v2\/posts"}],"about":[{"href":"https:\/\/claire-jannot.com\/index.php?rest_route=\/wp\/v2\/types\/post"}],"author":[{"embeddable":true,"href":"https:\/\/claire-jannot.com\/index.php?rest_route=\/wp\/v2\/users\/1"}],"replies":[{"embeddable":true,"href":"https:\/\/claire-jannot.com\/index.php?rest_route=%2Fwp%2Fv2%2Fcomments&post=7191"}],"version-history":[{"count":3,"href":"https:\/\/claire-jannot.com\/index.php?rest_route=\/wp\/v2\/posts\/7191\/revisions"}],"predecessor-version":[{"id":7195,"href":"https:\/\/claire-jannot.com\/index.php?rest_route=\/wp\/v2\/posts\/7191\/revisions\/7195"}],"wp:attachment":[{"href":"https:\/\/claire-jannot.com\/index.php?rest_route=%2Fwp%2Fv2%2Fmedia&parent=7191"}],"wp:term":[{"taxonomy":"category","embeddable":true,"href":"https:\/\/claire-jannot.com\/index.php?rest_route=%2Fwp%2Fv2%2Fcategories&post=7191"},{"taxonomy":"post_tag","embeddable":true,"href":"https:\/\/claire-jannot.com\/index.php?rest_route=%2Fwp%2Fv2%2Ftags&post=7191"}],"curies":[{"name":"wp","href":"https:\/\/api.w.org\/{rel}","templated":true}]}}