{"id":7196,"date":"2017-12-15T12:33:06","date_gmt":"2017-12-15T11:33:06","guid":{"rendered":"http:\/\/www.grandesterresbio.com\/?p=7196"},"modified":"2017-12-15T12:33:06","modified_gmt":"2017-12-15T11:33:06","slug":"lecolabel-europeen-a-notre-service-depuis-25-ans","status":"publish","type":"post","link":"https:\/\/claire-jannot.com\/?p=7196","title":{"rendered":"L&rsquo;\u00e9colabel europ\u00e9en, \u00e0 notre service depuis 25 ans"},"content":{"rendered":"<h2><span style=\"color: #000000;\">Des d\u00e9tergents aux h\u00f4tels, quelque 4.500 biens et services b\u00e9n\u00e9ficient en France de l'\u00a0\u00bb\u00e9colabel europ\u00e9en\u00a0\u00bb, mis en place il y a tout juste 25 ans et garantissant un moindre impact environnemental, selon un bilan de l&rsquo;Agence fran\u00e7aise de l&rsquo;environnement et la ma\u00eetrise de l&rsquo;\u00e9nergie (Ademe) publi\u00e9 jeudi.<\/span><\/h2>\n<p><span style=\"color: #000000;\"><a href=\"https:\/\/i0.wp.com\/www.grandesterresbio.com\/wp-content\/uploads\/2017\/12\/europe-ecolabel_04.png\"><img data-recalc-dims=\"1\" loading=\"lazy\" decoding=\"async\" class=\"alignleft size-full wp-image-7197\" src=\"https:\/\/i0.wp.com\/www.grandesterresbio.com\/wp-content\/uploads\/2017\/12\/europe-ecolabel_04.png?resize=178%2C177\" alt=\"\" width=\"178\" height=\"177\" srcset=\"https:\/\/i0.wp.com\/claire-jannot.com\/wp-content\/uploads\/2017\/12\/europe-ecolabel_04.png?w=178&amp;ssl=1 178w, https:\/\/i0.wp.com\/claire-jannot.com\/wp-content\/uploads\/2017\/12\/europe-ecolabel_04.png?resize=150%2C150&amp;ssl=1 150w\" sizes=\"auto, (max-width: 178px) 100vw, 178px\" \/><\/a>Pourtant, le logo \u00e0 la fleur, <strong>seul label \u00e9cologique officiel utilisable dans tous les pays de l&rsquo;UE<\/strong> (hors produits pharmaceutiques et alimentaires), n&rsquo;est pas encore identifiable par tous.<\/span><\/p>\n<p><strong><span style=\"color: #000000;\">Selon un sondage OpinionWay r\u00e9alis\u00e9 pour l&rsquo;Agence en f\u00e9vrier, 70% des Fran\u00e7ais d\u00e9clarent conna\u00eetre ce label, mais seuls 19% d&rsquo;entre eux ont d\u00e9j\u00e0 achet\u00e9 un produit ou un service frapp\u00e9 de ce symbole (soit 14% de l&rsquo;\u00e9chantillon).<\/span><\/strong><\/p>\n<p><span style=\"color: #000000;\">Et seul un tiers sait qu&rsquo;il d\u00e9signe <strong>des produits plus respectueux de l&rsquo;environnement<\/strong>, ajoute l&rsquo;enqu\u00eate.<\/span><\/p>\n<p><span style=\"color: #000000;\">Ce tampon concerne aujourd&rsquo;hui <strong>31 cat\u00e9gories de produits (hygi\u00e8ne et entretien, peintures, matelas, papeterie mais aussi campings et h\u00f4tels).<\/strong> Qui \u00ab\u00a0ne sont pas n\u00e9cessairement plus chers\u00a0\u00bb, souligne l&rsquo;Ademe, insistant aussi sur sa \u00ab\u00a0fiabilit\u00e9\u00a0\u00bb.<\/span><\/p>\n<p><span style=\"color: #000000;\">Le label garantit \u00e0 la fois <strong>la performance et moins de substances toxiques, de d\u00e9chets et d&rsquo;\u00e9nergie consomm\u00e9e<\/strong> (crit\u00e8res d&rsquo;attribution fix\u00e9s par une \u00e9quipe de l&rsquo;UE sur consultation d&rsquo;ONG, experts, acteurs institutionnels et industriels).<\/span><\/p>\n<p><span style=\"color: #000000;\"><strong>La France recense le plus grand nombre d&rsquo;entreprises titulaires de cette licence: plus de 500<\/strong> (sur 1.998 en Europe), proposant 4.366 r\u00e9f\u00e9rences de produits. Auxquelles s&rsquo;ajoutent 264 \u00e9tablissements (h\u00f4tels, villages vacances, g\u00eetes&#8230;) et 78 campings.<\/span><\/p>\n<p><span style=\"color: #000000;\"><strong>Avec la France, c&rsquo;est en Italie et en Allemagne<\/strong> qu&rsquo;on attribue le plus l&rsquo;Ecolabel.<\/span><\/p>\n<p><span style=\"color: #000000;\">Jusqu&rsquo;ici, il concernait surtout des PME, pour des consommateurs sensibilis\u00e9s aux questions environnementales. Mais depuis 5-6 ans, de grandes entreprises fran\u00e7aises implant\u00e9es en Europe s&rsquo;y mettent, souligne encore l&rsquo;Ademe.<\/span><\/p>\n<h6><span style=\"color: #000000;\">Source\u00a0: PARIS, 2017 (AFP)<\/span><\/h6>\n<p>&nbsp;<\/p>\n<p>&nbsp;<\/p>\n<p>&nbsp;<\/p>\n<p>&nbsp;<\/p>\n<p>&nbsp;<\/p>\n","protected":false},"excerpt":{"rendered":"<p>Des d\u00e9tergents aux h\u00f4tels, quelque 4.500 biens et services b\u00e9n\u00e9ficient en France de l&rsquo;\u00a0\u00bb\u00e9colabel europ\u00e9en\u00a0\u00bb, mis en place il y a tout juste 25 ans et garantissant un moindre impact environnemental, selon un bilan de l&rsquo;Agence fran\u00e7aise de l&rsquo;environnement et &hellip; <a href=\"https:\/\/claire-jannot.com\/?p=7196\">Continuer la lecture <span class=\"meta-nav\">&rarr;<\/span><\/a><\/p>\n","protected":false},"author":1,"featured_media":0,"comment_status":"open","ping_status":"open","sticky":false,"template":"","format":"standard","meta":{"jetpack_post_was_ever_published":false,"_jetpack_newsletter_access":"","_jetpack_dont_email_post_to_subs":false,"_jetpack_newsletter_tier_id":0,"_jetpack_memberships_contains_paywalled_content":false,"_jetpack_memberships_contains_paid_content":false,"footnotes":"","jetpack_publicize_message":"","jetpack_publicize_feature_enabled":true,"jetpack_social_post_already_shared":true,"jetpack_social_options":{"image_generator_settings":{"template":"highway","default_image_id":0,"font":"","enabled":false},"version":2}},"categories":[2,47],"tags":[3,5,11],"class_list":["post-7196","post","type-post","status-publish","format-standard","hentry","category-ecologie","category-societe","tag-consommation","tag-environnement","tag-societe-2"],"jetpack_publicize_connections":[],"jetpack_featured_media_url":"","jetpack_sharing_enabled":true,"jetpack_shortlink":"https:\/\/wp.me\/p5jjt5-1S4","_links":{"self":[{"href":"https:\/\/claire-jannot.com\/index.php?rest_route=\/wp\/v2\/posts\/7196","targetHints":{"allow":["GET"]}}],"collection":[{"href":"https:\/\/claire-jannot.com\/index.php?rest_route=\/wp\/v2\/posts"}],"about":[{"href":"https:\/\/claire-jannot.com\/index.php?rest_route=\/wp\/v2\/types\/post"}],"author":[{"embeddable":true,"href":"https:\/\/claire-jannot.com\/index.php?rest_route=\/wp\/v2\/users\/1"}],"replies":[{"embeddable":true,"href":"https:\/\/claire-jannot.com\/index.php?rest_route=%2Fwp%2Fv2%2Fcomments&post=7196"}],"version-history":[{"count":2,"href":"https:\/\/claire-jannot.com\/index.php?rest_route=\/wp\/v2\/posts\/7196\/revisions"}],"predecessor-version":[{"id":7201,"href":"https:\/\/claire-jannot.com\/index.php?rest_route=\/wp\/v2\/posts\/7196\/revisions\/7201"}],"wp:attachment":[{"href":"https:\/\/claire-jannot.com\/index.php?rest_route=%2Fwp%2Fv2%2Fmedia&parent=7196"}],"wp:term":[{"taxonomy":"category","embeddable":true,"href":"https:\/\/claire-jannot.com\/index.php?rest_route=%2Fwp%2Fv2%2Fcategories&post=7196"},{"taxonomy":"post_tag","embeddable":true,"href":"https:\/\/claire-jannot.com\/index.php?rest_route=%2Fwp%2Fv2%2Ftags&post=7196"}],"curies":[{"name":"wp","href":"https:\/\/api.w.org\/{rel}","templated":true}]}}