{"id":7205,"date":"2017-12-17T13:00:22","date_gmt":"2017-12-17T12:00:22","guid":{"rendered":"http:\/\/www.grandesterresbio.com\/?p=7205"},"modified":"2017-12-15T13:20:53","modified_gmt":"2017-12-15T12:20:53","slug":"qui-sont-les-medecins-francais-en-2017","status":"publish","type":"post","link":"https:\/\/claire-jannot.com\/?p=7205","title":{"rendered":"Qui sont les m\u00e9decins fran\u00e7ais en 2017 ?"},"content":{"rendered":"<h2>Age, effectifs, mode d&rsquo;exercice: voici un tableau de la population m\u00e9dicale en France, qui compte 330,7 m\u00e9decins pour 100.000 habitants selon l&rsquo;Atlas 2017 de la d\u00e9mographie m\u00e9dicale publi\u00e9 par le Conseil national de l&rsquo;Ordre des m\u00e9decins (CNOM).<\/h2>\n<p><a href=\"https:\/\/i0.wp.com\/www.grandesterresbio.com\/wp-content\/uploads\/2017\/12\/medical.jpg\"><img data-recalc-dims=\"1\" loading=\"lazy\" decoding=\"async\" class=\"alignleft  wp-image-7206\" src=\"https:\/\/i0.wp.com\/www.grandesterresbio.com\/wp-content\/uploads\/2017\/12\/medical.jpg?resize=388%2C194\" alt=\"\" width=\"388\" height=\"194\" srcset=\"https:\/\/i0.wp.com\/claire-jannot.com\/wp-content\/uploads\/2017\/12\/medical.jpg?w=600&amp;ssl=1 600w, https:\/\/i0.wp.com\/claire-jannot.com\/wp-content\/uploads\/2017\/12\/medical.jpg?resize=300%2C150&amp;ssl=1 300w\" sizes=\"auto, (max-width: 388px) 100vw, 388px\" \/><\/a><strong>EFFECTIFS GLOBAUX:<\/strong><br \/>\n<strong>290.974<\/strong> m\u00e9decins sont inscrits \u00e0 l&rsquo;Ordre national des m\u00e9decins au 1er janvier 2017 (<strong>+1,8% en un an, + 15% en dix ans<\/strong>). Parmi eux, 215.941 sont en activit\u00e9 totale (m\u00e9decins en activit\u00e9 r\u00e9guli\u00e8re, ou rempla\u00e7ants, ou temporairement sans activit\u00e9).<\/p>\n<p><strong>\u00c2GE:<\/strong><br \/>\nLes m\u00e9decins inscrits en activit\u00e9 r\u00e9guli\u00e8re au tableau de l&rsquo;Ordre sont <strong>\u00e2g\u00e9s en moyenne de 51,2 ans.<\/strong> <strong>Ceux \u00e2g\u00e9s de 60 ans et plus repr\u00e9sentent 28% des effectifs, les moins de 40 ans 20% des effectifs.<\/strong><\/p>\n<p><strong>F\u00c9MINISATION: <\/strong><br \/>\nLa f\u00e9minisation de la profession se poursuit: <strong>les femmes repr\u00e9sentent 47% des m\u00e9decins<\/strong> en activit\u00e9 r\u00e9guli\u00e8re contre 38% en 2007.<\/p>\n<p><strong>MODE DE R\u00c9MUN\u00c9RATION:<\/strong><br \/>\n<strong>46,5% des m\u00e9decins en activit\u00e9 r\u00e9guli\u00e8re sont salari\u00e9s<\/strong>, 42,8% en lib\u00e9ral et 10,7% pratiquent une activit\u00e9 mixte.<\/p>\n<p><strong>RETRAITE :<\/strong><br \/>\nLe CNOM recense <strong>75.033 retrait\u00e9s<\/strong> dont 16.853 en cumul emploi-retraite. En 2016, 6.208 m\u00e9decins ont fait valoir leur droit \u00e0 la retraite (+155% en dix ans).<\/p>\n<p><strong>DENSIT\u00c9 M\u00c9DICALE :<\/strong><br \/>\n<strong>Huit r\u00e9gions (selon l&rsquo;ancien d\u00e9coupage) ont une densit\u00e9 m\u00e9dicale sup\u00e9rieure \u00e0 la moyenne.<\/strong> En t\u00eate, la r\u00e9gion Provence-Alpes-C\u00f4te d&rsquo;Azur (Paca), puis l&rsquo;Aquitaine, le Limousin et Poitou-Charentes suivis de la Bourgogne et de la Franche-Comt\u00e9. L&rsquo;Ile-de-France arrive au cinqui\u00e8me rang des r\u00e9gions les plus denses.<\/p>\n<p>Les DOM, \u00e0 l&rsquo;exception de la R\u00e9union, sont \u00e0 l&rsquo;inverse les moins denses, suivis par les r\u00e9gions Centre-Val de Loire, Pays de la Loire, Nord-Pas-de-Calais et Picardie, Bretagne et Corse.<\/p>\n<p><strong>M\u00c9DECINS DIPL\u00d4M\u00c9S HORS DE FRANCE :<\/strong><br \/>\nLes m\u00e9decins titulaires d&rsquo;un dipl\u00f4me europ\u00e9en ou extra-europ\u00e9en exer\u00e7ant leur profession sur le territoire fran\u00e7ais sont au nombre de <strong>22.619 (10.053 europ\u00e9ens, soit 44,4%, et 12.566 extra-europ\u00e9ens)<\/strong>. Ils repr\u00e9sentent 11,8% des m\u00e9decins en activit\u00e9 r\u00e9guli\u00e8re (+7,8 points par rapport \u00e0 2007).<\/p>\n<p>Parmi les m\u00e9decins dipl\u00f4m\u00e9s dans l&rsquo;Union europ\u00e9enne, <strong>42% ont obtenu leur dipl\u00f4me en Roumanie (+659% en dix ans), devant la Belgique (16%)<\/strong><\/p>\n<p>Les dipl\u00f4mes extra-europ\u00e9ens ont \u00e9t\u00e9 obtenus en <strong>Alg\u00e9rie pour 38%, devant la Syrie (11%).<\/strong><\/p>\n<h6>Source\u00a0: PARIS, 2017 (AFP)<\/h6>\n<p>&nbsp;<\/p>\n<p>&nbsp;<\/p>\n<p>&nbsp;<\/p>\n","protected":false},"excerpt":{"rendered":"<p>Age, effectifs, mode d&rsquo;exercice: voici un tableau de la population m\u00e9dicale en France, qui compte 330,7 m\u00e9decins pour 100.000 habitants selon l&rsquo;Atlas 2017 de la d\u00e9mographie m\u00e9dicale publi\u00e9 par le Conseil national de l&rsquo;Ordre des m\u00e9decins (CNOM). EFFECTIFS GLOBAUX: 290.974 &hellip; <a href=\"https:\/\/claire-jannot.com\/?p=7205\">Continuer la lecture <span class=\"meta-nav\">&rarr;<\/span><\/a><\/p>\n","protected":false},"author":1,"featured_media":0,"comment_status":"open","ping_status":"open","sticky":false,"template":"","format":"standard","meta":{"jetpack_post_was_ever_published":false,"_jetpack_newsletter_access":"","_jetpack_dont_email_post_to_subs":false,"_jetpack_newsletter_tier_id":0,"_jetpack_memberships_contains_paywalled_content":false,"_jetpack_memberships_contains_paid_content":false,"footnotes":"","jetpack_publicize_message":"","jetpack_publicize_feature_enabled":true,"jetpack_social_post_already_shared":true,"jetpack_social_options":{"image_generator_settings":{"template":"highway","default_image_id":0,"font":"","enabled":false},"version":2}},"categories":[2],"tags":[10],"class_list":["post-7205","post","type-post","status-publish","format-standard","hentry","category-ecologie","tag-sante"],"jetpack_publicize_connections":[],"jetpack_featured_media_url":"","jetpack_sharing_enabled":true,"jetpack_shortlink":"https:\/\/wp.me\/p5jjt5-1Sd","_links":{"self":[{"href":"https:\/\/claire-jannot.com\/index.php?rest_route=\/wp\/v2\/posts\/7205","targetHints":{"allow":["GET"]}}],"collection":[{"href":"https:\/\/claire-jannot.com\/index.php?rest_route=\/wp\/v2\/posts"}],"about":[{"href":"https:\/\/claire-jannot.com\/index.php?rest_route=\/wp\/v2\/types\/post"}],"author":[{"embeddable":true,"href":"https:\/\/claire-jannot.com\/index.php?rest_route=\/wp\/v2\/users\/1"}],"replies":[{"embeddable":true,"href":"https:\/\/claire-jannot.com\/index.php?rest_route=%2Fwp%2Fv2%2Fcomments&post=7205"}],"version-history":[{"count":3,"href":"https:\/\/claire-jannot.com\/index.php?rest_route=\/wp\/v2\/posts\/7205\/revisions"}],"predecessor-version":[{"id":7209,"href":"https:\/\/claire-jannot.com\/index.php?rest_route=\/wp\/v2\/posts\/7205\/revisions\/7209"}],"wp:attachment":[{"href":"https:\/\/claire-jannot.com\/index.php?rest_route=%2Fwp%2Fv2%2Fmedia&parent=7205"}],"wp:term":[{"taxonomy":"category","embeddable":true,"href":"https:\/\/claire-jannot.com\/index.php?rest_route=%2Fwp%2Fv2%2Fcategories&post=7205"},{"taxonomy":"post_tag","embeddable":true,"href":"https:\/\/claire-jannot.com\/index.php?rest_route=%2Fwp%2Fv2%2Ftags&post=7205"}],"curies":[{"name":"wp","href":"https:\/\/api.w.org\/{rel}","templated":true}]}}