{"id":7216,"date":"2017-12-20T15:47:51","date_gmt":"2017-12-20T14:47:51","guid":{"rendered":"http:\/\/www.grandesterresbio.com\/?p=7216"},"modified":"2017-12-20T16:14:40","modified_gmt":"2017-12-20T15:14:40","slug":"et-si-on-organisait-un-reveillon-bon-pour-le-climat","status":"publish","type":"post","link":"https:\/\/claire-jannot.com\/?p=7216","title":{"rendered":"Et si on organisait un r\u00e9veillon bon pour le climat ?"},"content":{"rendered":"<h2>Poissons issus de la p\u00eache durable, volailles labellis\u00e9es, l\u00e9gumineuses \u00e0 gogo, produits de saison cuisin\u00e9s enti\u00e8rement pour limiter les d\u00e9chets: un menu \u00e9co-responsable, m\u00eame pendant les f\u00eates, c&rsquo;est possible.<\/h2>\n<p><a href=\"https:\/\/i0.wp.com\/www.grandesterresbio.com\/wp-content\/uploads\/2017\/12\/saint-jacques-poelees-aux-chataignes-et-granny-smith1.jpg\"><img data-recalc-dims=\"1\" loading=\"lazy\" decoding=\"async\" class=\"alignleft wp-image-7217\" src=\"https:\/\/i0.wp.com\/www.grandesterresbio.com\/wp-content\/uploads\/2017\/12\/saint-jacques-poelees-aux-chataignes-et-granny-smith1.jpg?resize=315%2C255\" alt=\"\" width=\"315\" height=\"255\" srcset=\"https:\/\/i0.wp.com\/claire-jannot.com\/wp-content\/uploads\/2017\/12\/saint-jacques-poelees-aux-chataignes-et-granny-smith1.jpg?w=1000&amp;ssl=1 1000w, https:\/\/i0.wp.com\/claire-jannot.com\/wp-content\/uploads\/2017\/12\/saint-jacques-poelees-aux-chataignes-et-granny-smith1.jpg?resize=300%2C243&amp;ssl=1 300w, https:\/\/i0.wp.com\/claire-jannot.com\/wp-content\/uploads\/2017\/12\/saint-jacques-poelees-aux-chataignes-et-granny-smith1.jpg?resize=768%2C623&amp;ssl=1 768w\" sizes=\"auto, (max-width: 315px) 100vw, 315px\" \/><\/a>\u00ab\u00a0On n&rsquo;a pas besoin de se gaver, <strong>le principal est que ce soit go\u00fbteux<\/strong>\u00ab\u00a0, souligne Fran\u00e7ois Pasteau, chef du restaurant <strong>L&rsquo;Epi Dupin<\/strong> \u00e0 Paris et pr\u00e9sident de l&rsquo;association <strong>\u00ab\u00a0Bon pour le climat\u00a0\u00bb<\/strong>, qui veut encourager les restaurateurs \u00e0 lutter contre le r\u00e9chauffement plan\u00e9taire.<\/p>\n<p><strong>Pour commencer :<\/strong> Alors que l&rsquo;ap\u00e9ritif donne souvent lieu \u00e0 de nombreux d\u00e9chets en raison des emballages des biscuits et fromages fondus, le chef propose en amuse-bouche de pr\u00e9parer une <strong>galette \u00e0 la farine de pois chiche (la socca, sp\u00e9cialit\u00e9 ni\u00e7oise), \u00e0 briser en morceaux pour accompagner une mousseline de panais, agr\u00e9ment\u00e9e d&rsquo;un peu d&rsquo;huile de noisette.<\/strong><\/p>\n<p>\u00ab\u00a0Le pois chiche est un l\u00e9gume tr\u00e8s prot\u00e9in\u00e9, et de proximit\u00e9\u00a0\u00bb, souligne Fran\u00e7ois Pasteau, qui par ailleurs cuisine le panais dans son entier, en utilisant les \u00e9pluchures pour en faire des chips.<\/p>\n<p>En entr\u00e9e il pr\u00e9voit un <strong>carpaccio de radis divers, assaisonn\u00e9 avec une huile de cameline<\/strong>, \u00ab\u00a0plante qu&rsquo;on trouve en r\u00e9gion parisienne, et qui a un go\u00fbt de chou rave\u00a0\u00bb, surmont\u00e9 d&rsquo;un tartare de mulet noir, poisson issu de la p\u00eache durable.<\/p>\n<p><strong>Pour la boisson :<\/strong> Romain Meder, chef ex\u00e9cutif du restaurant d&rsquo;Alain Ducasse au Plaza Ath\u00e9n\u00e9e \u00e0 Paris, table triplement \u00e9toil\u00e9e qui propose autour des poissons, l\u00e9gumes et c\u00e9r\u00e9ales, une cuisine \u00ab\u00a0plus saine et naturelle, plus respectueuse de la plan\u00e8te\u00a0\u00bb, sugg\u00e8re de commencer le repas avec une boisson v\u00e9g\u00e9tale rafra\u00eechissante. Comme <strong>un jus de kiwi et m\u00e9lilot, une herbe aux fleurs jaunes et au go\u00fbt de foin.<\/strong><\/p>\n<p>Fran\u00e7ois Pasteau, qui s\u00e9lectionne dans son restaurant de nombreux vins bios et en <strong>biodynamie (moins d&rsquo;intrants, respect des rythmes lunaires)<\/strong>, pr\u00e9conise c\u00f4t\u00e9 bulles des champagnes \u00ab\u00a0de vignerons\u00a0\u00bb, en demeter si possible.<\/p>\n<p>En plat principal, il opte pour des noix de Saint-Jacques, po\u00eal\u00e9es, avec des scorson\u00e8res, l\u00e9gumes racines \u00e0 la saveur l\u00e9g\u00e8rement sucr\u00e9e, po\u00eal\u00e9es \u00e0 la minute avec du beurre et des algues fra\u00eeches.<\/p>\n<p>Quant aux crevettes, qui viennent souvent de Madagascar et d&rsquo;Indon\u00e9sie \u00ab\u00a0<strong>il vaut mieux les prendre bio, ou alors prendre des crevettes fra\u00eeches\u00a0\u00bb<\/strong>, indique Elodie Martinie-Cousty, responsable du r\u00e9seau oc\u00e9ans, mers et littoraux de <strong>FNE<\/strong>, qui recommande aussi de choisir des hu\u00eetres produites par un ostr\u00e9iculteur traditionnel.<\/p>\n<p><strong>Et la viande, climato-compatible ?<\/strong> Aux carnivores, Fran\u00e7ois Pasteau sugg\u00e8re un poulet bio qu&rsquo;il propose de faire en blanquette.<\/p>\n<p><strong>Les viandes de volaille, indique l&rsquo;Ademe, ont un impact moindre sur l&rsquo;environnement<\/strong> que la viande rouge qui n\u00e9cessite \u00ab\u00a0plus de structures pour \u00e9lever les animaux, implique de produire beaucoup d&rsquo;alimentation, d&rsquo;eau, d&rsquo;engrais etc\u00a0\u00bb.<\/p>\n<p>FNE conseille aussi pour la viande de <strong>\u00ab\u00a0privil\u00e9gier celle issue d&rsquo;\u00e9levages en plein air, avec des labels, type Label Rouge, ou bio\u00a0\u00bb.<\/strong> \u00ab\u00a0Pour le climat, on invite \u00e0 consommer moins de prot\u00e9ines animales. Donc quand vous le faites, consommez de qualit\u00e9\u00a0\u00bb, recommande Jean-Baptiste Poncelet, responsable des programmes de cette f\u00e9d\u00e9ration.<\/p>\n<p>\u00ab\u00a0On peut proposer un repas de f\u00eate sans prot\u00e9ines animales mais cela demande un peu plus de r\u00e9flexion\u00a0\u00bb, reconna\u00eet Romain Meder, qui propose notamment <strong>\u00ab\u00a0un chou-fleur cuit en brioche, recouvert de comt\u00e9, sur lequel on peut r\u00e2per de la truffe noire\u00a0\u00bb.<\/strong><\/p>\n<p><strong>Et en dessert ?<\/strong> \u00ab\u00a0Une courge cuite en papillote, avec des cl\u00e9mentines r\u00f4ties\u00a0\u00bb, sugg\u00e8re Romain Meder.<\/p>\n<p>Fran\u00e7ois Pasteau conseille une <strong>verrine de lentilles confites accompagn\u00e9es de d\u00e9s de pommes et d&rsquo;un peu de persil racine.<\/strong> Ou une compote de pommes au Grand Marnier et raisins de Corinthe avec de la poudre d&rsquo;amandes, des quartiers de cl\u00e9mentines et du pain d&rsquo;\u00e9pices.<\/p>\n<p><strong>Joyeux R\u00e9veillon !<\/strong><\/p>\n<h6><\/h6>\n<h6>Source\u00a0: PARIS,\u00a020 d\u00e9c 2017 (AFP)<\/h6>\n<h6>Cr\u00e9dit photo :\u00a0http:\/\/www.marieclaire.fr\/cuisine\/menu-noel-recette-simple-rapide-facile,1189650.asp<\/h6>\n<p>&nbsp;<\/p>\n<p>&nbsp;<\/p>\n","protected":false},"excerpt":{"rendered":"<p>Poissons issus de la p\u00eache durable, volailles labellis\u00e9es, l\u00e9gumineuses \u00e0 gogo, produits de saison cuisin\u00e9s enti\u00e8rement pour limiter les d\u00e9chets: un menu \u00e9co-responsable, m\u00eame pendant les f\u00eates, c&rsquo;est possible. \u00ab\u00a0On n&rsquo;a pas besoin de se gaver, le principal est que &hellip; <a href=\"https:\/\/claire-jannot.com\/?p=7216\">Continuer la lecture <span class=\"meta-nav\">&rarr;<\/span><\/a><\/p>\n","protected":false},"author":1,"featured_media":0,"comment_status":"open","ping_status":"open","sticky":false,"template":"","format":"standard","meta":{"jetpack_post_was_ever_published":false,"_jetpack_newsletter_access":"","_jetpack_dont_email_post_to_subs":false,"_jetpack_newsletter_tier_id":0,"_jetpack_memberships_contains_paywalled_content":false,"_jetpack_memberships_contains_paid_content":false,"footnotes":"","jetpack_publicize_message":"","jetpack_publicize_feature_enabled":true,"jetpack_social_post_already_shared":true,"jetpack_social_options":{"image_generator_settings":{"template":"highway","default_image_id":0,"font":"","enabled":false},"version":2}},"categories":[1],"tags":[3,27],"class_list":["post-7216","post","type-post","status-publish","format-standard","hentry","category-alimentation","tag-consommation","tag-insolite"],"jetpack_publicize_connections":[],"jetpack_featured_media_url":"","jetpack_sharing_enabled":true,"jetpack_shortlink":"https:\/\/wp.me\/p5jjt5-1So","_links":{"self":[{"href":"https:\/\/claire-jannot.com\/index.php?rest_route=\/wp\/v2\/posts\/7216","targetHints":{"allow":["GET"]}}],"collection":[{"href":"https:\/\/claire-jannot.com\/index.php?rest_route=\/wp\/v2\/posts"}],"about":[{"href":"https:\/\/claire-jannot.com\/index.php?rest_route=\/wp\/v2\/types\/post"}],"author":[{"embeddable":true,"href":"https:\/\/claire-jannot.com\/index.php?rest_route=\/wp\/v2\/users\/1"}],"replies":[{"embeddable":true,"href":"https:\/\/claire-jannot.com\/index.php?rest_route=%2Fwp%2Fv2%2Fcomments&post=7216"}],"version-history":[{"count":1,"href":"https:\/\/claire-jannot.com\/index.php?rest_route=\/wp\/v2\/posts\/7216\/revisions"}],"predecessor-version":[{"id":7218,"href":"https:\/\/claire-jannot.com\/index.php?rest_route=\/wp\/v2\/posts\/7216\/revisions\/7218"}],"wp:attachment":[{"href":"https:\/\/claire-jannot.com\/index.php?rest_route=%2Fwp%2Fv2%2Fmedia&parent=7216"}],"wp:term":[{"taxonomy":"category","embeddable":true,"href":"https:\/\/claire-jannot.com\/index.php?rest_route=%2Fwp%2Fv2%2Fcategories&post=7216"},{"taxonomy":"post_tag","embeddable":true,"href":"https:\/\/claire-jannot.com\/index.php?rest_route=%2Fwp%2Fv2%2Ftags&post=7216"}],"curies":[{"name":"wp","href":"https:\/\/api.w.org\/{rel}","templated":true}]}}