{"id":7219,"date":"2017-12-21T16:06:42","date_gmt":"2017-12-21T15:06:42","guid":{"rendered":"http:\/\/www.grandesterresbio.com\/?p=7219"},"modified":"2017-12-20T16:15:00","modified_gmt":"2017-12-20T15:15:00","slug":"comment-lutter-contre-les-especes-envahissantes","status":"publish","type":"post","link":"https:\/\/claire-jannot.com\/?p=7219","title":{"rendered":"Comment lutter contre les esp\u00e8ces envahissantes ?"},"content":{"rendered":"<h2><span style=\"color: #000000;\">A les voir s&rsquo;acclimater dans la nature environnante, elles semblent inoffensives. Mais les esp\u00e8ces exotiques envahissantes constituent l&rsquo;une des plus grandes menaces pour la biodiversit\u00e9. Pour limiter leur prolif\u00e9ration, \u00c9tat et acteurs locaux se mettent en ordre de bataille.<\/span><\/h2>\n<div id=\"attachment_7220\" style=\"width: 322px\" class=\"wp-caption alignleft\"><a href=\"https:\/\/i0.wp.com\/www.grandesterresbio.com\/wp-content\/uploads\/2017\/12\/1024px-Pacifastacus_leniusculus_2.jpg\"><img data-recalc-dims=\"1\" loading=\"lazy\" decoding=\"async\" aria-describedby=\"caption-attachment-7220\" class=\" wp-image-7220\" src=\"https:\/\/i0.wp.com\/www.grandesterresbio.com\/wp-content\/uploads\/2017\/12\/1024px-Pacifastacus_leniusculus_2.jpg?resize=312%2C234\" alt=\"\" width=\"312\" height=\"234\" srcset=\"https:\/\/i0.wp.com\/claire-jannot.com\/wp-content\/uploads\/2017\/12\/1024px-Pacifastacus_leniusculus_2.jpg?w=1024&amp;ssl=1 1024w, https:\/\/i0.wp.com\/claire-jannot.com\/wp-content\/uploads\/2017\/12\/1024px-Pacifastacus_leniusculus_2.jpg?resize=300%2C225&amp;ssl=1 300w, https:\/\/i0.wp.com\/claire-jannot.com\/wp-content\/uploads\/2017\/12\/1024px-Pacifastacus_leniusculus_2.jpg?resize=768%2C576&amp;ssl=1 768w\" sizes=\"auto, (max-width: 312px) 100vw, 312px\" \/><\/a><p id=\"caption-attachment-7220\" class=\"wp-caption-text\">Pacifastacus leniusculus<\/p><\/div>\n<p><span style=\"color: #000000;\"><strong>Au lac d&rsquo;Aydat (Puy-de-D\u00f4me)<\/strong>, une \u00e9quipe de l&rsquo;Agence fran\u00e7aise de la biodiversit\u00e9 (AFB) m\u00e8ne une p\u00eache scientifique pour recenser la population piscicole. Dans ces eaux volcaniques, des nasses pi\u00e8gent une centaine d&rsquo;\u00e9crevisses signal (\u00ab\u00a0Pacifastacus leniusculus\u00a0\u00bb).<\/span><\/p>\n<p><span style=\"color: #000000;\"><strong> Originaire de Californie, cette esp\u00e8ce robuste et vorace<\/strong>, oscillant du rouge au brun et reconnaissable par une t\u00e2che blanche au niveau des pinces, a \u00e9t\u00e9 introduite en France dans les ann\u00e9es 1970 \u00e0 des fins commerciales.<\/span><\/p>\n<p><span style=\"color: #000000;\"><strong> \u00c9chapp\u00e9 d&rsquo;\u00e9levages, le crustac\u00e9 migre aujourd&rsquo;hui de \u00ab\u00a0mani\u00e8re exponentielle\u00a0\u00bb<\/strong> dans les eaux douces du pays, d\u00e9s\u00e9quilibrant au passage l&rsquo;\u00e9cosyst\u00e8me.<\/span><\/p>\n<p><span style=\"color: #000000;\"> \u00a0Il \u00ab\u00a0rentre en comp\u00e9tition directe avec les esp\u00e8ces end\u00e9miques en s&rsquo;attaquant aux oeufs d&rsquo;amphibiens, aux jeunes poissons; creuse des galeries et d\u00e9grade les berges. Il est aussi porteur sain de la <strong>\u00ab\u00a0peste des \u00e9crevisses\u00a0\u00bb qui peut d\u00e9cimer les populations\u00a0\u00bb autochtones,<\/strong> rel\u00e8ve William Sremski, ing\u00e9nieur \u00e0 l&rsquo;AFB.<\/span><\/p>\n<p><span style=\"color: #000000;\"> Pi\u00e9geage, ass\u00e8chement du milieu ou contr\u00f4le biologique&#8230; Tout y passe mais une fois install\u00e9, <strong>son \u00e9radication est \u00ab\u00a0quasiment mission impossible\u00a0\u00bb<\/strong>, souligne l&rsquo;ing\u00e9nieur dont l&rsquo;activit\u00e9 a \u00e9volu\u00e9 vers la mise en place de \u00ab\u00a0plans de gestions\u00a0\u00bb de ces nouveaux envahisseurs, troisi\u00e8me cause de\u00a0perte de la\u00a0biodiversit\u00e9 dans le monde selon l&rsquo;Union internationale pour la conservation de la nature (UICN).<\/span><\/p>\n<p><span style=\"color: #000000;\"><strong> Sur les 12.000 esp\u00e8ces exotiques implant\u00e9es en Europe, 10 \u00e0 15% sont consid\u00e9r\u00e9es comme invasives<\/strong>, selon le minist\u00e8re de la Transition \u00e9cologique. En juillet, la Commission europ\u00e9enne a enrichi sa liste d&rsquo;esp\u00e8ces jug\u00e9es particuli\u00e8rement pr\u00e9occupantes, au nombre de 49.<\/span><\/p>\n<p><strong><span style=\"color: #000000;\"> Jussie \u00e0 grandes fleurs, balsamine de l&rsquo;Himalaya, grenouille taureau, \u00e9cureuil \u00e0 ventre rouge&#8230; ces plantes et animaux peuvent avoir des cons\u00e9quences d\u00e9sastreuses sur l&rsquo;environnement, l&rsquo;agriculture, le tourisme et la sant\u00e9 des populations.<\/span><\/strong><\/p>\n<p><span style=\"color: #000000;\"> Ainsi en Rh\u00f4ne-Alpes, o\u00f9 <strong>21% de la population est victime d&rsquo;allergies li\u00e9s au pollen d&rsquo;ambroisie, pour un co\u00fbt sanitaire estim\u00e9 \u00e0 22 millions d&rsquo;euros en 2016.<\/strong><\/span><\/p>\n<p><span style=\"color: #000000;\"> Autre v\u00e9n\u00e9neuse, la Berce du Caucase, qui provoque de graves br\u00fblures cutan\u00e9es. La gestion curative des autres renou\u00e9es asiatiques est estim\u00e9e \u00e0 2,3 milliards d&rsquo;euros par an dans l&rsquo;Union europ\u00e9enne, d&rsquo;apr\u00e8s l&rsquo;Agence nationale de s\u00e9curit\u00e9 sanitaire de l&rsquo;alimentation, de l&rsquo;environnement et du travail (Anses).<\/span><\/p>\n<p><span style=\"color: #000000;\"> Les animaux ne sont pas en reste. Le ragondin, import\u00e9 d&rsquo;Am\u00e9rique du Nord pour sa fourrure, est un vecteur majeur de la leptospirose.<\/span><\/p>\n<p><span style=\"color: #000000;\"><strong> \u00ab\u00a0Les esp\u00e8ces ont toujours voyag\u00e9, de tout temps, m\u00eame naturellement, mais l&rsquo;augmentation des \u00e9changes humains et de biens, de m\u00eame que le changement climatique, ont largement acc\u00e9l\u00e9r\u00e9 les choses\u00a0\u00bb<\/strong>, expliquait derni\u00e8rement Fran\u00e7ois Delaquaize, charg\u00e9 de mission au minist\u00e8re de la Transition \u00e9cologique, lors d&rsquo;une r\u00e9union de coordination \u00e0 Clermont-Ferrand.<\/span><\/p>\n<p><span style=\"color: #000000;\"> Devant ce fl\u00e9au, services de l&rsquo;\u00c9tat et acteurs locaux tentent de se coordonner.<\/span><\/p>\n<p><span style=\"color: #000000;\"> \u00ab\u00a0Le chantier est immense, les r\u00e9flexes pas encore m\u00e2tures et les r\u00e9glementations r\u00e9centes. On est \u00e0 l&rsquo;aube d&rsquo;une prise de conscience globale\u00a0\u00bb, rel\u00e8ve Olivier P\u00e9chamat, directeur national des F\u00e9d\u00e9rations r\u00e9gionales de lutte et de d\u00e9fense contre les Organismes Nuisibles (FREDON).<\/span><\/p>\n<p><span style=\"color: #000000;\"> Le plan de bataille ? \u00ab\u00a0Aujourd&rsquo;hui, on a besoin de m\u00e9thodes nationales avec des d\u00e9clinaisons r\u00e9gionales, d&rsquo;un acteur local ind\u00e9pendant reconnu pour coordonner ce qui existe d\u00e9j\u00e0 et de vigies sur les territoires pas encore touch\u00e9s\u00a0\u00bb, d\u00e9taille-t-il.<\/span><\/p>\n<p><span style=\"color: #000000;\"> \u00ab\u00a0Il y a urgence \u00e0 mettre en place de la gouvernance. La lutte contre les esp\u00e8ces exotiques, elle se passe sur le terrain pour arracher les plantes et pi\u00e9ger les animaux. Il faut d\u00e9gager des moyens humains et financiers\u00a0\u00bb, insiste Fran\u00e7ois Delaquaize.<\/span><\/p>\n<p><span style=\"color: #000000;\"><strong> Sans viser pour autant l&rsquo;\u00e9radication totale: \u00ab\u00a0il faut \u00eatre r\u00e9aliste, il va falloir vivre avec ces esp\u00e8ces comme le frelon asiatique.<\/strong> Mais on peut essayer de ralentir leur progression en aidant par exemple le milieu \u00e0 se restaurer car celui-ci n&rsquo;est pas d\u00e9grad\u00e9 quand elles ont plus de difficult\u00e9 \u00e0 s&rsquo;implanter\u00a0\u00bb, avance Sylvie Martinon du Conservatoire d&rsquo;espaces naturels d&rsquo;Auvergne.<\/span><\/p>\n<h6><span style=\"color: #000000;\">AYDAT (France),\u00a020 d\u00e9c 2017 (AFP)<\/span><\/h6>\n<h6><span style=\"color: #000000;\">Cr\u00e9dit photo :\u00a0By MdE (page at dewiki | page at commons) &#8211; own photo, CC BY-SA 3.0, https:\/\/commons.wikimedia.org\/w\/index.php?curid=1082313<\/span><\/h6>\n<p>&nbsp;<\/p>\n<p>&nbsp;<\/p>\n<p>&nbsp;<\/p>\n<p>&nbsp;<\/p>\n","protected":false},"excerpt":{"rendered":"<p>A les voir s&rsquo;acclimater dans la nature environnante, elles semblent inoffensives. Mais les esp\u00e8ces exotiques envahissantes constituent l&rsquo;une des plus grandes menaces pour la biodiversit\u00e9. Pour limiter leur prolif\u00e9ration, \u00c9tat et acteurs locaux se mettent en ordre de bataille. Au &hellip; <a href=\"https:\/\/claire-jannot.com\/?p=7219\">Continuer la lecture <span class=\"meta-nav\">&rarr;<\/span><\/a><\/p>\n","protected":false},"author":1,"featured_media":0,"comment_status":"open","ping_status":"open","sticky":false,"template":"","format":"standard","meta":{"jetpack_post_was_ever_published":false,"_jetpack_newsletter_access":"","_jetpack_dont_email_post_to_subs":false,"_jetpack_newsletter_tier_id":0,"_jetpack_memberships_contains_paywalled_content":false,"_jetpack_memberships_contains_paid_content":false,"footnotes":"","jetpack_publicize_message":"","jetpack_publicize_feature_enabled":true,"jetpack_social_post_already_shared":true,"jetpack_social_options":{"image_generator_settings":{"template":"highway","default_image_id":0,"font":"","enabled":false},"version":2}},"categories":[2],"tags":[42,4,5,10,48],"class_list":["post-7219","post","type-post","status-publish","format-standard","hentry","category-ecologie","tag-agriculture","tag-ecologie2","tag-environnement","tag-sante","tag-vie-animale"],"jetpack_publicize_connections":[],"jetpack_featured_media_url":"","jetpack_sharing_enabled":true,"jetpack_shortlink":"https:\/\/wp.me\/p5jjt5-1Sr","_links":{"self":[{"href":"https:\/\/claire-jannot.com\/index.php?rest_route=\/wp\/v2\/posts\/7219","targetHints":{"allow":["GET"]}}],"collection":[{"href":"https:\/\/claire-jannot.com\/index.php?rest_route=\/wp\/v2\/posts"}],"about":[{"href":"https:\/\/claire-jannot.com\/index.php?rest_route=\/wp\/v2\/types\/post"}],"author":[{"embeddable":true,"href":"https:\/\/claire-jannot.com\/index.php?rest_route=\/wp\/v2\/users\/1"}],"replies":[{"embeddable":true,"href":"https:\/\/claire-jannot.com\/index.php?rest_route=%2Fwp%2Fv2%2Fcomments&post=7219"}],"version-history":[{"count":1,"href":"https:\/\/claire-jannot.com\/index.php?rest_route=\/wp\/v2\/posts\/7219\/revisions"}],"predecessor-version":[{"id":7221,"href":"https:\/\/claire-jannot.com\/index.php?rest_route=\/wp\/v2\/posts\/7219\/revisions\/7221"}],"wp:attachment":[{"href":"https:\/\/claire-jannot.com\/index.php?rest_route=%2Fwp%2Fv2%2Fmedia&parent=7219"}],"wp:term":[{"taxonomy":"category","embeddable":true,"href":"https:\/\/claire-jannot.com\/index.php?rest_route=%2Fwp%2Fv2%2Fcategories&post=7219"},{"taxonomy":"post_tag","embeddable":true,"href":"https:\/\/claire-jannot.com\/index.php?rest_route=%2Fwp%2Fv2%2Ftags&post=7219"}],"curies":[{"name":"wp","href":"https:\/\/api.w.org\/{rel}","templated":true}]}}