{"id":7222,"date":"2017-12-23T18:22:44","date_gmt":"2017-12-23T17:22:44","guid":{"rendered":"http:\/\/www.grandesterresbio.com\/?p=7222"},"modified":"2017-12-23T18:22:44","modified_gmt":"2017-12-23T17:22:44","slug":"le-point-sur-la-ferme-des-mille-vaches","status":"publish","type":"post","link":"https:\/\/claire-jannot.com\/?p=7222","title":{"rendered":"Le point sur la ferme des mille vaches :"},"content":{"rendered":"<h2><span style=\"color: #000000;\">Controverse, manifestations, imbroglio judiciaire: trois ann\u00e9es ont pass\u00e9 et la ferme \u00ab\u00a0des 1.000 vaches\u00a0\u00bb a creus\u00e9 son sillon \u00e0 Drucat (Somme), mais les opposants estiment avoir gagn\u00e9 la bataille id\u00e9ologique \u00e0 l&rsquo;heure du bio et des circuits courts.<\/span><\/h2>\n<p><a href=\"https:\/\/i0.wp.com\/www.grandesterresbio.com\/wp-content\/uploads\/2017\/12\/1000-vaches.jpg\"><img data-recalc-dims=\"1\" loading=\"lazy\" decoding=\"async\" class=\"alignleft  wp-image-7223\" src=\"https:\/\/i0.wp.com\/www.grandesterresbio.com\/wp-content\/uploads\/2017\/12\/1000-vaches.jpg?resize=285%2C284\" alt=\"\" width=\"285\" height=\"284\" srcset=\"https:\/\/i0.wp.com\/claire-jannot.com\/wp-content\/uploads\/2017\/12\/1000-vaches.jpg?w=225&amp;ssl=1 225w, https:\/\/i0.wp.com\/claire-jannot.com\/wp-content\/uploads\/2017\/12\/1000-vaches.jpg?resize=150%2C150&amp;ssl=1 150w\" sizes=\"auto, (max-width: 285px) 100vw, 285px\" \/><\/a><br \/>\n<span style=\"color: #000000;\"><strong> Michel Welter, son volubile responsable,<\/strong> ne s&rsquo;inqui\u00e8te pas outre mesure de la d\u00e9cision imminente du Conseil d&rsquo;Etat &#8211; qui va se prononcer sur la validit\u00e9 d&rsquo;une partie de l&rsquo;enqu\u00eate publique ayant d\u00e9bouch\u00e9 sur l&rsquo;autorisation d&rsquo;exploiter <strong>800 vaches.<\/strong><\/span><\/p>\n<p><span style=\"color: #000000;\"> Il pr\u00e9f\u00e8re savourer l<strong>&lsquo;attractivit\u00e9 de son mod\u00e8le,<\/strong> symbolis\u00e9e en cette matin\u00e9e de d\u00e9cembre par la visite d&rsquo;apprentis agricoles, qui parcourent l&rsquo;all\u00e9e centrale du grand hangar faisant office d&rsquo;\u00e9table.<\/span><\/p>\n<p><span style=\"color: #000000;\"> De part et d&rsquo;autre, <strong>les vaches s&rsquo;alignent \u00e0 l&rsquo;infini, museaux au travers de la barri\u00e8re<\/strong> pour ruminer le fourrage. Dans quelques minutes, elles iront prendre place dans <strong>le grand man\u00e8ge tournant du \u00ab\u00a0roto\u00a0\u00bb, pour la deuxi\u00e8me des trois traites automatis\u00e9es de la journ\u00e9e.<\/strong><\/span><\/p>\n<p><span style=\"color: #000000;\"> Un investissement initial de <strong>7,5 millions d&rsquo;euros, 850 vaches<\/strong> sans compter les g\u00e9nisses, 8,8 millions de litres de lait produits en 2017: la ferme construite en 2013 et 2014 dynamite la tradition fran\u00e7aise, aux troupeaux de 70 vaches en moyenne. De quoi courroucer l&rsquo;association locale Novissen.<\/span><\/p>\n<p><span style=\"color: #000000;\"> \u00ab\u00a0Ils en sont encore \u00e0 +Martine \u00e0 la ferme+!\u00a0\u00bb, peste Michel Welter, qui d\u00e9nonce l&rsquo;argumentaire \u00ab\u00a0\u00e9motionnel\u00a0\u00bb de ses d\u00e9tracteurs. Chez Martine, les vaches sortaient en p\u00e2turage.<strong> Pas \u00e0 Drucat: la surface d&rsquo;herbe n\u00e9cessaire aux centaines de bovins serait \u00e9norme et ne permettrait pas de rentrer r\u00e9guli\u00e8rement les vaches pour la traite.<\/strong><\/span><\/p>\n<p><span style=\"color: #000000;\"> Or, observe Jacques Caplat, consultant en agronomie, auteur notamment de \u00ab\u00a0Changeons d&rsquo;agriculture, r\u00e9ussir la transition\u00a0\u00bb (Actes Sud), se passer de vaches qui broutent de l&rsquo;herbe revient \u00e0 faire une croix sur l&rsquo;avantage de l&rsquo;animal: un organisme capable de transformer en \u00e9nergie (le lait) <strong>une mati\u00e8re premi\u00e8re a priori inutile pour l&rsquo;homme.<\/strong> <strong>Tandis que nourrir une vache majoritairement en c\u00e9r\u00e9ales, comme \u00e0 Drucat, c&rsquo;est les \u00f4ter de la bouche d&rsquo;un \u00eatre humain.<\/strong><\/span><\/p>\n<p><span style=\"color: #000000;\"> Pour cet expert, donc, \u00ab\u00a0une ferme laiti\u00e8re coh\u00e9rente d&rsquo;un point de vue agronomique, (&#8230;) en France <strong>c&rsquo;est autour de 50 vaches, maximum 80.<\/strong> La notion m\u00eame de 1.000 vaches est intenable\u00a0\u00bb.<\/span><\/p>\n<p><span style=\"color: #000000;\"> Les \u00e9levages d\u00e9passant cette taille sont pourtant monnaie courante en Allemagne, au Danemark, en Espagne, sans parler des Etats-Unis.<\/span><\/p>\n<p><span style=\"color: #000000;\"> \u00ab\u00a0Aucun syndicaliste agricole ou sp\u00e9cialiste sens\u00e9 ne va dire que c&rsquo;est un mod\u00e8le qu&rsquo;il faut d\u00e9velopper. Pour autant, on peut imaginer que d&rsquo;ici quelques ann\u00e9es il y ait 20 ou 30 fermes de ce type en France\u00a0\u00bb, avance <strong>Jean-Louis Peyraud, directeur scientifique adjoint du d\u00e9partement agriculture de l&rsquo;INRA.<\/strong> <\/span><\/p>\n<p><span style=\"color: #000000;\"> Selon le chercheur, au-del\u00e0 du bien-\u00eatre animal, le probl\u00e8me de ce mod\u00e8le de ferme est qu'\u00a0\u00bbil ne produit<strong> pas beaucoup de services \u00e9cosyst\u00e9miques, c&rsquo;est-\u00e0-dire ce que produit un \u00e9levage en dehors du lait: des paysages, des prairies pour un \u00e9cosyst\u00e8me&#8230;\u00a0\u00bb<\/strong><\/span><\/p>\n<p><span style=\"color: #000000;\"> Il y a bien eu ce projet de m\u00e9thaniseur, qui aurait permis de transformer l&rsquo;abondante quantit\u00e9 de lisier en \u00e9nergie revendue \u00e0 EDF, mais Michel Welter assure qu&rsquo;il a \u00e9t\u00e9 bloqu\u00e9 par l&rsquo;Etat. Ainsi s&rsquo;est envol\u00e9e une manne financi\u00e8re sur laquelle comptait l&rsquo;investisseur, feu Michel Ramery, \u00e0 la t\u00eate du grand groupe BTP du m\u00eame nom.<\/span><\/p>\n<p><span style=\"color: #000000;\"><strong> Mauvaise affaire pour l&rsquo;environnement aussi.<\/strong> Le lisier \u00e9pandu dans les champs voisins l&rsquo;est en quantit\u00e9 telle que <strong>le risque d&rsquo;une pollution en nitrate des sols, des plantes et des nappes phr\u00e9atiques d&rsquo;une part, et d&rsquo;une \u00e9manation d&rsquo;ammoniac d&rsquo;autre part, est d\u00e9cupl\u00e9<\/strong>, pointe du doigt Jacques Caplat.<\/span><\/p>\n<p><span style=\"color: #000000;\"> \u00ab\u00a0A l&rsquo;analyse, il n&rsquo;est pas impossible que l&rsquo;exploitation soit performante d&rsquo;un point de vue environnemental\u00a0\u00bb, rel\u00e8ve cependant Jean-Louis Peyraud.<\/span><\/p>\n<p><span style=\"color: #000000;\"> Michel Welter r\u00e9pond en effet, inlassablement, que la ferme satisfait \u00e0 tous les tests impos\u00e9s par la r\u00e8glementation. Pour lui, les \u00e9conomies d&rsquo;\u00e9chelle sont aussi environnementales: \u00ab\u00a0Je reconnais qu&rsquo;une vache qui produit 35 litres de lait par jour produit plus de m\u00e9thane qu&rsquo;une vache qui en produit 17. Mais pour produire 100 litres de lait, trois vaches \u00e0 35 litres d\u00e9gagent moins de m\u00e9thane que six vaches \u00e0 17 litres\u00a0\u00bb.<\/span><\/p>\n<p><span style=\"color: #000000;\"> Mais a-t-on besoin de produire toujours plus ? L&rsquo;augmentation de la population dans le monde, notamment en Afrique, l&rsquo;impose, affirme Michel Welter. Francis Chastagner, pr\u00e9sident de Novissen, s&rsquo;insurge: \u00ab\u00a0C&rsquo;est ce genre d&rsquo;industrie qui est en train de couler l&rsquo;agriculture en Afrique, et qui y d\u00e9veloppe les probl\u00e8mes de nutrition.\u00a0\u00bb<\/span><\/p>\n<p><span style=\"color: #000000;\"> La ferme a r\u00e9sist\u00e9 \u00e0 ces critiques. Son exploitant confesse pourtant: \u00ab\u00a0Il y a eu tellement de proc\u00e9dures au tribunal que les investisseurs sont frileux\u00a0\u00bb, d&rsquo;autant que la situation financi\u00e8re est fragile. <\/span><\/p>\n<p><span style=\"color: #000000;\"> Aucun autre projet de ferme laiti\u00e8re \u00e0 la m\u00eame \u00e9chelle n&rsquo;a d&rsquo;ailleurs vu le jour en France, une victoire pour les opposants. Selon Francis Chastagner, avec l&rsquo;\u00e9mergence des circuits courts et la mont\u00e9e en puissance du bio, <strong>\u00ab\u00a0le discours dans l&rsquo;opinion sur ce genre d&rsquo;usine a bien chang\u00e9 en cinq ans.<\/strong> Welter a beau avoir la loi de son c\u00f4t\u00e9, il n&rsquo;a pas les gens\u00a0\u00bb.<\/span><\/p>\n<p>&nbsp;<\/p>\n<h6><span style=\"color: #000000;\">Source\u00a0: DRUCAT (France),\u00a022 d\u00e9c 2017 (AFP) <\/span><\/h6>\n","protected":false},"excerpt":{"rendered":"<p>Controverse, manifestations, imbroglio judiciaire: trois ann\u00e9es ont pass\u00e9 et la ferme \u00ab\u00a0des 1.000 vaches\u00a0\u00bb a creus\u00e9 son sillon \u00e0 Drucat (Somme), mais les opposants estiment avoir gagn\u00e9 la bataille id\u00e9ologique \u00e0 l&rsquo;heure du bio et des circuits courts. Michel Welter, &hellip; <a href=\"https:\/\/claire-jannot.com\/?p=7222\">Continuer la lecture <span class=\"meta-nav\">&rarr;<\/span><\/a><\/p>\n","protected":false},"author":1,"featured_media":0,"comment_status":"open","ping_status":"open","sticky":false,"template":"","format":"standard","meta":{"jetpack_post_was_ever_published":false,"_jetpack_newsletter_access":"","_jetpack_dont_email_post_to_subs":false,"_jetpack_newsletter_tier_id":0,"_jetpack_memberships_contains_paywalled_content":false,"_jetpack_memberships_contains_paid_content":false,"footnotes":"","jetpack_publicize_message":"","jetpack_publicize_feature_enabled":true,"jetpack_social_post_already_shared":true,"jetpack_social_options":{"image_generator_settings":{"template":"highway","default_image_id":0,"font":"","enabled":false},"version":2}},"categories":[47],"tags":[42,3,5,69],"class_list":["post-7222","post","type-post","status-publish","format-standard","hentry","category-societe","tag-agriculture","tag-consommation","tag-environnement","tag-vie-a"],"jetpack_publicize_connections":[],"jetpack_featured_media_url":"","jetpack_sharing_enabled":true,"jetpack_shortlink":"https:\/\/wp.me\/p5jjt5-1Su","_links":{"self":[{"href":"https:\/\/claire-jannot.com\/index.php?rest_route=\/wp\/v2\/posts\/7222","targetHints":{"allow":["GET"]}}],"collection":[{"href":"https:\/\/claire-jannot.com\/index.php?rest_route=\/wp\/v2\/posts"}],"about":[{"href":"https:\/\/claire-jannot.com\/index.php?rest_route=\/wp\/v2\/types\/post"}],"author":[{"embeddable":true,"href":"https:\/\/claire-jannot.com\/index.php?rest_route=\/wp\/v2\/users\/1"}],"replies":[{"embeddable":true,"href":"https:\/\/claire-jannot.com\/index.php?rest_route=%2Fwp%2Fv2%2Fcomments&post=7222"}],"version-history":[{"count":1,"href":"https:\/\/claire-jannot.com\/index.php?rest_route=\/wp\/v2\/posts\/7222\/revisions"}],"predecessor-version":[{"id":7224,"href":"https:\/\/claire-jannot.com\/index.php?rest_route=\/wp\/v2\/posts\/7222\/revisions\/7224"}],"wp:attachment":[{"href":"https:\/\/claire-jannot.com\/index.php?rest_route=%2Fwp%2Fv2%2Fmedia&parent=7222"}],"wp:term":[{"taxonomy":"category","embeddable":true,"href":"https:\/\/claire-jannot.com\/index.php?rest_route=%2Fwp%2Fv2%2Fcategories&post=7222"},{"taxonomy":"post_tag","embeddable":true,"href":"https:\/\/claire-jannot.com\/index.php?rest_route=%2Fwp%2Fv2%2Ftags&post=7222"}],"curies":[{"name":"wp","href":"https:\/\/api.w.org\/{rel}","templated":true}]}}