{"id":7225,"date":"2017-12-24T18:00:27","date_gmt":"2017-12-24T17:00:27","guid":{"rendered":"http:\/\/www.grandesterresbio.com\/?p=7225"},"modified":"2017-12-23T18:44:21","modified_gmt":"2017-12-23T17:44:21","slug":"les-etats-generaux-de-lalimentation-sachevent","status":"publish","type":"post","link":"https:\/\/claire-jannot.com\/?p=7225","title":{"rendered":"Les Etats G\u00e9n\u00e9raux de l&rsquo;alimentation s&rsquo;ach\u00e8vent"},"content":{"rendered":"<p>&nbsp;<\/p>\n<h2><span style=\"color: #000000;\">Les Etats g\u00e9n\u00e9raux de l&rsquo;alimentation se sont conclus jeudi par la pr\u00e9sentation d&rsquo;un projet de loi sur les relations commerciales par le Premier ministre, sur fond de questionnement sur la bonne volont\u00e9 de la distribution, et en l&rsquo;absence du ministre de la Transition \u00e9cologique Nicolas Hulot. <\/span><\/h2>\n<p><span style=\"color: #000000;\"> <img data-recalc-dims=\"1\" loading=\"lazy\" decoding=\"async\" class=\"alignleft  wp-image-7226\" src=\"https:\/\/i0.wp.com\/www.grandesterresbio.com\/wp-content\/uploads\/2017\/12\/1024px-Vergons_moisson.jpg?resize=367%2C275\" alt=\"\" width=\"367\" height=\"275\" srcset=\"https:\/\/i0.wp.com\/claire-jannot.com\/wp-content\/uploads\/2017\/12\/1024px-Vergons_moisson.jpg?w=1024&amp;ssl=1 1024w, https:\/\/i0.wp.com\/claire-jannot.com\/wp-content\/uploads\/2017\/12\/1024px-Vergons_moisson.jpg?resize=300%2C225&amp;ssl=1 300w, https:\/\/i0.wp.com\/claire-jannot.com\/wp-content\/uploads\/2017\/12\/1024px-Vergons_moisson.jpg?resize=768%2C576&amp;ssl=1 768w\" sizes=\"auto, (max-width: 367px) 100vw, 367px\" \/><strong>\u00ab\u00a0Ces \u00e9tats g\u00e9n\u00e9raux ne sont pas vraiment achev\u00e9s, c&rsquo;est un processus qui doit durer<\/strong>\u00ab\u00a0, a indiqu\u00e9 Edouard Philippe en d\u00e9voilant le projet cens\u00e9 \u00e9quilibrer les relations commerciales entre distributeurs, transformateurs et agriculteurs. Ces derniers esp\u00e8rent qu&rsquo;il mettra fin \u00e0 la crise que traverse le secteur.\u00a0<\/span><\/p>\n<p><span style=\"color: #000000;\"> Premi\u00e8re mesure tr\u00e8s attendue par les agriculteurs, <strong>le gouvernement va imposer aux distributeurs un seuil de revente \u00e0 perte de 10% sur les denr\u00e9es alimentaires<\/strong> dans une loi qui sera vot\u00e9e d&rsquo;ici \u00e0 la fin du premier semestre 2018, a indiqu\u00e9 M. Philippe.<\/span><\/p>\n<p><span style=\"color: #000000;\"><strong> En clair, les supermarch\u00e9s seront oblig\u00e9s de revendre au minimum un produit alimentaire au prix o\u00f9 ils l&rsquo;ont achet\u00e9 major\u00e9 de 10%<\/strong>, pour tenter de couvrir les frais de logistique et de transport auparavant assum\u00e9s par les industriels et producteurs. Ce seuil, cens\u00e9 soutenir les producteurs face \u00e0 la distribution, sera accompagn\u00e9 d&rsquo;un <strong>encadrement des promotions dans les grandes surfaces<\/strong>, et d&rsquo;une refonte de la contractualisation qui tiendra compte des co\u00fbts de production. <\/span><\/p>\n<p><span style=\"color: #000000;\"> \u00ab\u00a0Nous \u00e9tions favorables \u00e0 ces trois mesures, nous sommes donc satisfaits\u00a0\u00bb, a comment\u00e9 Jacques Creyssel, le pr\u00e9sident de la F\u00e9d\u00e9ration du Commerce et de la Distribution (FCD).<\/span><br \/>\n<span style=\"color: #000000;\"> En revanche, \u00ab\u00a0nous attendons des pr\u00e9cisions: nous ne souhaitons notamment pas que les mesures annonc\u00e9es de simplification du code du commerce se traduisent par une <strong>remise en cause de la libert\u00e9 de n\u00e9gociation<\/strong>\u00ab\u00a0, a-t-il ajout\u00e9.<\/span><\/p>\n<p><span style=\"color: #000000;\"> \u00ab\u00a0Les informations qui me remontent sur les n\u00e9gociations en cours confirment l&rsquo;utilit\u00e9 de l\u00e9gif\u00e9rer et dans l&rsquo;attente de la loi (&#8230;) j&rsquo;en appelle \u00e0 la responsabilit\u00e9 de chacun pour que nous sortions de la spirale mortif\u00e8re de la destruction de valeur\u00a0\u00bb, a pour sa part affirm\u00e9 le ministre de l&rsquo;Agriculture St\u00e9phane Travert.<\/span><\/p>\n<p><span style=\"color: #000000;\"> Le Premier ministre a donc pr\u00e9venu que \u00ab\u00a0le gouvernement r\u00e9unira le groupe de suivi des n\u00e9gociations commerciales en d\u00e9but d&rsquo;ann\u00e9e, pour faire un point pr\u00e9cis sur leur d\u00e9roulement. Nous en tirerons les cons\u00e9quences sur les contr\u00f4les \u00e0 effectuer et sur le contenu des textes en pr\u00e9paration\u00a0\u00bb.<\/span><\/p>\n<p><strong><span style=\"color: #000000;\"> \u00ab\u00a0L&rsquo;engagement de tous les acteurs doit \u00eatre r\u00e9el, ce n&rsquo;est pas le cas aujourd&rsquo;hui, la charte n&rsquo;est pas respect\u00e9e\u00a0\u00bb, a de son c\u00f4t\u00e9 regrett\u00e9 la pr\u00e9sidente de la FNSEA Christiane Lambert.<\/span><\/strong><\/p>\n<p><span style=\"color: #000000;\"> Les cinq mois de travaux devaient d&rsquo;abord d\u00e9boucher sur des solutions \u00e0 la crise agricole, mais la transition agro-\u00e9cologique, la qualit\u00e9 de l&rsquo;alimentation et la lutte contre les probl\u00e8mes sanitaires faisaient \u00e9galement partie des d\u00e9bats.<\/span><\/p>\n<p><span style=\"color: #000000;\"> Si Mme Lambert estime que \u00ab\u00a0les deux volets sont \u00e9quilibr\u00e9s\u00a0\u00bb, les acteurs de la plateforme citoyenne pour une transition agricole et alimentaire ont d\u00e9plor\u00e9 que les \u00ab\u00a0d\u00e9cisions sur la phase soci\u00e9tale et environnementale (soient) report\u00e9es \u00e0 plus tard\u00a0\u00bb.<\/span><\/p>\n<p><strong><span style=\"color: #000000;\"> Les modalit\u00e9s de mise en oeuvre du calendrier d&rsquo;\u00e9limination progressive des pesticides, dont le glyphosate, seront pr\u00e9cis\u00e9es \u00ab\u00a0au plus tard\u00a0\u00bb \u00e0 la fin du premier trimestre 2018, assure le gouvernement qui pr\u00e9voit un plan de d\u00e9veloppement de l&rsquo;agriculture bio \u00e0 ce moment-l\u00e0.<\/span><\/strong><\/p>\n<p><span style=\"color: #000000;\"> \u00ab\u00a0Il ne s&rsquo;agit pas de changer seulement une m\u00e9thode de culture, mais parfois toute une fili\u00e8re. Et \u00e7a, \u00e7a se pr\u00e9pare, \u00e7a s&rsquo;organise, \u00e7a s&rsquo;accompagne\u00a0\u00bb, a d\u00e9clar\u00e9 M. Philippe pour expliquer la longueur de ces travaux.<\/span><\/p>\n<p><strong><span style=\"color: #000000;\"> Concernant le d\u00e9veloppement de l&rsquo;agriculture biologique, le Premier ministre a souhait\u00e9 \u00ab\u00a0que l&rsquo;on \u00e9value d\u00e8s maintenant les risques de d\u00e9rapage budg\u00e9taire pour \u00e9viter les mauvaises surprises\u00a0\u00bb.<\/span><\/strong><\/p>\n<p><span style=\"color: #000000;\"> Les associations se sont inqui\u00e9t\u00e9es de l&rsquo;absence de Nicolas Hulot, qui devait prononcer une allocution, se demandant si cela signifiait qu&rsquo;il \u00ab\u00a0retirait sa caution aux conclusions des Etats g\u00e9n\u00e9raux\u00a0\u00bb dont il avait lanc\u00e9 l&rsquo;id\u00e9e.<\/span><\/p>\n<p><span style=\"color: #000000;\"><strong> \u00ab\u00a0Je crois que c&rsquo;est surtout pour faire suer Travert\u00a0\u00bb<\/strong>, a indiqu\u00e9 une source gouvernementale \u00e0 l&rsquo;AFP, ajoutant: <strong>\u00ab\u00a0Hulot voulait que cet \u00e9v\u00e9nement soit pilot\u00e9 en bin\u00f4me, or Travert a insist\u00e9 en disant qu&rsquo;on lui avait confi\u00e9 la mission \u00e0 lui. Donc Hulot boude.\u00a0\u00bb<\/strong> <\/span><\/p>\n<p><span style=\"color: #000000;\"> Le Premier ministre, qui devait rencontrer Nicolas Hulot jeudi soir, le verra finalement vendredi matin pour une \u00ab\u00a0bilat\u00e9rale classique\u00a0\u00bb, selon Matignon.<\/span><\/p>\n<p>&nbsp;<\/p>\n<h6>\n<p><span style=\"color: #000000;\"> Source\u00a0: PARIS,\u00a021 d\u00e9c 2017 (AFP)<\/span><\/h6>\n<h6><span style=\"color: #000000;\">Cr\u00e9dit photo :\u00a0Par S\u00e9bastien Th\u00e9bault \u2014 Travail personnel, CC BY-SA 3.0, https:\/\/commons.wikimedia.org\/w\/index.php?curid=27733414<\/span><\/h6>\n<p>&nbsp;<\/p>\n<p>&nbsp;<\/p>\n<p>&nbsp;<\/p>\n","protected":false},"excerpt":{"rendered":"<p>&nbsp; Les Etats g\u00e9n\u00e9raux de l&rsquo;alimentation se sont conclus jeudi par la pr\u00e9sentation d&rsquo;un projet de loi sur les relations commerciales par le Premier ministre, sur fond de questionnement sur la bonne volont\u00e9 de la distribution, et en l&rsquo;absence du &hellip; <a href=\"https:\/\/claire-jannot.com\/?p=7225\">Continuer la lecture <span class=\"meta-nav\">&rarr;<\/span><\/a><\/p>\n","protected":false},"author":1,"featured_media":0,"comment_status":"open","ping_status":"open","sticky":false,"template":"","format":"standard","meta":{"jetpack_post_was_ever_published":false,"_jetpack_newsletter_access":"","_jetpack_dont_email_post_to_subs":false,"_jetpack_newsletter_tier_id":0,"_jetpack_memberships_contains_paywalled_content":false,"_jetpack_memberships_contains_paid_content":false,"footnotes":"","jetpack_publicize_message":"","jetpack_publicize_feature_enabled":true,"jetpack_social_post_already_shared":true,"jetpack_social_options":{"image_generator_settings":{"template":"highway","default_image_id":0,"font":"","enabled":false},"version":2}},"categories":[1],"tags":[42,58,3,11],"class_list":["post-7225","post","type-post","status-publish","format-standard","hentry","category-alimentation","tag-agriculture","tag-alimentation-2","tag-consommation","tag-societe-2"],"jetpack_publicize_connections":[],"jetpack_featured_media_url":"","jetpack_sharing_enabled":true,"jetpack_shortlink":"https:\/\/wp.me\/p5jjt5-1Sx","_links":{"self":[{"href":"https:\/\/claire-jannot.com\/index.php?rest_route=\/wp\/v2\/posts\/7225","targetHints":{"allow":["GET"]}}],"collection":[{"href":"https:\/\/claire-jannot.com\/index.php?rest_route=\/wp\/v2\/posts"}],"about":[{"href":"https:\/\/claire-jannot.com\/index.php?rest_route=\/wp\/v2\/types\/post"}],"author":[{"embeddable":true,"href":"https:\/\/claire-jannot.com\/index.php?rest_route=\/wp\/v2\/users\/1"}],"replies":[{"embeddable":true,"href":"https:\/\/claire-jannot.com\/index.php?rest_route=%2Fwp%2Fv2%2Fcomments&post=7225"}],"version-history":[{"count":1,"href":"https:\/\/claire-jannot.com\/index.php?rest_route=\/wp\/v2\/posts\/7225\/revisions"}],"predecessor-version":[{"id":7227,"href":"https:\/\/claire-jannot.com\/index.php?rest_route=\/wp\/v2\/posts\/7225\/revisions\/7227"}],"wp:attachment":[{"href":"https:\/\/claire-jannot.com\/index.php?rest_route=%2Fwp%2Fv2%2Fmedia&parent=7225"}],"wp:term":[{"taxonomy":"category","embeddable":true,"href":"https:\/\/claire-jannot.com\/index.php?rest_route=%2Fwp%2Fv2%2Fcategories&post=7225"},{"taxonomy":"post_tag","embeddable":true,"href":"https:\/\/claire-jannot.com\/index.php?rest_route=%2Fwp%2Fv2%2Ftags&post=7225"}],"curies":[{"name":"wp","href":"https:\/\/api.w.org\/{rel}","templated":true}]}}