{"id":7228,"date":"2017-12-26T18:00:39","date_gmt":"2017-12-26T17:00:39","guid":{"rendered":"http:\/\/www.grandesterresbio.com\/?p=7228"},"modified":"2017-12-23T18:53:31","modified_gmt":"2017-12-23T17:53:31","slug":"landes-la-fin-de-la-chasse-a-lortolan","status":"publish","type":"post","link":"https:\/\/claire-jannot.com\/?p=7228","title":{"rendered":"Landes : la fin de la chasse \u00e0 l&rsquo;ortolan"},"content":{"rendered":"<h2><span style=\"color: #000000;\">Sous la pression de l&rsquo;Union europ\u00e9enne, d&rsquo;associations \u00e9cologistes et de Nicolas Hulot, la chasse traditionnelle \u00e0 l&rsquo;ortolan se meurt dans les Landes, au grand dam de chasseurs locaux qui sont, depuis deux ans, poursuivis et condamn\u00e9s pour cette pratique ill\u00e9gale pourtant longtemps tol\u00e9r\u00e9e ici par les autorit\u00e9s.<\/span><\/h2>\n<p><span style=\"color: #000000;\"><span style=\"color: #000000;\"><a href=\"https:\/\/i0.wp.com\/www.grandesterresbio.com\/wp-content\/uploads\/2017\/12\/ortolan.jpg\"><img data-recalc-dims=\"1\" loading=\"lazy\" decoding=\"async\" class=\"alignleft  wp-image-7229\" src=\"https:\/\/i0.wp.com\/www.grandesterresbio.com\/wp-content\/uploads\/2017\/12\/ortolan.jpg?resize=336%2C224\" alt=\"\" width=\"336\" height=\"224\" srcset=\"https:\/\/i0.wp.com\/claire-jannot.com\/wp-content\/uploads\/2017\/12\/ortolan.jpg?w=1024&amp;ssl=1 1024w, https:\/\/i0.wp.com\/claire-jannot.com\/wp-content\/uploads\/2017\/12\/ortolan.jpg?resize=300%2C200&amp;ssl=1 300w, https:\/\/i0.wp.com\/claire-jannot.com\/wp-content\/uploads\/2017\/12\/ortolan.jpg?resize=768%2C512&amp;ssl=1 768w\" sizes=\"auto, (max-width: 336px) 100vw, 336px\" \/><\/a>Mi-novembre, la Commission europ\u00e9enne a mis fin \u00e0 la <strong>proc\u00e9dure d&rsquo;infraction contre la France,<\/strong> estimant que Paris s&rsquo;\u00e9tait finalement conform\u00e9 \u00e0 la l\u00e9gislation europ\u00e9ene de la directive Oiseaux \u00e0 propos du <strong>bruant ortolan, \u00a0\u00bb Emberiza hortulana \u00ab\u00a0<\/strong> de son nom scientifique.<\/span>\u00a0<\/span><\/p>\n<p><span style=\"color: #000000;\"> Cette d\u00e9cision intervenait un mois apr\u00e8s les <strong>instructions directes du ministre de la Transition \u00e9cologique, Nicolas Hulot<\/strong>, au pr\u00e9fet des Landes pour <strong>\u00ab\u00a0renforcer toutes les mesures de surveillance, de contr\u00f4le et de verbalisation, tant \u00e0 l&rsquo;\u00e9gard des braconniers que des interm\u00e9diaires qui se livreraient \u00e0 un trafic, et n&rsquo;accorder, comme l&rsquo;an dernier, aucune tol\u00e9rance aux pratiquants\u00a0\u00bb.<\/strong><\/span><\/p>\n<p><span style=\"color: #000000;\"> Depuis 2015, ce type d&rsquo;inspections qui se sont intensifi\u00e9es, ont \u00e9t\u00e9 suivies de sanctions judiciaires. Ainsi, en attendant le pourvoi en Cassation, la Cour d&rsquo;appel de Pau a condamn\u00e9 en octobre <strong>onze chasseurs landais \u00e0 des amendes de 1.000 euros<\/strong>, en partie ferme, mais sans retrait de permis de chasse comme inflig\u00e9 en premi\u00e8re instance \u00e0 Mont-de-Marsan.<\/span><\/p>\n<p><span style=\"color: #000000;\"> Jeudi, onze autres chasseurs, essentiellement \u00e2g\u00e9s de 60 \u00e0 80 ans avec de petites retraites et sans aucun casier judiciaire, \u00e9taient convoqu\u00e9s devant le tribunal montois pour des prises \u00e0 l&rsquo;<strong>\u00e9t\u00e9 2016 avec appelants et matoles, ces petites cages permettant de capturer les oiseaux vivants.<\/strong> A la barre, les \u00a0\u00bb cassayrots \u00a0\u00bb (petits chasseurs en patois) ont dit avoir respect\u00e9 \u00ab\u00a0la tol\u00e9rance pr\u00e9fectorale\u00a0\u00bb de 30 matoles maximum longtemps de mise.<\/span><\/p>\n<p><span style=\"color: #000000;\"> \u00ab\u00a0La r\u00e8gle a chang\u00e9 sans qu&rsquo;on le sache\u00a0\u00bb, \u00ab\u00a0on a \u00e9t\u00e9 abus\u00e9s\u00a0\u00bb, ont-ils plaid\u00e9. <strong>\u00ab\u00a0En 2016, ils ne pouvaient pas ignorer qu&rsquo;il fallait arr\u00eater\u00a0\u00bb<\/strong>, a tranch\u00e9 le procureur Olivier Janson requ\u00e9rant des peines de <strong>1.000 \u00e0 2.000 euros d&rsquo;amende<\/strong> (la moiti\u00e9 avec sursis), tout en avouant une \u00ab\u00a0forme de tristesse\u00a0\u00bb de voir l\u00e0 ces \u00ab\u00a0personnes qui d\u00e9couvrent la justice \u00e0 parfois 80 ans\u00a0\u00bb.<\/span><\/p>\n<p><span style=\"color: #000000;\"> R\u00e9futant tout principe de tol\u00e9rance, Me Fran\u00e7ois Ruffi\u00e9, avocat de la Ligue de protection des oiseaux, leur a demand\u00e9 s&rsquo;ils comptaient <strong>\u00ab\u00a0poursuivre cette chasse\u00a0\u00bb<\/strong> : \u00ab\u00a0jusqu&rsquo;\u00e0 nouvel ordre non. En 2017, les chasseurs ont respect\u00e9 l&rsquo;interdiction mais si les choses changent, je recommencerai\u00a0\u00bb, a r\u00e9pondu Fran\u00e7ois Ibanez, l&rsquo;un des pr\u00e9venus, alors que des captures marginales sont encore \u00e9voqu\u00e9es \u00e7a et l\u00e0.<\/span><\/p>\n<p><span style=\"color: #000000;\"> Les chasseurs locaux r\u00e9clament en effet <strong>\u00ab\u00a0un plan de gestion europ\u00e9en\u00a0\u00bb<\/strong> pour cette <strong>esp\u00e8ce prot\u00e9g\u00e9e depuis 1999<\/strong> ainsi qu&rsquo;un quota d&rsquo;ortolans chass\u00e9s \u00e0 ne pas d\u00e9passer, suite \u00e0 l&rsquo;\u00e9tude 2016 du Museum national d&rsquo;histoire naturelle concluant \u00e0 un d\u00e9clin de population de 20 \u00e0 30% entre 2000 \u00e0 2014, mais sans risque d&rsquo;extinction selon les r\u00e8gles de l&rsquo;Union internationale pour la conservation de la nature.<\/span><\/p>\n<p><span style=\"color: #000000;\"> Au-del\u00e0 des interdictions formelles, cette chasse semble vou\u00e9e \u00e0 s&rsquo;\u00e9teindre d&rsquo;elle-m\u00eame, comme l&rsquo;a montr\u00e9 Me Fr\u00e9d\u00e9ric Dutin pour la d\u00e9fense :<strong> la quasi-totalit\u00e9 des enfants et petits-enfants des pr\u00e9venus n&rsquo;ont ainsi jamais cherch\u00e9 \u00e0 capturer d&rsquo;ortolan.<\/strong><\/span><\/p>\n<p><span style=\"color: #000000;\"> \u00ab\u00a0On esp\u00e8re qu&rsquo;on pourra se battre pour que <strong>ce plaisir transmis de g\u00e9n\u00e9ration en g\u00e9n\u00e9ration<\/strong> ne soit pas perdu \u00e0 jamais\u00a0\u00bb, a dit M. Ibanez. <\/span><\/p>\n<p><span style=\"color: #000000;\"> En attendant le jugement mis en d\u00e9lib\u00e9r\u00e9, les autres pr\u00e9venus ont aussi appel\u00e9 \u00e0 la <strong>\u00ab\u00a0sauvegarde de l&rsquo;identit\u00e9 landaise\u00a0\u00bb face \u00e0 \u00ab\u00a0un monde uniformis\u00e9\u00a0\u00bb<\/strong>, de la d\u00e9fense de<strong> la chasse \u00e0 l&rsquo;ortolan, \u00e0 la tauromachie et au foie gras.<\/strong><\/span><\/p>\n<h6><span style=\"color: #000000;\">Source\u00a0: MONT-DE-MARSAN,\u00a021 d\u00e9c 2017 (AFP)<\/span><\/h6>\n<h6>Cr\u00e9dit photo :\u00a0By Pierre Dalous &#8211; Own work, CC BY-SA 3.0, https:\/\/commons.wikimedia.org\/w\/index.php?curid=26699114<\/h6>\n<p>&nbsp;<\/p>\n<p>&nbsp;<\/p>\n<p>&nbsp;<\/p>\n","protected":false},"excerpt":{"rendered":"<p>Sous la pression de l&rsquo;Union europ\u00e9enne, d&rsquo;associations \u00e9cologistes et de Nicolas Hulot, la chasse traditionnelle \u00e0 l&rsquo;ortolan se meurt dans les Landes, au grand dam de chasseurs locaux qui sont, depuis deux ans, poursuivis et condamn\u00e9s pour cette pratique ill\u00e9gale &hellip; <a href=\"https:\/\/claire-jannot.com\/?p=7228\">Continuer la lecture <span class=\"meta-nav\">&rarr;<\/span><\/a><\/p>\n","protected":false},"author":1,"featured_media":0,"comment_status":"open","ping_status":"open","sticky":false,"template":"","format":"standard","meta":{"jetpack_post_was_ever_published":false,"_jetpack_newsletter_access":"","_jetpack_dont_email_post_to_subs":false,"_jetpack_newsletter_tier_id":0,"_jetpack_memberships_contains_paywalled_content":false,"_jetpack_memberships_contains_paid_content":false,"footnotes":"","jetpack_publicize_message":"","jetpack_publicize_feature_enabled":true,"jetpack_social_post_already_shared":true,"jetpack_social_options":{"image_generator_settings":{"template":"highway","default_image_id":0,"font":"","enabled":false},"version":2}},"categories":[2],"tags":[4,5,48],"class_list":["post-7228","post","type-post","status-publish","format-standard","hentry","category-ecologie","tag-ecologie2","tag-environnement","tag-vie-animale"],"jetpack_publicize_connections":[],"jetpack_featured_media_url":"","jetpack_sharing_enabled":true,"jetpack_shortlink":"https:\/\/wp.me\/p5jjt5-1SA","_links":{"self":[{"href":"https:\/\/claire-jannot.com\/index.php?rest_route=\/wp\/v2\/posts\/7228","targetHints":{"allow":["GET"]}}],"collection":[{"href":"https:\/\/claire-jannot.com\/index.php?rest_route=\/wp\/v2\/posts"}],"about":[{"href":"https:\/\/claire-jannot.com\/index.php?rest_route=\/wp\/v2\/types\/post"}],"author":[{"embeddable":true,"href":"https:\/\/claire-jannot.com\/index.php?rest_route=\/wp\/v2\/users\/1"}],"replies":[{"embeddable":true,"href":"https:\/\/claire-jannot.com\/index.php?rest_route=%2Fwp%2Fv2%2Fcomments&post=7228"}],"version-history":[{"count":1,"href":"https:\/\/claire-jannot.com\/index.php?rest_route=\/wp\/v2\/posts\/7228\/revisions"}],"predecessor-version":[{"id":7230,"href":"https:\/\/claire-jannot.com\/index.php?rest_route=\/wp\/v2\/posts\/7228\/revisions\/7230"}],"wp:attachment":[{"href":"https:\/\/claire-jannot.com\/index.php?rest_route=%2Fwp%2Fv2%2Fmedia&parent=7228"}],"wp:term":[{"taxonomy":"category","embeddable":true,"href":"https:\/\/claire-jannot.com\/index.php?rest_route=%2Fwp%2Fv2%2Fcategories&post=7228"},{"taxonomy":"post_tag","embeddable":true,"href":"https:\/\/claire-jannot.com\/index.php?rest_route=%2Fwp%2Fv2%2Ftags&post=7228"}],"curies":[{"name":"wp","href":"https:\/\/api.w.org\/{rel}","templated":true}]}}