{"id":7242,"date":"2018-03-25T12:30:15","date_gmt":"2018-03-25T11:30:15","guid":{"rendered":"http:\/\/www.grandesterresbio.com\/?p=7242"},"modified":"2018-03-24T12:43:59","modified_gmt":"2018-03-24T11:43:59","slug":"nos-campagnes-vont-elles-devenir-silencieuses","status":"publish","type":"post","link":"https:\/\/claire-jannot.com\/?p=7242","title":{"rendered":"Nos campagnes vont-elles devenir silencieuses ?"},"content":{"rendered":"<h2><span style=\"color: #000000;\">Moins 60% de moineaux friquet depuis 10 ans, un tiers d&rsquo;alouettes des champs disparues en 15 ans&#8230; Les oiseaux des campagnes fran\u00e7aises sont victimes d&rsquo;un d\u00e9clin \u00ab\u00a0vertigineux\u00a0\u00bb, qui s&rsquo;est encore intensifi\u00e9 depuis deux ans, selon de nouveaux recensements.<\/span><\/h2>\n<div id=\"attachment_7243\" style=\"width: 415px\" class=\"wp-caption alignleft\"><a href=\"https:\/\/i0.wp.com\/www.grandesterresbio.com\/wp-content\/uploads\/2018\/03\/alouette-des-champs.jpg\"><img data-recalc-dims=\"1\" loading=\"lazy\" decoding=\"async\" aria-describedby=\"caption-attachment-7243\" class=\" wp-image-7243\" src=\"https:\/\/i0.wp.com\/www.grandesterresbio.com\/wp-content\/uploads\/2018\/03\/alouette-des-champs.jpg?resize=405%2C280\" alt=\"\" width=\"405\" height=\"280\" srcset=\"https:\/\/i0.wp.com\/claire-jannot.com\/wp-content\/uploads\/2018\/03\/alouette-des-champs.jpg?w=800&amp;ssl=1 800w, https:\/\/i0.wp.com\/claire-jannot.com\/wp-content\/uploads\/2018\/03\/alouette-des-champs.jpg?resize=300%2C208&amp;ssl=1 300w, https:\/\/i0.wp.com\/claire-jannot.com\/wp-content\/uploads\/2018\/03\/alouette-des-champs.jpg?resize=768%2C532&amp;ssl=1 768w\" sizes=\"auto, (max-width: 405px) 100vw, 405px\" \/><\/a><p id=\"caption-attachment-7243\" class=\"wp-caption-text\">Alouette des champs<\/p><\/div>\n<p><span style=\"color: #000000;\"><em>\u00ab\u00a0<strong>Le printemps 2018 s&rsquo;annonce silencieux dans les campagnes fran\u00e7aises\u00a0\u00bb<\/strong><\/em><strong>,<\/strong> s&rsquo;alarment le <strong>CNRS et le Mus\u00e9um national d&rsquo;histoire naturelle<\/strong> dans un communiqu\u00e9 mardi, estimant que <strong><em>\u00ab\u00a0ce d\u00e9clin atteint un niveau proche de la catastrophe \u00e9cologique\u00a0\u00bb.<\/em><\/strong><\/span><\/p>\n<p><span style=\"color: #000000;\"> En zones agricoles, les populations d&rsquo;oiseaux ont <strong>perdu en moyenne un tiers de leur effectif en 15 ans<\/strong>, montrent les relev\u00e9s conduits depuis 1989 par le <em>\u00ab\u00a0Suivi Temporel des Oiseaux Communs\u00a0\u00bb<\/em> (Stoc), qui, au sein du Mus\u00e9um, surveille aussi la situation des villes et for\u00eats.<\/span><\/p>\n<p><span style=\"color: #000000;\"><strong> <em>\u00ab\u00a0On ne prend pas de grands risques en disant que les pratiques agricoles sont bien \u00e0 l&rsquo;origine de cette acc\u00e9l\u00e9ration du d\u00e9clin\u00a0\u00bb<\/em><\/strong>, a dit \u00e0 l&rsquo;AFP Gr\u00e9goire Lo\u00efs, directeur-adjoint de Vigie-Nature, qui chapeaute le Stoc, car les oiseaux ne d\u00e9clinent pas au m\u00eame rythme dans d&rsquo;autres milieux.<\/span><\/p>\n<p><span style=\"color: #000000;\"> Des esp\u00e8ces comme <strong>l&rsquo;alouette des champs, la fauvette grisette ou le bruant ortolan, ont perdu un individu sur trois en quinze ans<\/strong>; la linotte m\u00e9lodieuse est \u00e0 &#8211; 68% depuis 1989. <strong>En Ile-de-France, la tourterelle des bois approche &#8211; 90%.<\/strong><\/span><\/p>\n<p><span style=\"color: #000000;\"> Une autre \u00e9tude, men\u00e9e par le CNRS depuis 1995 dans les Deux-S\u00e8vres, sur <strong>160 zones de 10 hectares d&rsquo;une plaine c\u00e9r\u00e9ali\u00e8re typique des territoires agricoles fran\u00e7ais, enfonce le clou. Selon ces recherches, en 23 ans, l&rsquo;alouette a perdu plus d&rsquo;un individu sur trois (-35%), la perdrix grise huit sur dix&#8230;<\/strong><\/span><\/p>\n<p><span style=\"color: #000000;\"> <em>\u00ab\u00a0Ce qui est alarmant, c&rsquo;est que tous les oiseaux du milieu agricole r\u00e9gressent \u00e0 la m\u00eame vitesse. Cela signifie que <strong>c&rsquo;est la qualit\u00e9 globale de l&rsquo;\u00e9cosyst\u00e8me agricole qui se d\u00e9t\u00e9riore<\/strong>\u00ab\u00a0<\/em>, analyse le chercheur.<\/span><\/p>\n<p><span style=\"color: #000000;\"> Toutes les esp\u00e8ces sont concern\u00e9es, probablement du fait de<strong> l&rsquo;effondrement des insectes<\/strong>, \u00ab\u00a0le probl\u00e8me num\u00e9ro un\u00a0\u00bb, pour M. Bretagnolle. Car m\u00eame les volatiles granivores ont besoin d&rsquo;insectes \u00e0 un moment dans l&rsquo;ann\u00e9e, pour leurs poussins.<\/span><\/p>\n<p><span style=\"color: #000000;\"> Cette disparition massive est concomitante \u00e0 <strong>l&rsquo;intensification des pratiques agricoles ces 25 derni\u00e8res ann\u00e9es, plus particuli\u00e8rement depuis 2008-2009, p\u00e9riode qui correspond \u00e0 la fin des jach\u00e8res impos\u00e9es par la Politique agricole commune, \u00e0 la flamb\u00e9e des cours du bl\u00e9, \u00e0 un nouveau recours au nitrate et \u00e0 la g\u00e9n\u00e9ralisation des insecticides n\u00e9onicotino\u00efdes,<\/strong> \u00e9num\u00e8rent le CNRS et le Mus\u00e9um.<\/span><\/p>\n<p><span style=\"color: #000000;\"> Selon M. Lo\u00efs, le constat est similaire en Europe, notamment dans l&rsquo;ouest du continent. Selon deux \u00e9tudes r\u00e9centes, <strong>l&rsquo;Allemagne et l&rsquo;Europe ont perdu 80% d&rsquo;insectes volants et 421 millions d&rsquo;oiseaux en 30 ans.<\/strong><\/span><\/p>\n<p><span style=\"color: #000000;\"> Les scientifiques fran\u00e7ais s&rsquo;interrogent sur les raisons de <em>\u00ab\u00a0l&rsquo;acc\u00e9l\u00e9ration tr\u00e8s forte\u00a0\u00bb<\/em> de ce d\u00e9clin constat\u00e9e en 2016 et 2017, et \u00e0 ce stade largement inexpliqu\u00e9e. Ce qui les a conduits \u00e0 diffuser ce communiqu\u00e9 commun, sans attendre de voir leurs \u00e9tudes publi\u00e9es dans une revue scientifique.<\/span><\/p>\n<p><span style=\"color: #000000;\"> De quoi redouter un<strong> <em>\u00ab\u00a0printemps silencieux\u00a0\u00bb<\/em><\/strong>, comme le <strong><em>\u00ab\u00a0silent spring\u00a0\u00bb<\/em><\/strong> pr\u00e9dit par la c\u00e9l\u00e8bre \u00e9cologue am\u00e9ricaine <strong>Rachel Carson il y a 55 ans \u00e0 propos du DDT<\/strong>, finalement interdit?\u00a0 <em>\u00ab\u00a0Si cette situation n&rsquo;est pas encore irr\u00e9versible, <strong>il devient urgent de travailler avec tous les acteurs du monde agricole, pour acc\u00e9l\u00e9rer les changements de pratiques\u00a0\u00bb<\/strong><\/em>, appellent le Mus\u00e9um et le CNRS.<\/span><\/p>\n<p><span style=\"color: #000000;\"> R\u00e9agissant sur Twitter, le ministre de la Transition \u00e9cologique Nicolas Hulot a appel\u00e9 \u00e0 <em>\u00ab\u00a0<strong>se mobiliser\u00a0\u00bb<\/strong><\/em><strong> car selon lui <em>\u00ab\u00a0chacun peut agir: r\u00e9duire les pesticides, lutter contre l&rsquo;artificialisation des sols, r\u00e9duire les pollutions\u00a0\u00bb<\/em>.<\/strong><\/span><\/p>\n<p><span style=\"color: #000000;\"> Outre la r\u00e9duction des pesticides,<strong> <em>\u00ab\u00a0il faudrait reconstruire le milieu naturel\u00a0\u00bb<\/em><\/strong>, pour Gilles Menou, porte-parole de la Conf\u00e9d\u00e9ration paysanne dans la r\u00e9gion Centre\/Val de Loire, et <strong><em>\u00ab\u00a0r\u00e9duire la taille des parcelles, ou cr\u00e9er des zones de rupture dans les grandes parcelles\u00a0\u00bb<\/em><\/strong>. <em>\u00ab\u00a0Je ne suis pas surpris. Le mod\u00e8le agricole a modifi\u00e9 de fa\u00e7on importante le<strong> biotope<\/strong>\u00ab\u00a0<\/em>, a-t-il d\u00e9clar\u00e9 \u00e0 l&rsquo;AFP.<\/span><\/p>\n<h6><span style=\"color: #000000;\">Source\u00a0: PARIS,\u00a020 mars 2018 (AFP)<\/span><\/h6>\n<h6><span style=\"color: #000000;\">Cr\u00e9dit photo :\u00a0Par Vogelartinfo (Travail personnel) [GFDL 1.2 (http:\/\/www.gnu.org\/licenses\/old-licenses\/fdl-1.2.html)], via Wikimedia Commons<\/span><\/h6>\n<p>&nbsp;<\/p>\n<p>&nbsp;<\/p>\n<p>&nbsp;<\/p>\n","protected":false},"excerpt":{"rendered":"<p>Moins 60% de moineaux friquet depuis 10 ans, un tiers d&rsquo;alouettes des champs disparues en 15 ans&#8230; Les oiseaux des campagnes fran\u00e7aises sont victimes d&rsquo;un d\u00e9clin \u00ab\u00a0vertigineux\u00a0\u00bb, qui s&rsquo;est encore intensifi\u00e9 depuis deux ans, selon de nouveaux recensements. \u00ab\u00a0Le printemps &hellip; <a href=\"https:\/\/claire-jannot.com\/?p=7242\">Continuer la lecture <span class=\"meta-nav\">&rarr;<\/span><\/a><\/p>\n","protected":false},"author":1,"featured_media":0,"comment_status":"open","ping_status":"open","sticky":false,"template":"","format":"standard","meta":{"jetpack_post_was_ever_published":false,"_jetpack_newsletter_access":"","_jetpack_dont_email_post_to_subs":false,"_jetpack_newsletter_tier_id":0,"_jetpack_memberships_contains_paywalled_content":false,"_jetpack_memberships_contains_paid_content":false,"footnotes":"","jetpack_publicize_message":"","jetpack_publicize_feature_enabled":true,"jetpack_social_post_already_shared":true,"jetpack_social_options":{"image_generator_settings":{"template":"highway","default_image_id":0,"font":"","enabled":false},"version":2}},"categories":[2],"tags":[42,4,5,36,48],"class_list":["post-7242","post","type-post","status-publish","format-standard","hentry","category-ecologie","tag-agriculture","tag-ecologie2","tag-environnement","tag-pollution","tag-vie-animale"],"jetpack_publicize_connections":[],"jetpack_featured_media_url":"","jetpack_sharing_enabled":true,"jetpack_shortlink":"https:\/\/wp.me\/p5jjt5-1SO","_links":{"self":[{"href":"https:\/\/claire-jannot.com\/index.php?rest_route=\/wp\/v2\/posts\/7242","targetHints":{"allow":["GET"]}}],"collection":[{"href":"https:\/\/claire-jannot.com\/index.php?rest_route=\/wp\/v2\/posts"}],"about":[{"href":"https:\/\/claire-jannot.com\/index.php?rest_route=\/wp\/v2\/types\/post"}],"author":[{"embeddable":true,"href":"https:\/\/claire-jannot.com\/index.php?rest_route=\/wp\/v2\/users\/1"}],"replies":[{"embeddable":true,"href":"https:\/\/claire-jannot.com\/index.php?rest_route=%2Fwp%2Fv2%2Fcomments&post=7242"}],"version-history":[{"count":1,"href":"https:\/\/claire-jannot.com\/index.php?rest_route=\/wp\/v2\/posts\/7242\/revisions"}],"predecessor-version":[{"id":7245,"href":"https:\/\/claire-jannot.com\/index.php?rest_route=\/wp\/v2\/posts\/7242\/revisions\/7245"}],"wp:attachment":[{"href":"https:\/\/claire-jannot.com\/index.php?rest_route=%2Fwp%2Fv2%2Fmedia&parent=7242"}],"wp:term":[{"taxonomy":"category","embeddable":true,"href":"https:\/\/claire-jannot.com\/index.php?rest_route=%2Fwp%2Fv2%2Fcategories&post=7242"},{"taxonomy":"post_tag","embeddable":true,"href":"https:\/\/claire-jannot.com\/index.php?rest_route=%2Fwp%2Fv2%2Ftags&post=7242"}],"curies":[{"name":"wp","href":"https:\/\/api.w.org\/{rel}","templated":true}]}}