{"id":7252,"date":"2018-03-27T13:25:49","date_gmt":"2018-03-27T12:25:49","guid":{"rendered":"http:\/\/www.grandesterresbio.com\/?p=7252"},"modified":"2018-03-24T13:45:45","modified_gmt":"2018-03-24T12:45:45","slug":"le-guaimaro-larbre-magique-au-secours-du-rechauffement-climatique","status":"publish","type":"post","link":"https:\/\/claire-jannot.com\/?p=7252","title":{"rendered":"Le Guaimaro, l&rsquo;arbre magique au secours du r\u00e9chauffement climatique"},"content":{"rendered":"<h2>Sur une plan\u00e8te menac\u00e9e par le r\u00e9chauffement, le Guaimaro, immense arbre tropical v\u00e9n\u00e9r\u00e9 des anciens, rena\u00eet peu \u00e0 peu en Colombie. Dot\u00e9 de propri\u00e9t\u00e9s \u00e9tonnantes, dont sa capacit\u00e9 \u00e0 solidifier le gaz carbonique dans le sol, ce g\u00e9ant pr\u00e9serve le climat.<\/h2>\n<div id=\"attachment_7253\" style=\"width: 407px\" class=\"wp-caption alignleft\"><a href=\"https:\/\/i0.wp.com\/www.grandesterresbio.com\/wp-content\/uploads\/2018\/03\/Brosimum_alicastrum_13zz-1.jpg\"><img data-recalc-dims=\"1\" loading=\"lazy\" decoding=\"async\" aria-describedby=\"caption-attachment-7253\" class=\"wp-image-7253\" src=\"https:\/\/i0.wp.com\/www.grandesterresbio.com\/wp-content\/uploads\/2018\/03\/Brosimum_alicastrum_13zz-1.jpg?resize=397%2C265\" alt=\"\" width=\"397\" height=\"265\" srcset=\"https:\/\/i0.wp.com\/claire-jannot.com\/wp-content\/uploads\/2018\/03\/Brosimum_alicastrum_13zz-1.jpg?w=1000&amp;ssl=1 1000w, https:\/\/i0.wp.com\/claire-jannot.com\/wp-content\/uploads\/2018\/03\/Brosimum_alicastrum_13zz-1.jpg?resize=300%2C200&amp;ssl=1 300w, https:\/\/i0.wp.com\/claire-jannot.com\/wp-content\/uploads\/2018\/03\/Brosimum_alicastrum_13zz-1.jpg?resize=768%2C512&amp;ssl=1 768w\" sizes=\"auto, (max-width: 397px) 100vw, 397px\" \/><\/a><p id=\"caption-attachment-7253\" class=\"wp-caption-text\">Feuilles de Gaimaro (Brosimum alicastrum)<\/p><\/div>\n<p><em><strong>\u00ab\u00a0Sans arbres, il n&rsquo;y a pas d&rsquo;eau et sans eau, il n&rsquo;y a pas d&rsquo;arbre!<\/strong> Les gens coupent, br\u00fblent pour cultiver, pour le b\u00e9tail. Le bois se rar\u00e9fie, les rivi\u00e8res s&rsquo;ass\u00e8chent\u00a0\u00bb<\/em>, d\u00e9plore Manuel Duran, 61 ans.<br \/>\nD&rsquo;une main lasse, ce paysan \u00f4te son chapeau de paille et essuie la sueur de son front, sous le soleil implacable de la for\u00eat tropicale s\u00e8che de <strong>Dibulla, au pied des montagnes de la Sierra Nevada de Santa Marta<\/strong> (Guajira, nord-est).<\/p>\n<p>A plus de 900 km de l\u00e0, \u00e0 Medellin, ville tr\u00e8s affect\u00e9e par la pollution, des experts du monde entier sont r\u00e9unis au chevet de la plan\u00e8te: la Plate-forme intergouvernementale sur la biodiversit\u00e9 et les services \u00e9cosyst\u00e9miques (IPBES) va rendre les 23 et 26 mars son <strong>diagnostic sur l&rsquo;\u00e9tat de la faune, de la flore et des sols.<\/strong><\/p>\n<p>Conscient des d\u00e9g\u00e2ts caus\u00e9s par une <strong>agriculture irraisonn\u00e9e<\/strong>, Manuel Duran, qui est n\u00e9 dans les marais du fleuve Magdalena, au coeur du pays, mais a \u00e9t\u00e9 d\u00e9plac\u00e9 par la guerre, s&rsquo;int\u00e9resse \u00e0 un programme de <strong>reboisement dont le guaimaro est embl\u00e9matique<\/strong>. <strong><em>\u00ab\u00a0Le guaimaro est un arbre magique!\u00a0\u00bb<\/em><\/strong>, explique \u00e0 l&rsquo;AFP Daisy Tarrier, 39 ans, directrice d&rsquo;Envol Vert, ONG franco-colombienne \u00e0 l&rsquo;origine du projet. Enthousiaste, elle en d\u00e9taille <strong>les qualit\u00e9s et celles de son fruit, sorte de baie orang\u00e9e riche en nutriments.<\/strong><\/p>\n<p>Le <strong>Brosimum alicastrum<\/strong> pousse du Mexique au Br\u00e9sil. Selon les pays, il est appel\u00e9 <strong>guaimaro, ramon, campeche, ojoche, mewu<\/strong>, etc&#8230; ou en fran\u00e7ais <strong>noyer maya<\/strong>. Pour cette civilisation pr\u00e9-colombienne, il \u00e9tait aussi essentiel que le ma\u00efs, et le reste pour nombre d&rsquo;indig\u00e8nes. Mais beaucoup de paysans en ont oubli\u00e9 les qualit\u00e9s.<\/p>\n<p>Afin de raviver un savoir pr\u00e9cieux contre la malnutrition, <strong>Envol Vert<\/strong> organise des ateliers de cuisine: <strong><em>\u00ab\u00a0le fruit du Guaimaro contient autant de prot\u00e9ines que le lait, quatre fois plus de potassium que la banane, autant de fer que les \u00e9pinards, quatre fois plus de magn\u00e9sium que le haricot rouge\u00a0\u00bb<\/em><\/strong>, autre aliment de base en Am\u00e9rique latine.<\/p>\n<p>Cet arbre aux feuilles persistantes, qui <strong>\u00e9quilibre les sols acides, solidifie dans la terre le CO2, responsable du r\u00e9chauffement climatique.<\/strong> Il ne le rel\u00e2che donc pas dans l&rsquo;atmosph\u00e8re quand il meurt, contrairement \u00e0 la plupart des arbres.\u00a0 Il s&rsquo;\u00e9l\u00e8ve jusqu&rsquo;\u00e0 <strong>50 m et s&rsquo;enracine aussi profond\u00e9ment dans le sol. Cela le rend r\u00e9sistant aux s\u00e9cheresses comme aux ouragans. Le guaimaro peut m\u00eame rena\u00eetre de ses cendres apr\u00e8s un incendie<\/strong>, tel le ph\u00e9nix.<\/p>\n<p><em>\u00ab\u00a0Cet arbre a une grande capacit\u00e9 de s&rsquo;adapter \u00e0 diff\u00e9rents climats et peut supporter divers types de sols, d&rsquo;humidit\u00e9, d&rsquo;altitude, de temp\u00e9rature<\/em> (&#8230;) <em>et de <strong>nombreux animaux s&rsquo;alimentent de son fruit<\/strong>, ce qui en fait une esp\u00e8ce importante pour la conservation\u00a0\u00bb<\/em>, souligne dans sa th\u00e8se la biologiste colombienne Monica Florez.<\/p>\n<p>Mais la <strong>convoitise pour son bois,<\/strong> qui fait des maisons et des meubles solides, les coupes pour l&rsquo;\u00e9levage et les cultures extensives, ont failli en venir \u00e0 bout. Sans oublier les plantations de coca, base de la coca\u00efne dont la Colombie est le premier producteur mondial.<\/p>\n<p><em>\u00ab\u00a0Nous sommes encore confront\u00e9s \u00e0 <strong>un \u00e9norme d\u00e9fi li\u00e9 au contr\u00f4le de la d\u00e9forestation<\/strong>\u00ab\u00a0<\/em>, admet le ministre de l&rsquo;Environnement et du D\u00e9veloppement durable, Luis Gilberto Murillo, bien que le fl\u00e9au ait diminu\u00e9, de plus de <strong>282.000 ha en 2010 \u00e0 170.000 ha d\u00e9bois\u00e9s en 2017.<\/strong><\/p>\n<p>En travaillant avec quelque 190 familles, dont 87 du hameau de Santa Rita de la Sierra, pr\u00e8s de Dibulla, <strong>Envol Vert a depuis 2011 plant\u00e9 plus de 30.000 arbres d&rsquo;une vingtaine d&rsquo;esp\u00e8ces, dont 6.000 guaimaros.<\/strong> Les p\u00e9pini\u00e8res collectives sont confi\u00e9es aux habitants, qui transf\u00e8rent ensuite les arbres sur leurs parcelles.<\/p>\n<p>Vivant <strong>une centaine d&rsquo;ann\u00e9es, un guaimaro donne 180 kg de fruits en mars-avril.<\/strong> Ils se consomment frais et en jus, en soupe et en pur\u00e9e comme la patate. Mais aussi grill\u00e9s, puis moulus pour une infusion au go\u00fbt de caf\u00e9 chocolat\u00e9. Des indig\u00e8nes en tirent des rem\u00e8des contre l&rsquo;asthme, l&rsquo;an\u00e9mie, les rhumatismes.<\/p>\n<p><em>\u00ab\u00a0Mais il va falloir planter beaucoup pour remplacer tous les arbres qui ont \u00e9t\u00e9 perdus\u00a0\u00bb<\/em>, avertit Maria Alarcon, les mains dans la terre.<\/p>\n<h6>Source\u00a0: DIBULLA (Colombie),\u00a019 mars 2018 (AFP)<\/h6>\n<h6>Cr\u00e9dit photo :\u00a0By Photo by David J. Stang [CC BY-SA 4.0 (https:\/\/creativecommons.org\/licenses\/by-sa\/4.0)], via Wikimedia Commons<\/h6>\n<p>&nbsp;<\/p>\n<p>&nbsp;<\/p>\n<p>&nbsp;<\/p>\n<p>&nbsp;<\/p>\n<p>&nbsp;<\/p>\n<p>&nbsp;<\/p>\n<p>&nbsp;<\/p>\n<p>&nbsp;<\/p>\n<p>&nbsp;<\/p>\n<p>&nbsp;<\/p>\n<p>&nbsp;<\/p>\n<p>&nbsp;<\/p>\n<p>By Photo by David J. Stang &#8211; source: David Stang. First published at ZipcodeZoo.com, CC BY-SA 4.0, https:\/\/commons.wikimedia.org\/w\/index.php?curid=61239722<\/p>\n","protected":false},"excerpt":{"rendered":"<p>Sur une plan\u00e8te menac\u00e9e par le r\u00e9chauffement, le Guaimaro, immense arbre tropical v\u00e9n\u00e9r\u00e9 des anciens, rena\u00eet peu \u00e0 peu en Colombie. Dot\u00e9 de propri\u00e9t\u00e9s \u00e9tonnantes, dont sa capacit\u00e9 \u00e0 solidifier le gaz carbonique dans le sol, ce g\u00e9ant pr\u00e9serve le &hellip; <a href=\"https:\/\/claire-jannot.com\/?p=7252\">Continuer la lecture <span class=\"meta-nav\">&rarr;<\/span><\/a><\/p>\n","protected":false},"author":1,"featured_media":0,"comment_status":"open","ping_status":"open","sticky":false,"template":"","format":"standard","meta":{"jetpack_post_was_ever_published":false,"_jetpack_newsletter_access":"","_jetpack_dont_email_post_to_subs":false,"_jetpack_newsletter_tier_id":0,"_jetpack_memberships_contains_paywalled_content":false,"_jetpack_memberships_contains_paid_content":false,"footnotes":"","jetpack_publicize_message":"","jetpack_publicize_feature_enabled":true,"jetpack_social_post_already_shared":true,"jetpack_social_options":{"image_generator_settings":{"template":"highway","default_image_id":0,"font":"","enabled":false},"version":2}},"categories":[2],"tags":[51,4,5,11],"class_list":["post-7252","post","type-post","status-publish","format-standard","hentry","category-ecologie","tag-climat","tag-ecologie2","tag-environnement","tag-societe-2"],"jetpack_publicize_connections":[],"jetpack_featured_media_url":"","jetpack_sharing_enabled":true,"jetpack_shortlink":"https:\/\/wp.me\/p5jjt5-1SY","_links":{"self":[{"href":"https:\/\/claire-jannot.com\/index.php?rest_route=\/wp\/v2\/posts\/7252","targetHints":{"allow":["GET"]}}],"collection":[{"href":"https:\/\/claire-jannot.com\/index.php?rest_route=\/wp\/v2\/posts"}],"about":[{"href":"https:\/\/claire-jannot.com\/index.php?rest_route=\/wp\/v2\/types\/post"}],"author":[{"embeddable":true,"href":"https:\/\/claire-jannot.com\/index.php?rest_route=\/wp\/v2\/users\/1"}],"replies":[{"embeddable":true,"href":"https:\/\/claire-jannot.com\/index.php?rest_route=%2Fwp%2Fv2%2Fcomments&post=7252"}],"version-history":[{"count":2,"href":"https:\/\/claire-jannot.com\/index.php?rest_route=\/wp\/v2\/posts\/7252\/revisions"}],"predecessor-version":[{"id":7255,"href":"https:\/\/claire-jannot.com\/index.php?rest_route=\/wp\/v2\/posts\/7252\/revisions\/7255"}],"wp:attachment":[{"href":"https:\/\/claire-jannot.com\/index.php?rest_route=%2Fwp%2Fv2%2Fmedia&parent=7252"}],"wp:term":[{"taxonomy":"category","embeddable":true,"href":"https:\/\/claire-jannot.com\/index.php?rest_route=%2Fwp%2Fv2%2Fcategories&post=7252"},{"taxonomy":"post_tag","embeddable":true,"href":"https:\/\/claire-jannot.com\/index.php?rest_route=%2Fwp%2Fv2%2Ftags&post=7252"}],"curies":[{"name":"wp","href":"https:\/\/api.w.org\/{rel}","templated":true}]}}