{"id":7292,"date":"2018-07-27T12:01:11","date_gmt":"2018-07-27T11:01:11","guid":{"rendered":"http:\/\/www.grandesterresbio.com\/?p=7292"},"modified":"2018-07-27T12:01:11","modified_gmt":"2018-07-27T11:01:11","slug":"fermeture-estivale-grandes-terres-bio","status":"publish","type":"post","link":"https:\/\/claire-jannot.com\/?p=7292","title":{"rendered":"FERMETURE ESTIVALE GRANDES TERRES BIO"},"content":{"rendered":"<h2>Bonjour \u00e0 tous !<\/h2>\n<h2>L&rsquo;heure du repos bien m\u00e9rit\u00e9 a sonn\u00e9 !!<\/h2>\n<h2>Demain 28 juillet \u00e0 19h30, votre magasin pr\u00e9f\u00e9r\u00e9 #grandesterresbio ferme &#8230;.<\/h2>\n<p><a href=\"https:\/\/i0.wp.com\/www.grandesterresbio.com\/wp-content\/uploads\/2018\/07\/Vacances-862x450-1.jpg\"><img data-recalc-dims=\"1\" loading=\"lazy\" decoding=\"async\" class=\"alignleft  wp-image-7293\" src=\"https:\/\/i0.wp.com\/www.grandesterresbio.com\/wp-content\/uploads\/2018\/07\/Vacances-862x450-1.jpg?resize=606%2C317\" alt=\"\" width=\"606\" height=\"317\" srcset=\"https:\/\/i0.wp.com\/claire-jannot.com\/wp-content\/uploads\/2018\/07\/Vacances-862x450-1.jpg?w=862&amp;ssl=1 862w, https:\/\/i0.wp.com\/claire-jannot.com\/wp-content\/uploads\/2018\/07\/Vacances-862x450-1.jpg?resize=300%2C157&amp;ssl=1 300w, https:\/\/i0.wp.com\/claire-jannot.com\/wp-content\/uploads\/2018\/07\/Vacances-862x450-1.jpg?resize=768%2C401&amp;ssl=1 768w\" sizes=\"auto, (max-width: 606px) 100vw, 606px\" \/><\/a>Vous allez nous manquer et nous esp\u00e9rons &#8230;. r\u00e9ciproquement \ud83d\ude42 \ud83d\ude42 \ud83d\ude42<\/p>\n<p><strong>EN ATTENDANT IL Y A PLEINS DE BONNES AFFAIRES A FAIRE AU RAYON FRAIS ET FRUITS ET L\u00c9GUMES ! A tout de suite !<\/strong><\/p>\n<h1>R\u00e9ouverture le Samedi 25 ao\u00fbt \u00e0 9h !<\/h1>\n<p>&nbsp;<\/p>\n<p>A bient\u00f4t,<\/p>\n<p>L&rsquo;\u00e9quipe de Grandes Terres Bio<\/p>\n<p>Claire, Basile, Edouard, Tim, Marine, Ad\u00e8le, Jos\u00e9, Antoine et Eline<\/p>\n<p>&nbsp;<\/p>\n<p>&nbsp;<\/p>\n<p>&nbsp;<\/p>\n<p>&nbsp;<\/p>\n","protected":false},"excerpt":{"rendered":"<p>Bonjour \u00e0 tous ! L&rsquo;heure du repos bien m\u00e9rit\u00e9 a sonn\u00e9 !! Demain 28 juillet \u00e0 19h30, votre magasin pr\u00e9f\u00e9r\u00e9 #grandesterresbio ferme &#8230;. Vous allez nous manquer et nous esp\u00e9rons &#8230;. r\u00e9ciproquement \ud83d\ude42 \ud83d\ude42 \ud83d\ude42 EN ATTENDANT IL Y A &hellip; <a href=\"https:\/\/claire-jannot.com\/?p=7292\">Continuer la lecture <span class=\"meta-nav\">&rarr;<\/span><\/a><\/p>\n","protected":false},"author":1,"featured_media":0,"comment_status":"open","ping_status":"open","sticky":false,"template":"","format":"standard","meta":{"jetpack_post_was_ever_published":false,"_jetpack_newsletter_access":"","_jetpack_dont_email_post_to_subs":false,"_jetpack_newsletter_tier_id":0,"_jetpack_memberships_contains_paywalled_content":false,"_jetpack_memberships_contains_paid_content":false,"footnotes":"","jetpack_publicize_message":"","jetpack_publicize_feature_enabled":true,"jetpack_social_post_already_shared":true,"jetpack_social_options":{"image_generator_settings":{"template":"highway","default_image_id":0,"font":"","enabled":false},"version":2}},"categories":[2],"tags":[],"class_list":["post-7292","post","type-post","status-publish","format-standard","hentry","category-ecologie"],"jetpack_publicize_connections":[],"jetpack_featured_media_url":"","jetpack_sharing_enabled":true,"jetpack_shortlink":"https:\/\/wp.me\/p5jjt5-1TC","_links":{"self":[{"href":"https:\/\/claire-jannot.com\/index.php?rest_route=\/wp\/v2\/posts\/7292","targetHints":{"allow":["GET"]}}],"collection":[{"href":"https:\/\/claire-jannot.com\/index.php?rest_route=\/wp\/v2\/posts"}],"about":[{"href":"https:\/\/claire-jannot.com\/index.php?rest_route=\/wp\/v2\/types\/post"}],"author":[{"embeddable":true,"href":"https:\/\/claire-jannot.com\/index.php?rest_route=\/wp\/v2\/users\/1"}],"replies":[{"embeddable":true,"href":"https:\/\/claire-jannot.com\/index.php?rest_route=%2Fwp%2Fv2%2Fcomments&post=7292"}],"version-history":[{"count":3,"href":"https:\/\/claire-jannot.com\/index.php?rest_route=\/wp\/v2\/posts\/7292\/revisions"}],"predecessor-version":[{"id":7296,"href":"https:\/\/claire-jannot.com\/index.php?rest_route=\/wp\/v2\/posts\/7292\/revisions\/7296"}],"wp:attachment":[{"href":"https:\/\/claire-jannot.com\/index.php?rest_route=%2Fwp%2Fv2%2Fmedia&parent=7292"}],"wp:term":[{"taxonomy":"category","embeddable":true,"href":"https:\/\/claire-jannot.com\/index.php?rest_route=%2Fwp%2Fv2%2Fcategories&post=7292"},{"taxonomy":"post_tag","embeddable":true,"href":"https:\/\/claire-jannot.com\/index.php?rest_route=%2Fwp%2Fv2%2Ftags&post=7292"}],"curies":[{"name":"wp","href":"https:\/\/api.w.org\/{rel}","templated":true}]}}