{"id":7299,"date":"2018-10-08T10:44:25","date_gmt":"2018-10-08T09:44:25","guid":{"rendered":"http:\/\/www.grandesterresbio.com\/?p=7299"},"modified":"2018-10-08T10:44:25","modified_gmt":"2018-10-08T09:44:25","slug":"des-apiculteurs-bretons-montent-au-creneau","status":"publish","type":"post","link":"https:\/\/claire-jannot.com\/?p=7299","title":{"rendered":"Des apiculteurs bretons montent au cr\u00e9neau"},"content":{"rendered":"<h2><span style=\"color: #000000;\">Des apiculteurs bretons, fortement touch\u00e9s par la mortalit\u00e9 des abeilles, se sont rassembl\u00e9s dimanche \u00e0 Carhaix (Finist\u00e8re) pour r\u00e9clamer une meilleure r\u00e9partition des aides et une \u00e9volution <em>\u00ab\u00a0moins toxique\u00a0\u00bb<\/em> des pratiques agricoles.<\/span><\/h2>\n<p><span style=\"color: #000000;\"><a style=\"color: #000000;\" href=\"https:\/\/i0.wp.com\/www.grandesterresbio.com\/wp-content\/uploads\/2018\/10\/abaei.jpg\"><img data-recalc-dims=\"1\" loading=\"lazy\" decoding=\"async\" class=\"alignleft  wp-image-7301\" src=\"https:\/\/i0.wp.com\/www.grandesterresbio.com\/wp-content\/uploads\/2018\/10\/abaei.jpg?resize=491%2C302\" alt=\"\" width=\"491\" height=\"302\" srcset=\"https:\/\/i0.wp.com\/claire-jannot.com\/wp-content\/uploads\/2018\/10\/abaei.jpg?w=643&amp;ssl=1 643w, https:\/\/i0.wp.com\/claire-jannot.com\/wp-content\/uploads\/2018\/10\/abaei.jpg?resize=300%2C185&amp;ssl=1 300w\" sizes=\"auto, (max-width: 491px) 100vw, 491px\" \/><\/a>Pr\u00e8s de 400 personnes \u00e9taient r\u00e9unies, selon les organisateurs, en pr\u00e9sence de nombreux \u00e9lus, dont le d\u00e9put\u00e9 europ\u00e9en Yannick Jadot (EELV) et la d\u00e9put\u00e9e du Finist\u00e8re Sandrine Le Feur (LREM), ont-ils indiqu\u00e9 \u00e0 l&rsquo;AFP.<\/span><\/p>\n<p><span style=\"color: #000000;\"><em><strong>\u00ab\u00a0On souhaite des aides correctes pour les apiculteurs bretons. Nous sommes \u00e0 l&rsquo;origine de la contestation et on nous accorde 3% de l&rsquo;enveloppe des trois millions. 100.000 euros, ce n&rsquo;est pas beaucoup pour une r\u00e9gion qui a \u00e9t\u00e9 fortement touch\u00e9e<\/strong>\u00ab\u00a0<\/em>, a regrett\u00e9 Jos\u00e9 Nadan, apiculteur au Faouet (Morbihan), jointe au t\u00e9l\u00e9phone par l&rsquo;AFP.<\/span><\/p>\n<p><span style=\"color: #000000;\"><strong>Le ministre de l&rsquo;Agriculture St\u00e9phane Travert avait accord\u00e9 fin juillet une aide de 3 millions d&rsquo;euros, destin\u00e9e au renouvellement des essaims.<\/strong> Depuis plusieurs ann\u00e9es, les apiculteurs fran\u00e7ais subissent des pertes moyennes de 30% de leurs cheptels en hiver, selon l&rsquo;Union nationale de l&rsquo;apiculture fran\u00e7aise (Unaf). Durant l&rsquo;hiver 2017\/2018 <em>\u00ab\u00a0on a franchi un cap suppl\u00e9mentaire\u00a0\u00bb<\/em>, avec des taux de mortalit\u00e9 pouvant grimper \u00e0 <strong>40%, 50% voire 80%<\/strong>, avait indiqu\u00e9 en juin Gilles Lanio, pr\u00e9sident de l&rsquo;Unaf.<\/span><\/p>\n<p><span style=\"color: #000000;\">Pour Jos\u00e9 Nadan, il est n\u00e9cessaire de <em>\u00ab\u00a0<strong>faire \u00e9voluer l&rsquo;agriculture, moins toxique pour nos abeilles et l&rsquo;environnement\u00a0\u00bb<\/strong><\/em>. <em>\u00ab\u00a0Les coll\u00e8gues sont en train de refaire les cheptels mais nous avons des craintes pour le printemps prochain, les sols sont encore contamin\u00e9s de n\u00e9onicotino\u00efdes\u00a0\u00bb<\/em>, d\u00e9sormais interdits dans l&rsquo;agriculture fran\u00e7aise.<\/span><\/p>\n<p><span style=\"color: #000000;\">Une <strong><em>\u00ab\u00a0transhumance de solidarit\u00e9\u00a0\u00bb<\/em><\/strong> est pr\u00e9vue le 13 octobre \u00e0 <strong>Saint-Pierre-Quiberon<\/strong> (Morbihan), o\u00f9 des apiculteurs venus de toute la France viendront apporter des essaims \u00e0 leurs homologues bretons, a annonc\u00e9 le Syndicat des apiculteurs professionnels de Bretagne, dans un communiqu\u00e9.<\/span><\/p>\n<p>&nbsp;<\/p>\n<h6><span style=\"color: #000000;\">Source\u00a0: RENNES,\u00a030 sept 2018 (AFP)<\/span><\/h6>\n<h6>Cr\u00e9dit photo : Claire Jannot<\/h6>\n<p>&nbsp;<\/p>\n<p>&nbsp;<\/p>\n<p>&nbsp;<\/p>\n<p>&nbsp;<\/p>\n","protected":false},"excerpt":{"rendered":"<p>Des apiculteurs bretons, fortement touch\u00e9s par la mortalit\u00e9 des abeilles, se sont rassembl\u00e9s dimanche \u00e0 Carhaix (Finist\u00e8re) pour r\u00e9clamer une meilleure r\u00e9partition des aides et une \u00e9volution \u00ab\u00a0moins toxique\u00a0\u00bb des pratiques agricoles. Pr\u00e8s de 400 personnes \u00e9taient r\u00e9unies, selon les &hellip; <a href=\"https:\/\/claire-jannot.com\/?p=7299\">Continuer la lecture <span class=\"meta-nav\">&rarr;<\/span><\/a><\/p>\n","protected":false},"author":1,"featured_media":0,"comment_status":"open","ping_status":"open","sticky":false,"template":"","format":"standard","meta":{"jetpack_post_was_ever_published":false,"_jetpack_newsletter_access":"","_jetpack_dont_email_post_to_subs":false,"_jetpack_newsletter_tier_id":0,"_jetpack_memberships_contains_paywalled_content":false,"_jetpack_memberships_contains_paid_content":false,"footnotes":"","jetpack_publicize_message":"","jetpack_publicize_feature_enabled":true,"jetpack_social_post_already_shared":true,"jetpack_social_options":{"image_generator_settings":{"template":"highway","default_image_id":0,"font":"","enabled":false},"version":2}},"categories":[2],"tags":[58,5,36,48],"class_list":["post-7299","post","type-post","status-publish","format-standard","hentry","category-ecologie","tag-alimentation-2","tag-environnement","tag-pollution","tag-vie-animale"],"jetpack_publicize_connections":[],"jetpack_featured_media_url":"","jetpack_sharing_enabled":true,"jetpack_shortlink":"https:\/\/wp.me\/p5jjt5-1TJ","_links":{"self":[{"href":"https:\/\/claire-jannot.com\/index.php?rest_route=\/wp\/v2\/posts\/7299","targetHints":{"allow":["GET"]}}],"collection":[{"href":"https:\/\/claire-jannot.com\/index.php?rest_route=\/wp\/v2\/posts"}],"about":[{"href":"https:\/\/claire-jannot.com\/index.php?rest_route=\/wp\/v2\/types\/post"}],"author":[{"embeddable":true,"href":"https:\/\/claire-jannot.com\/index.php?rest_route=\/wp\/v2\/users\/1"}],"replies":[{"embeddable":true,"href":"https:\/\/claire-jannot.com\/index.php?rest_route=%2Fwp%2Fv2%2Fcomments&post=7299"}],"version-history":[{"count":1,"href":"https:\/\/claire-jannot.com\/index.php?rest_route=\/wp\/v2\/posts\/7299\/revisions"}],"predecessor-version":[{"id":7302,"href":"https:\/\/claire-jannot.com\/index.php?rest_route=\/wp\/v2\/posts\/7299\/revisions\/7302"}],"wp:attachment":[{"href":"https:\/\/claire-jannot.com\/index.php?rest_route=%2Fwp%2Fv2%2Fmedia&parent=7299"}],"wp:term":[{"taxonomy":"category","embeddable":true,"href":"https:\/\/claire-jannot.com\/index.php?rest_route=%2Fwp%2Fv2%2Fcategories&post=7299"},{"taxonomy":"post_tag","embeddable":true,"href":"https:\/\/claire-jannot.com\/index.php?rest_route=%2Fwp%2Fv2%2Ftags&post=7299"}],"curies":[{"name":"wp","href":"https:\/\/api.w.org\/{rel}","templated":true}]}}