{"id":7317,"date":"2018-10-12T14:09:35","date_gmt":"2018-10-12T13:09:35","guid":{"rendered":"http:\/\/www.grandesterresbio.com\/?p=7317"},"modified":"2018-10-12T14:09:35","modified_gmt":"2018-10-12T13:09:35","slug":"le-projet-de-loi-agriculture-et-alimentation","status":"publish","type":"post","link":"https:\/\/claire-jannot.com\/?p=7317","title":{"rendered":"Le projet de loi agriculture et alimentation"},"content":{"rendered":"<h2><span style=\"color: #000000;\">Le projet Agriculture et Alimentation, point par point :<\/span><\/h2>\n<p><span style=\"color: #000000;\"><a style=\"color: #000000;\" href=\"https:\/\/i0.wp.com\/www.grandesterresbio.com\/wp-content\/uploads\/2018\/10\/Full_shopping_cart_seen_from_above.jpg\"><img data-recalc-dims=\"1\" loading=\"lazy\" decoding=\"async\" class=\"alignleft wp-image-7318\" src=\"https:\/\/i0.wp.com\/www.grandesterresbio.com\/wp-content\/uploads\/2018\/10\/Full_shopping_cart_seen_from_above.jpg?resize=418%2C250\" alt=\"\" width=\"418\" height=\"250\" srcset=\"https:\/\/i0.wp.com\/claire-jannot.com\/wp-content\/uploads\/2018\/10\/Full_shopping_cart_seen_from_above.jpg?w=943&amp;ssl=1 943w, https:\/\/i0.wp.com\/claire-jannot.com\/wp-content\/uploads\/2018\/10\/Full_shopping_cart_seen_from_above.jpg?resize=300%2C179&amp;ssl=1 300w, https:\/\/i0.wp.com\/claire-jannot.com\/wp-content\/uploads\/2018\/10\/Full_shopping_cart_seen_from_above.jpg?resize=768%2C459&amp;ssl=1 768w\" sizes=\"auto, (max-width: 418px) 100vw, 418px\" \/><\/a><strong>Relations commerciales<\/strong><\/span><\/p>\n<p><span style=\"color: #000000;\">Les producteurs agricoles proposeront d\u00e9sormais<strong> le prix de leurs produits aux acheteurs de la grande distribution en prenant en compte leurs co\u00fbts de production.<\/strong> Incitation au regroupement des producteurs. Les organisations interprofessionnelles devront \u00e9laborer et diffuser les indicateurs de prix qui doivent servir de <strong>r\u00e9f\u00e9rence dans les n\u00e9gociations commerciales.<\/strong> L&rsquo;Observatoire de la formation des prix et des marges des produits alimentaires (OFPM) pourra les aider, mais n&rsquo;aura pas pour mission de valider les indicateurs<\/span><\/p>\n<p><span style=\"color: #000000;\"><strong>&#8211; Sanctions alourdies sur les entreprises qui ne respecteraient pas leurs obligations contractuelles et moyens<\/strong> de l&rsquo;Autorit\u00e9 de la concurrence renforc\u00e9s pour lutter contre les alliances anticoncurrentielles <\/span><br \/>\n<span style=\"color: #000000;\">&#8211; Renforcement de la place et du r\u00f4le du m\u00e9diateur. Dans l&rsquo;esprit du<strong> \u00ab\u00a0name and shame\u00a0\u00bb (nommer et faire honte)<\/strong>, publication des sanctions en cas de manquements r\u00e9p\u00e9t\u00e9s<\/span><\/p>\n<p><span style=\"color: #000000;\">&#8211; Pour mettre fin \u00e0 la \u00ab\u00a0guerre des prix\u00a0\u00bb, <strong>le gouvernement est habilit\u00e9 \u00e0 l\u00e9gif\u00e9rer par ordonnance sur le rel\u00e8vement de 10%<\/strong> du seuil de revente \u00e0 perte et l&rsquo;encadrement des promotions excessives<\/span><\/p>\n<p><span style=\"color: #000000;\">&#8211; Interdiction de l&#8217;emploi du terme<strong> \u00ab\u00a0gratuit\u00a0\u00bb<\/strong>, ses d\u00e9riv\u00e9s et synonymes, dans la promotion d&rsquo;un produit alimentaire<\/span><\/p>\n<p><span style=\"color: #000000;\"><strong>Qualit\u00e9 de l&rsquo;alimentation et bien-\u00eatre animal<\/strong><\/span><\/p>\n<p><strong><span style=\"color: #000000;\">&#8211; Les repas dans la restauration collective publique devront comprendre, au plus tard en 2022, au moins 50% de produits issus de l&rsquo;agriculture biologique ou tenant compte de la pr\u00e9servation de l&rsquo;environnement. La part pour le bio est d&rsquo;au moins 20% de la valeur totale.<\/span><\/strong><\/p>\n<p><span style=\"color: #000000;\">&#8211; Exp\u00e9rimentation du menu <strong>v\u00e9g\u00e9tarien<\/strong> et interdiction de l&rsquo;utilisation de <strong>contenants alimentaires plastiques<\/strong> dans les cantines<\/span><\/p>\n<p><strong><span style=\"color: #000000;\">&#8211; Interdiction des couverts et de contenants jetables en plastique, au 1er janvier 2020, ainsi que des pailles et des touillettes<\/span><\/strong><\/p>\n<p><span style=\"color: #000000;\">&#8211; Etiquetage sur la provenance des hu\u00eetres \u00e0 partir de 2023<\/span><\/p>\n<p><span style=\"color: #000000;\">&#8211; Mention de la provenance du vin indiqu\u00e9e \u00ab\u00a0en \u00e9vidence sur l&rsquo;\u00e9tiquetage\u00a0\u00bb<\/span><\/p>\n<p><span style=\"color: #000000;\"><strong>&#8211; Les producteurs de miel devront indiquer l&rsquo;ensemble des pays d&rsquo;origine<\/strong> d&rsquo;un produit issu d&rsquo;un m\u00e9lange de miels<\/span><\/p>\n<p><span style=\"color: #000000;\">&#8211; Doublement des sanctions encourues en cas de <strong>mauvais traitements sur les animaux<\/strong> et renforcement du r\u00f4le du responsable protection animale<\/span><\/p>\n<p><span style=\"color: #000000;\">&#8211; Exp\u00e9rimentation du contr\u00f4le<strong> vid\u00e9o dans les abattoirs<\/strong><\/span><\/p>\n<p><span style=\"color: #000000;\">&#8211; Interdiction de l&rsquo;installation de tout nouvel \u00e9tablissement d&rsquo;\u00e9levage de <strong>poules pondeuses en cage<\/strong><\/span><\/p>\n<p><span style=\"color: #000000;\">&#8211; <strong>Interdiction des remises, rabais et ristournes<\/strong> dans les contrats de vente de produits phytopharmaceutiques sous peine d&rsquo;amendes administratives<\/span><\/p>\n<p><span style=\"color: #000000;\">&#8211; <strong>Experimentation de l&rsquo;\u00e9pandage par drones<\/strong> de produits autoris\u00e9s en agriculture biologique sur certaines surfaces<\/span><\/p>\n<p><span style=\"color: #000000;\">&#8211; Extension du champ de l&rsquo;interdiction des <strong>n\u00e9onicotino\u00efdes<\/strong> aux substances chimiques qui ont des modes d&rsquo;action identiques<\/span><\/p>\n<p><span style=\"color: #000000;\">&#8211; <strong>S\u00e9paration des activit\u00e9s de vente et de conseil pour les produits phytopharmaceutiques<\/strong><\/span><\/p>\n<p><span style=\"color: #000000;\">&#8211; Rapport du gouvernement sur la cr\u00e9ation d&rsquo;un fonds d&rsquo;indemnisation des victimes des produits phytopharmaceutiques<\/span><\/p>\n<p>&nbsp;<\/p>\n<h6><span style=\"color: #000000;\">Source\u00a0: AFP<\/span><\/h6>\n<h6>Cr\u00e9dit photo : Par Sander van der Wel from Netherlands ([360\/365] Private) [CC BY-SA 2.0 (https:\/\/creativecommons.org\/licenses\/by-sa\/2.0)], via Wikimedia Commons<\/h6>\n<p>&nbsp;<\/p>\n<p>&nbsp;<\/p>\n<p>&nbsp;<\/p>\n","protected":false},"excerpt":{"rendered":"<p>Le projet Agriculture et Alimentation, point par point : Relations commerciales Les producteurs agricoles proposeront d\u00e9sormais le prix de leurs produits aux acheteurs de la grande distribution en prenant en compte leurs co\u00fbts de production. Incitation au regroupement des producteurs. &hellip; <a href=\"https:\/\/claire-jannot.com\/?p=7317\">Continuer la lecture <span class=\"meta-nav\">&rarr;<\/span><\/a><\/p>\n","protected":false},"author":1,"featured_media":0,"comment_status":"open","ping_status":"open","sticky":false,"template":"","format":"standard","meta":{"jetpack_post_was_ever_published":false,"_jetpack_newsletter_access":"","_jetpack_dont_email_post_to_subs":false,"_jetpack_newsletter_tier_id":0,"_jetpack_memberships_contains_paywalled_content":false,"_jetpack_memberships_contains_paid_content":false,"footnotes":"","jetpack_publicize_message":"","jetpack_publicize_feature_enabled":true,"jetpack_social_post_already_shared":true,"jetpack_social_options":{"image_generator_settings":{"template":"highway","default_image_id":0,"font":"","enabled":false},"version":2}},"categories":[1,47],"tags":[42,58,11],"class_list":["post-7317","post","type-post","status-publish","format-standard","hentry","category-alimentation","category-societe","tag-agriculture","tag-alimentation-2","tag-societe-2"],"jetpack_publicize_connections":[],"jetpack_featured_media_url":"","jetpack_sharing_enabled":true,"jetpack_shortlink":"https:\/\/wp.me\/p5jjt5-1U1","_links":{"self":[{"href":"https:\/\/claire-jannot.com\/index.php?rest_route=\/wp\/v2\/posts\/7317","targetHints":{"allow":["GET"]}}],"collection":[{"href":"https:\/\/claire-jannot.com\/index.php?rest_route=\/wp\/v2\/posts"}],"about":[{"href":"https:\/\/claire-jannot.com\/index.php?rest_route=\/wp\/v2\/types\/post"}],"author":[{"embeddable":true,"href":"https:\/\/claire-jannot.com\/index.php?rest_route=\/wp\/v2\/users\/1"}],"replies":[{"embeddable":true,"href":"https:\/\/claire-jannot.com\/index.php?rest_route=%2Fwp%2Fv2%2Fcomments&post=7317"}],"version-history":[{"count":2,"href":"https:\/\/claire-jannot.com\/index.php?rest_route=\/wp\/v2\/posts\/7317\/revisions"}],"predecessor-version":[{"id":7320,"href":"https:\/\/claire-jannot.com\/index.php?rest_route=\/wp\/v2\/posts\/7317\/revisions\/7320"}],"wp:attachment":[{"href":"https:\/\/claire-jannot.com\/index.php?rest_route=%2Fwp%2Fv2%2Fmedia&parent=7317"}],"wp:term":[{"taxonomy":"category","embeddable":true,"href":"https:\/\/claire-jannot.com\/index.php?rest_route=%2Fwp%2Fv2%2Fcategories&post=7317"},{"taxonomy":"post_tag","embeddable":true,"href":"https:\/\/claire-jannot.com\/index.php?rest_route=%2Fwp%2Fv2%2Ftags&post=7317"}],"curies":[{"name":"wp","href":"https:\/\/api.w.org\/{rel}","templated":true}]}}