{"id":7323,"date":"2018-12-19T15:40:33","date_gmt":"2018-12-19T14:40:33","guid":{"rendered":"http:\/\/www.grandesterresbio.com\/?p=7323"},"modified":"2018-12-19T15:40:33","modified_gmt":"2018-12-19T14:40:33","slug":"grece-la-production-dhuile-dolive-est-en-chute-libre","status":"publish","type":"post","link":"https:\/\/claire-jannot.com\/?p=7323","title":{"rendered":"Gr\u00e8ce : la production d&rsquo;huile d&rsquo;olive est en chute libre"},"content":{"rendered":"<h2>Gr\u00e8ce: baisse jusqu&rsquo;\u00e0 40% de la production d&rsquo;huile d&rsquo;olive<\/h2>\n<p><a href=\"https:\/\/i0.wp.com\/www.grandesterresbio.com\/wp-content\/uploads\/2018\/12\/Oliviers.jpg\"><img data-recalc-dims=\"1\" loading=\"lazy\" decoding=\"async\" class=\"alignleft  wp-image-7324\" src=\"https:\/\/i0.wp.com\/www.grandesterresbio.com\/wp-content\/uploads\/2018\/12\/Oliviers.jpg?resize=409%2C272\" alt=\"\" width=\"409\" height=\"272\" srcset=\"https:\/\/i0.wp.com\/claire-jannot.com\/wp-content\/uploads\/2018\/12\/Oliviers.jpg?w=4608&amp;ssl=1 4608w, https:\/\/i0.wp.com\/claire-jannot.com\/wp-content\/uploads\/2018\/12\/Oliviers.jpg?resize=300%2C200&amp;ssl=1 300w, https:\/\/i0.wp.com\/claire-jannot.com\/wp-content\/uploads\/2018\/12\/Oliviers.jpg?resize=768%2C512&amp;ssl=1 768w, https:\/\/i0.wp.com\/claire-jannot.com\/wp-content\/uploads\/2018\/12\/Oliviers.jpg?resize=1024%2C683&amp;ssl=1 1024w, https:\/\/i0.wp.com\/claire-jannot.com\/wp-content\/uploads\/2018\/12\/Oliviers.jpg?w=1280 1280w, https:\/\/i0.wp.com\/claire-jannot.com\/wp-content\/uploads\/2018\/12\/Oliviers.jpg?w=1920 1920w\" sizes=\"auto, (max-width: 409px) 100vw, 409px\" \/><\/a>La production d&rsquo;huile d&rsquo;olive en Gr\u00e8ce <strong>sera en baisse d'\u00a0\u00bbentre 30 et 40%\u00a0\u00bb<\/strong> cette ann\u00e9e en raison de conditions climatiques propices \u00e0 la <strong>mouche de l&rsquo;olive<\/strong>, un insecte ravageur pour cette culture, a-t-on appris mardi aupr\u00e8s du minist\u00e8re de l&rsquo;Agriculture.<\/p>\n<p>Selon un porte-parole du minist\u00e8re, il s&rsquo;agit de <strong><em>\u00ab\u00a0la plus importante chute de production des trois derni\u00e8res ann\u00e9es\u00a0\u00bb.<\/em><\/strong><\/p>\n<p>Les sp\u00e9cialistes l&rsquo;imputent \u00e0 des <strong>temp\u00e9ratures hivernales plus basses qu&rsquo;ordinaire puis aux fortes pr\u00e9cipitations en juin<\/strong>, qui ont favoris\u00e9 le d\u00e9veloppement de la mouche de l&rsquo;olive, a-t-il pr\u00e9cis\u00e9.<\/p>\n<p>En novembre, le minist\u00e8re a entam\u00e9 une recherche scientifique pour \u00e9tudier le ph\u00e9nom\u00e8ne et son lien \u00e9ventuel avec le changement climatique.<\/p>\n<p>Ce sont surtout les oliveraies de la <strong>plaine de Mess\u00e8ne et du d\u00e9partement de Laconie<\/strong> dans le P\u00e9loponn\u00e8se (sud), la r\u00e9gion la plus productrice du pays, qui ont \u00e9t\u00e9 ravag\u00e9es.<\/p>\n<p><strong>Seule l&rsquo;\u00eele de Cr\u00e8te dans le sud a \u00e9t\u00e9 \u00e9pargn\u00e9e par la prolif\u00e9ration de cet insecte.<\/strong><\/p>\n<p>A la suite d&rsquo;une r\u00e9union minist\u00e9rielle sur ce sujet la semaine derni\u00e8re, Ath\u00e8nes a demand\u00e9 une aide au fonds de gestion de crises de l&rsquo;Union europ\u00e9enne pour pouvoir indemniser les producteurs.<\/p>\n<p>Apr\u00e8s l&rsquo;Espagne et l&rsquo;Italie, l<strong>a Gr\u00e8ce est, avec la Tunisie selon les ann\u00e9es, le troisi\u00e8me plus gros\u00a0 producteur d&rsquo;huile d&rsquo;olive dans le monde.<\/strong><\/p>\n<p>&nbsp;<\/p>\n<h6>Source : Ath\u00e8nes (AFP ) 11 d\u00e9cembre 2018<\/h6>\n<h6>Cr\u00e9dit photo : Par Varaine \u2014 Travail personnel, CC BY-SA 4.0, https:\/\/commons.wikimedia.org\/w\/index.php?curid=51571817<\/h6>\n<p>&nbsp;<\/p>\n<p>&nbsp;<\/p>\n<p>&nbsp;<\/p>\n<p>&nbsp;<\/p>\n","protected":false},"excerpt":{"rendered":"<p>Gr\u00e8ce: baisse jusqu&rsquo;\u00e0 40% de la production d&rsquo;huile d&rsquo;olive La production d&rsquo;huile d&rsquo;olive en Gr\u00e8ce sera en baisse d&rsquo;\u00a0\u00bbentre 30 et 40%\u00a0\u00bb cette ann\u00e9e en raison de conditions climatiques propices \u00e0 la mouche de l&rsquo;olive, un insecte ravageur pour cette &hellip; <a href=\"https:\/\/claire-jannot.com\/?p=7323\">Continuer la lecture <span class=\"meta-nav\">&rarr;<\/span><\/a><\/p>\n","protected":false},"author":1,"featured_media":0,"comment_status":"open","ping_status":"open","sticky":false,"template":"","format":"standard","meta":{"jetpack_post_was_ever_published":false,"_jetpack_newsletter_access":"","_jetpack_dont_email_post_to_subs":false,"_jetpack_newsletter_tier_id":0,"_jetpack_memberships_contains_paywalled_content":false,"_jetpack_memberships_contains_paid_content":false,"footnotes":"","jetpack_publicize_message":"","jetpack_publicize_feature_enabled":true,"jetpack_social_post_already_shared":true,"jetpack_social_options":{"image_generator_settings":{"template":"highway","default_image_id":0,"font":"","enabled":false},"version":2}},"categories":[1,2],"tags":[42,51,3,5],"class_list":["post-7323","post","type-post","status-publish","format-standard","hentry","category-alimentation","category-ecologie","tag-agriculture","tag-climat","tag-consommation","tag-environnement"],"jetpack_publicize_connections":[],"jetpack_featured_media_url":"","jetpack_sharing_enabled":true,"jetpack_shortlink":"https:\/\/wp.me\/p5jjt5-1U7","_links":{"self":[{"href":"https:\/\/claire-jannot.com\/index.php?rest_route=\/wp\/v2\/posts\/7323","targetHints":{"allow":["GET"]}}],"collection":[{"href":"https:\/\/claire-jannot.com\/index.php?rest_route=\/wp\/v2\/posts"}],"about":[{"href":"https:\/\/claire-jannot.com\/index.php?rest_route=\/wp\/v2\/types\/post"}],"author":[{"embeddable":true,"href":"https:\/\/claire-jannot.com\/index.php?rest_route=\/wp\/v2\/users\/1"}],"replies":[{"embeddable":true,"href":"https:\/\/claire-jannot.com\/index.php?rest_route=%2Fwp%2Fv2%2Fcomments&post=7323"}],"version-history":[{"count":1,"href":"https:\/\/claire-jannot.com\/index.php?rest_route=\/wp\/v2\/posts\/7323\/revisions"}],"predecessor-version":[{"id":7325,"href":"https:\/\/claire-jannot.com\/index.php?rest_route=\/wp\/v2\/posts\/7323\/revisions\/7325"}],"wp:attachment":[{"href":"https:\/\/claire-jannot.com\/index.php?rest_route=%2Fwp%2Fv2%2Fmedia&parent=7323"}],"wp:term":[{"taxonomy":"category","embeddable":true,"href":"https:\/\/claire-jannot.com\/index.php?rest_route=%2Fwp%2Fv2%2Fcategories&post=7323"},{"taxonomy":"post_tag","embeddable":true,"href":"https:\/\/claire-jannot.com\/index.php?rest_route=%2Fwp%2Fv2%2Ftags&post=7323"}],"curies":[{"name":"wp","href":"https:\/\/api.w.org\/{rel}","templated":true}]}}