{"id":7332,"date":"2018-12-24T16:07:30","date_gmt":"2018-12-24T15:07:30","guid":{"rendered":"http:\/\/www.grandesterresbio.com\/?p=7332"},"modified":"2018-12-29T17:57:39","modified_gmt":"2018-12-29T16:57:39","slug":"quotas-pour-la-peche-au-thon-le-pacifique-contre-les-etats-unis","status":"publish","type":"post","link":"https:\/\/claire-jannot.com\/?p=7332","title":{"rendered":"Quotas pour la p\u00eache au thon : Le Pacifique contre les Etats-Unis"},"content":{"rendered":"<p><strong>P\u00eache au thon: les nations du Pacifique contre les vell\u00e9it\u00e9s am\u00e9ricaines de relever les quotas <\/strong><br \/>\n<a href=\"https:\/\/i0.wp.com\/www.grandesterresbio.com\/wp-content\/uploads\/2018\/12\/thon-rouge.jpg\"><img data-recalc-dims=\"1\" loading=\"lazy\" decoding=\"async\" class=\"alignleft wp-image-7333\" src=\"https:\/\/i0.wp.com\/www.grandesterresbio.com\/wp-content\/uploads\/2018\/12\/thon-rouge.jpg?resize=389%2C254\" alt=\"\" width=\"389\" height=\"254\" srcset=\"https:\/\/i0.wp.com\/claire-jannot.com\/wp-content\/uploads\/2018\/12\/thon-rouge.jpg?w=5486&amp;ssl=1 5486w, https:\/\/i0.wp.com\/claire-jannot.com\/wp-content\/uploads\/2018\/12\/thon-rouge.jpg?resize=300%2C196&amp;ssl=1 300w, https:\/\/i0.wp.com\/claire-jannot.com\/wp-content\/uploads\/2018\/12\/thon-rouge.jpg?resize=768%2C502&amp;ssl=1 768w, https:\/\/i0.wp.com\/claire-jannot.com\/wp-content\/uploads\/2018\/12\/thon-rouge.jpg?resize=1024%2C669&amp;ssl=1 1024w, https:\/\/i0.wp.com\/claire-jannot.com\/wp-content\/uploads\/2018\/12\/thon-rouge.jpg?w=1280 1280w, https:\/\/i0.wp.com\/claire-jannot.com\/wp-content\/uploads\/2018\/12\/thon-rouge.jpg?w=1920 1920w\" sizes=\"auto, (max-width: 389px) 100vw, 389px\" \/><\/a>Les nations insulaires du <strong>Pacifique sont vent debout contre la volont\u00e9 affich\u00e9e par les Etats-Unis d&rsquo;augmenter leurs quotas de p\u00eache dans la r\u00e9gion<\/strong>, les accusant d&rsquo;entraver les efforts pour mettre en place une <strong>industrie durable.<\/strong><\/p>\n<p>La Commission des p\u00eaches du Pacifique occidental et central (WCPFC) se r\u00e9unit jusqu&rsquo;\u00e0 vendredi \u00e0 Honolulu et les Etats-Unis devraient \u00e0 cette occasion demander <strong>le rel\u00e8vement de leur quota de p\u00eache au thon ob\u00e8se, une esp\u00e8ce appr\u00e9ci\u00e9e en particulier pour le sashimi.<\/strong><br \/>\nLes 26 Etats membres doivent s&rsquo;accorder sur la politique de p\u00eache dans le Pacifique, qui repr\u00e9sente <strong>60% des prises mondiales de thons<\/strong>, un march\u00e9 annuel d&rsquo;environ six milliards de dollars.<br \/>\nLes membres sont pour la plupart de <strong>petites nations insulaires<\/strong>, mais la Commission comprend aussi des nations dites de <strong>\u00ab\u00a0p\u00eache lointaine\u00a0\u00bb<\/strong>, en particulier l&rsquo;Union europ\u00e9enne, la Chine, les Etats-Unis, la Cor\u00e9e du Sud, le Japon et Ta\u00efwan.<\/p>\n<p>Les Etats insulaires les accusent r\u00e9guli\u00e8rement de tra\u00eener les pieds quand il s&rsquo;agit de <strong>mettre en oeuvre des politiques de p\u00eache durable.<\/strong><\/p>\n<p>Le gouvernement du pr\u00e9sident am\u00e9ricain Donald Trump va chercher \u00e0 obtenir cette ann\u00e9e\u00a0<strong>le droit de capturer davantage de thons ob\u00e8ses comme r\u00e9compense pour avoir respect\u00e9 les r\u00e8gles de surveillance de la Commission<\/strong>, selon les documents remis \u00e0 celle-ci par Washington.<\/p>\n<p>Les industries de p\u00eache sont suppos\u00e9es d\u00e9ployer sur au moins 5% de leurs bateaux des observateurs ind\u00e9pendants charg\u00e9s de veiller au respect des quotas et de collecter des donn\u00e9es fiables. Cependant, la plupart des pays ne respectent pas cette obligation, \u00e0 l&rsquo;exception des Etats-Unis.<\/p>\n<p>Ludwig Kumoro, directeur g\u00e9n\u00e9ral des Parties prenantes \u00e0 l&rsquo;accord de Nauru, un regroupement d&rsquo;\u00eeles du Pacifique, a estim\u00e9 que le quota am\u00e9ricain ne devait pas \u00eatre relev\u00e9 au seul motif que Washington respecte les r\u00e8gles.<\/p>\n<p><strong>\u00ab\u00a0La tra\u00e7abilit\u00e9 ne doit pas servir \u00e0 augmenter les seuils\u00a0\u00bb<\/strong>, a-t-il d\u00e9clar\u00e9 aux journalistes. <strong>\u00ab\u00a0Nous devons en fait nous focaliser sur des mesures de pr\u00e9servation qui soutiennent la p\u00eache durable\u00a0\u00bb.<\/strong><\/p>\n<p>Manu Tupou-Roosen, patronne de l&rsquo;Agence des p\u00eaches du Forum des \u00eeles Pacifique (FFA) a fait valoir que son but \u00e9tait de <strong>\u00ab\u00a0maintenir les mesures de protection des thons tropicaux, pas d&rsquo;affaiblir les mesures existantes\u00a0\u00bb.<\/strong><\/p>\n<p>L&rsquo;ONG Pew Charitable Trust a jug\u00e9 \u00ab\u00a0int\u00e9ressante\u00a0\u00bb la proposition am\u00e9ricaine mais s&rsquo;est montr\u00e9 r\u00e9ticente face \u00e0 toute mesure qui d\u00e9boucherait sur une augmentation du nombre de thons p\u00each\u00e9s.<\/p>\n<p><strong>\u00ab\u00a0Si on augmente les prises de thon ob\u00e8se via une proposition, il faut les r\u00e9duire ailleurs\u00a0\u00bb<\/strong>, a expliqu\u00e9 <strong>Dave Gershman<\/strong>, sp\u00e9cialiste de la protection du thon de l&rsquo;ONG. \u00ab\u00a0S&rsquo;ils arrivent \u00e0 faire en sorte de ne pas augmenter les prises globales de thon ob\u00e8se, cela serait une solution mais pour le moment, je n&rsquo;en suis pas s\u00fbr\u00a0\u00bb.<\/p>\n<p>&nbsp;<\/p>\n<h6>Source\u00a0: HONOLULU (Etats-Unis),\u00a011 d\u00e9c 2018 (AFP)<\/h6>\n<h6>Cr\u00e9dit photo :\u00a0Jpbazard Jean-Pierre Bazard [GFDL (http:\/\/www.gnu.org\/copyleft\/fdl.html) ou CC BY-SA 3.0 (https:\/\/creativecommons.org\/licenses\/by-sa\/3.0)], de Wikimedia Commons<\/h6>\n<p>&nbsp;<\/p>\n<p>&nbsp;<\/p>\n<p>&nbsp;<\/p>\n<p>&nbsp;<\/p>\n","protected":false},"excerpt":{"rendered":"<p>P\u00eache au thon: les nations du Pacifique contre les vell\u00e9it\u00e9s am\u00e9ricaines de relever les quotas Les nations insulaires du Pacifique sont vent debout contre la volont\u00e9 affich\u00e9e par les Etats-Unis d&rsquo;augmenter leurs quotas de p\u00eache dans la r\u00e9gion, les accusant &hellip; <a href=\"https:\/\/claire-jannot.com\/?p=7332\">Continuer la lecture <span class=\"meta-nav\">&rarr;<\/span><\/a><\/p>\n","protected":false},"author":1,"featured_media":0,"comment_status":"open","ping_status":"open","sticky":false,"template":"","format":"standard","meta":{"jetpack_post_was_ever_published":false,"_jetpack_newsletter_access":"","_jetpack_dont_email_post_to_subs":false,"_jetpack_newsletter_tier_id":0,"_jetpack_memberships_contains_paywalled_content":false,"_jetpack_memberships_contains_paid_content":false,"footnotes":"","jetpack_publicize_message":"","jetpack_publicize_feature_enabled":true,"jetpack_social_post_already_shared":true,"jetpack_social_options":{"image_generator_settings":{"template":"highway","default_image_id":0,"font":"","enabled":false},"version":2}},"categories":[2],"tags":[3,70,11],"class_list":["post-7332","post","type-post","status-publish","format-standard","hentry","category-ecologie","tag-consommation","tag-ocean","tag-societe-2"],"jetpack_publicize_connections":[],"jetpack_featured_media_url":"","jetpack_sharing_enabled":true,"jetpack_shortlink":"https:\/\/wp.me\/p5jjt5-1Ug","_links":{"self":[{"href":"https:\/\/claire-jannot.com\/index.php?rest_route=\/wp\/v2\/posts\/7332","targetHints":{"allow":["GET"]}}],"collection":[{"href":"https:\/\/claire-jannot.com\/index.php?rest_route=\/wp\/v2\/posts"}],"about":[{"href":"https:\/\/claire-jannot.com\/index.php?rest_route=\/wp\/v2\/types\/post"}],"author":[{"embeddable":true,"href":"https:\/\/claire-jannot.com\/index.php?rest_route=\/wp\/v2\/users\/1"}],"replies":[{"embeddable":true,"href":"https:\/\/claire-jannot.com\/index.php?rest_route=%2Fwp%2Fv2%2Fcomments&post=7332"}],"version-history":[{"count":1,"href":"https:\/\/claire-jannot.com\/index.php?rest_route=\/wp\/v2\/posts\/7332\/revisions"}],"predecessor-version":[{"id":7334,"href":"https:\/\/claire-jannot.com\/index.php?rest_route=\/wp\/v2\/posts\/7332\/revisions\/7334"}],"wp:attachment":[{"href":"https:\/\/claire-jannot.com\/index.php?rest_route=%2Fwp%2Fv2%2Fmedia&parent=7332"}],"wp:term":[{"taxonomy":"category","embeddable":true,"href":"https:\/\/claire-jannot.com\/index.php?rest_route=%2Fwp%2Fv2%2Fcategories&post=7332"},{"taxonomy":"post_tag","embeddable":true,"href":"https:\/\/claire-jannot.com\/index.php?rest_route=%2Fwp%2Fv2%2Ftags&post=7332"}],"curies":[{"name":"wp","href":"https:\/\/api.w.org\/{rel}","templated":true}]}}