{"id":7339,"date":"2018-12-30T16:55:08","date_gmt":"2018-12-30T15:55:08","guid":{"rendered":"http:\/\/www.grandesterresbio.com\/?p=7339"},"modified":"2018-12-29T16:55:48","modified_gmt":"2018-12-29T15:55:48","slug":"le-japon-reprend-la-chasse-a-la-baleine-une-bonne-nouvelle","status":"publish","type":"post","link":"https:\/\/claire-jannot.com\/?p=7339","title":{"rendered":"Le Japon reprend la chasse \u00e0 la baleine, une bonne nouvelle ?"},"content":{"rendered":"<h2 class=\"chapo\"><span style=\"color: #000000;\">Pour Lamya Essemlali, pr\u00e9sidente de l\u2019ONG de d\u00e9fense des oc\u00e9ans Sea Shepherd, paradoxalement, la reprise de la chasse commerciale \u00e0 la baleine par le Japon est \u201cune avanc\u00e9e\u201d. Elle nous explique pourquoi.<\/span><\/h2>\n<div id=\"attachment_7340\" style=\"width: 415px\" class=\"wp-caption alignleft\"><a href=\"https:\/\/i0.wp.com\/www.grandesterresbio.com\/wp-content\/uploads\/2018\/12\/1280px-Baleine_%C3%A0_bosse_et_son_baleineau_2.jpg\"><img data-recalc-dims=\"1\" loading=\"lazy\" decoding=\"async\" aria-describedby=\"caption-attachment-7340\" class=\"wp-image-7340 \" src=\"https:\/\/i0.wp.com\/www.grandesterresbio.com\/wp-content\/uploads\/2018\/12\/1280px-Baleine_%C3%A0_bosse_et_son_baleineau_2.jpg?resize=405%2C273\" alt=\"\" width=\"405\" height=\"273\" srcset=\"https:\/\/i0.wp.com\/claire-jannot.com\/wp-content\/uploads\/2018\/12\/1280px-Baleine_%C3%A0_bosse_et_son_baleineau_2.jpg?w=1280&amp;ssl=1 1280w, https:\/\/i0.wp.com\/claire-jannot.com\/wp-content\/uploads\/2018\/12\/1280px-Baleine_%C3%A0_bosse_et_son_baleineau_2.jpg?resize=300%2C202&amp;ssl=1 300w, https:\/\/i0.wp.com\/claire-jannot.com\/wp-content\/uploads\/2018\/12\/1280px-Baleine_%C3%A0_bosse_et_son_baleineau_2.jpg?resize=768%2C518&amp;ssl=1 768w, https:\/\/i0.wp.com\/claire-jannot.com\/wp-content\/uploads\/2018\/12\/1280px-Baleine_%C3%A0_bosse_et_son_baleineau_2.jpg?resize=1024%2C690&amp;ssl=1 1024w\" sizes=\"auto, (max-width: 405px) 100vw, 405px\" \/><\/a><p id=\"caption-attachment-7340\" class=\"wp-caption-text\">Baleine \u00e0 bosse et son petit ( Polyn\u00e9sie Fran\u00e7aise )<\/p><\/div>\n<p><span style=\"color: #000000;\"><strong>Le Japon a d\u00e9cid\u00e9 de se retirer de la Commission baleini\u00e8re internationale (CBI) pour reprendre la chasse commerciale \u00e0 la baleine. Pourquoi n\u2019est-ce pas une si mauvaise nouvelle selon vous ?<\/strong><\/span><\/p>\n<p><span style=\"color: #000000;\"><strong>Lamya Essemlali &#8211;<\/strong>\u00a0Parce que le Japon ne <strong>\u201creprend\u201d<\/strong> pas la chasse \u00e0 la baleine : il ne l\u2019a jamais arr\u00eat\u00e9e. Simplement il s\u2019appuyait sur l\u2019<strong>alibi scientifique<\/strong> depuis des ann\u00e9es pour justifier cette chasse, jusque dans le sanctuaire antarctique\u00a0<em>[une faille juridique du moratoire autorisait la p\u00eache \u00e0 des fins scientifiques, ndlr]<\/em>. En quittant la CBI, il perd cet alibi, en cela c\u2019est une bonne nouvelle. De plus, le Japon avait une <strong>influence \u00e9norme au sein de la CBI<\/strong>, o\u00f9 il a bloqu\u00e9 des projets de sanctuaires, comme celui propos\u00e9 en Atlantique-sud. Chaque ann\u00e9e, il versait des pots de vin \u00e0 des pays qui n\u2019ont pour certains jamais chass\u00e9 la baleine, afin qu\u2019ils votent contre la <strong>reconduction du moratoire sur la p\u00eache commerciale\u00a0<\/strong><em>[interdite depuis 1982, ndlr].<\/em>\u00a0Cela fait des ann\u00e9es que le Japon milite au sein de la CBI pour faire tomber celui-ci. <\/span><span style=\"color: #000000;\">En sortant de cet organisme\u00a0<em>[cr\u00e9\u00e9 en 1946 pour r\u00e9guler la population mondiale de c\u00e9tac\u00e9s, ndlr]<\/em>, il perd donc cette influence. Un des travers de la CBI est que jusqu\u2019\u00e0 pr\u00e9sent elle ne prenait en compte que les baleines, et pas les petits c\u00e9tac\u00e9s. Elle exclut donc tous les dauphins, en grande partie \u00e0 cause du lobbying du Japon. <strong>On esp\u00e8re donc que les choses vont \u00e9voluer dans le bon sens, maintenant que le Japon s\u2019en est retir\u00e9, et qu\u2019on va enfin inclure les petits c\u00e9tac\u00e9s.<\/strong><\/span><\/p>\n<div class=\"inner_adtech\">\n<div id=\"LesinRocKuptibles_actu_Banniere_Milieu_desktop_1127032\" class=\"adtech adtech-actu adtech-Banniere_Milieu adtech-desktop adtech-single\">\n<div id=\"adtechAdContainer_19265471_97973520\">\n<p id=\"adtechAdContent_main_97973520\"><strong>Le Japon ne pourra plus d\u00e9sormais pratiquer cette chasse que dans ses eaux territoriales, et plus en Antarctique. Est-ce que cela r\u00e9duit ses capacit\u00e9s d\u2019action ?<\/strong><\/p>\n<\/div>\n<\/div>\n<\/div>\n<p><span style=\"color: #000000;\">Compl\u00e8tement. S\u2019il tenait tellement \u00e0 chasser dans le <strong>sanctuaire antarctique, c\u2019est parce que c\u2019est une zone tr\u00e8s riche en baleines.<\/strong> Au d\u00e9part il s\u2019\u00e9tait auto-attribu\u00e9 un quota de <strong>1035 baleines par an<\/strong>, qui est tomb\u00e9 \u00e0 <strong>333 du fait notamment des actions de Sea Shepherd.<\/strong> A chaque fois qu\u2019ils partaient en Antarctique, ils faisaient un strike. D\u00e9sormais ils seront limit\u00e9s \u00e0 leurs eaux territoriales, o\u00f9 il y aura forc\u00e9ment moins de baleines. Leur chasse n\u2019aura pas l\u2019ampleur industrielle qu&rsquo;elle avait pris avec la flotte baleini\u00e8re qui partait en Antarctique, qui \u00e9tait ax\u00e9e autour d\u2019un gigantesque navire-usine. Celui-ci est d\u2019ailleurs en fin de vie, et le Japon \u00e9tait en train d&rsquo;envisager la construction d\u2019un tout nouveau navire-usine. Cela n\u2019est plus d\u2019actualit\u00e9 d\u00e9sormais. Evidemment nous ne sommes pas compl\u00e8tement satisfaits, car ils continueront \u00e0 chasser les baleines. Mais c\u2019est une avanc\u00e9e positive de savoir qu&rsquo;aujourd\u2019hui les trois derniers pays qui chassent encore des baleines<em>\u00a0[l\u2019Islande, la Norv\u00e8ge et le Japon, ndlr]<\/em>sont contraints et limit\u00e9s \u00e0 leurs <strong>eaux territoriales<\/strong>.<\/span><\/p>\n<div class=\"SandboxRoot env-bp-350\" data-twitter-event-id=\"0\">\n<div id=\"twitter-widget-0\" class=\"EmbeddedTweet EmbeddedTweet--cta EmbeddedTweet--mediaForward media-forward js-clickToOpenTarget js-tweetIdInfo tweet-InformationCircle-widgetParent\" lang=\"en\" data-click-to-open-target=\"https:\/\/twitter.com\/SeaShepherdFran\/status\/1078695452206424064\" data-iframe-title=\"Twitter Tweet\" data-scribe=\"page:tweet\" data-tweet-id=\"1078695452206424064\" data-twitter-event-id=\"1\">\n<article class=\"MediaCard MediaCard--mediaForward cards-multimedia customisable-border\" dir=\"ltr\" data-scribe=\"component:card\">\n<div class=\"MediaCard-media\">\n<div class=\"MediaCard-widthConstraint js-cspForcedStyle\" data-style=\"max-width: 2000px\"><\/div>\n<\/div>\n<\/article>\n<div class=\"tweet-InformationCircle--top tweet-InformationCircle\" data-scribe=\"element:notice\"><\/div>\n<\/div>\n<div class=\"resize-sensor\">\n<div class=\"resize-sensor-expand\">\n<p><strong>Vous pensez qu\u2019on avance tout de m\u00eame vers une sanctuarisation plus grande des oc\u00e9ans ?<\/strong><\/p>\n<\/div>\n<\/div>\n<\/div>\n<p><span style=\"color: #000000;\">Malheureusement nous en sommes loin, mais on va avoir un <strong>vrai sanctuaire antarctique pour les baleines<\/strong> d\u00e9sormais, et \u00e7a c\u2019est essentiel. Il faut le reconna\u00eetre, tout en ayant bien conscience que la donne ne change pas. On \u00e9tait dans une hypocrisie \u00e9norme : le Japon n\u2019a jamais cess\u00e9 la chasse commerciale. Depuis l\u2019entr\u00e9e en vigueur du moratoire, on a toujours retrouv\u00e9 de la viande de baleine sur les march\u00e9s et dans les restaurants japonais &#8211; y compris des baleines qui n\u2019\u00e9taient m\u00eame pas cens\u00e9es \u00eatre cibl\u00e9es par le Japon. On a ainsi retrouv\u00e9 de l\u2019ADN d\u2019orques ou de baleines bleues, en danger critique d\u2019extinction, qui sont compl\u00e8tement interdites \u00e0 la chasse. Le masque scientifique tombe : <strong>le Japon rejoint le camp des deux derni\u00e8res nations qui traquent encore des baleines \u00e0 des fins commerciales.<\/strong> Au moins les choses sont claires.<\/span><\/p>\n<p><span style=\"color: #000000;\"><strong>En 2017 Sea Shepherd a d\u00e9cid\u00e9 d\u2019arr\u00eater ses missions anti-chasse baleini\u00e8re en Antarctique, car elles avaient un co\u00fbt trop \u00e9lev\u00e9. Cette limitation aux eaux territoriales change-t-elle la donne du point de vue de la d\u00e9fense des c\u00e9tac\u00e9s ?<\/strong><\/span><\/p>\n<p><span style=\"color: #000000;\">Dans les eaux territoriales il est compliqu\u00e9 d\u2019intervenir en raison de la juridiction, et parce qu\u2019en g\u00e9n\u00e9ral ils ont des navires militaires assez bien \u00e9quip\u00e9s qui nous attendent. On avait fait une incursion en Norv\u00e8ge il y a quelques temps, et cela avait \u00e9t\u00e9 assez muscl\u00e9. Mais on va surveiller de tr\u00e8s pr\u00e8s ce que va faire le Japon, et notamment s\u2019il se limite ou pas \u00e0 ses eaux territoriales.<\/span><\/p>\n<p><span style=\"color: #000000;\"><strong>Le Japon justifie cette reprise par le fait que certaines esp\u00e8ces se portent tr\u00e8s bien, et ne sont pas menac\u00e9es. Est-ce vraiment le cas ?<\/strong><\/span><\/p>\n<p><span style=\"color: #000000;\">Cela d\u00e9pend des esp\u00e8ces. Il y en a qui sont plus ou moins en phase de r\u00e9tablissement, apr\u00e8s des si\u00e8cles de chasse intensive. Si on prend l\u2019exemple extr\u00eame de la <strong>baleine bleue<\/strong>, on en a extermin\u00e9 99%, et pourtant on a encore retrouv\u00e9 son ADN sur les march\u00e9s japonais. Ils se moquent du statut de l\u2019esp\u00e8ce. De plus, ce sont des animaux tr\u00e8s vuln\u00e9rables \u00e0 de multiples facteurs, comme la pollution plastique et sonore, qui sont des menaces nouvelles, la rar\u00e9faction de la nourriture \u00e0 cause de la surp\u00eache, ou encore les captures accidentelles dans les filets : 300 000 mammif\u00e8res marins en sont morts cette ann\u00e9e. Elles se reproduisent aussi tr\u00e8s lentement, et ne peuvent pas \u00eatre tu\u00e9s de fa\u00e7on rapide. C\u2019est toujours une boucherie innommable : il faut entre 25 minutes et une heure pour tuer une baleine. <strong>On ne pourrait justifier ce genre de pratique dans aucun abattoir.<\/strong> Il n\u2019y a plus rien aujourd\u2019hui qui peut justifier qu\u2019on tue des baleines. Il y a des alternatives beaucoup plus \u00e9cologiques et beaucoup plus \u00e9conomiques \u00e0 tous les usages qu\u2019on peut en faire.<\/span><\/p>\n<p><span style=\"color: #000000;\"><strong>Avec l\u2019Islande et la Norv\u00e8ge, le Japon sera donc le troisi\u00e8me pays \u00e0 pratiquer ouvertement cette chasse. Est-ce que cette coutume recule tout de m\u00eame dans ces pays, malgr\u00e9 le poids de la tradition ?<\/strong><\/span><\/p>\n<p><span style=\"color: #000000;\"><strong>L\u2019argument de la tradition est invalide. La tradition, c\u2019est ce qu\u2019on a l\u2019habitude de faire depuis longtemps. Ce n\u2019est pas pour autant que c\u2019est \u00e9thique, louable ou justifi\u00e9.<\/strong> En plus de cela, c\u2019est un faux argument, car en Islande comme en Norv\u00e8ge, <strong>seulement 2% de la population mange de la viande de baleine.<\/strong> C\u2019est un march\u00e9 qui se maintient beaucoup \u00e0 cause du tourisme. C\u2019est particuli\u00e8rement le cas en Islande, o\u00f9 les<strong> touristes<\/strong> veulent manger un \u201cplat traditionnel islandais\u201d, alors que les Islandais ne mangent plus de baleine. Les touristes consomment donc de la viande de baleine au restaurant. Mais malgr\u00e9 cela, cette activit\u00e9 n\u2019est absolument pas rentable. Au Japon elle compl\u00e8tement sous perfusion de subventions du gouvernement. En Islande, c\u2019est une entreprise, Hvalur Hf, qui en a fait une affaire personnelle. <strong>Un multi-millionnaire, l\u2019homme le plus riche d\u2019Islande, est \u00e0 sa t\u00eate, et il se permet de chasser les baleines car il a une fortune \u00e9norme qui lui permet de financer cette activit\u00e9 \u00e0 perte.<\/strong> \u00c9conomiquement parlant \u00e7a n\u2019a plus aucun sens. \u00c9cologiquement et \u00e9thiquement, n\u2019en parlons m\u00eame pas.<\/span><\/p>\n<p><span style=\"color: #000000;\"><strong>Propos recueillis par Mathieu Dejean pour les Inrockuptibles ( d\u00e9cembre 2018 )<\/strong><\/span><\/p>\n<h6><span style=\"color: #000000;\">Source :\u00a0https:\/\/www.lesinrocks.com\/2018\/12\/29\/actualite\/pourquoi-la-reprise-de-la-chasse-la-baleine-au-japon-nest-pas-une-si-mauvaise-nouvelle-111155330\/<\/span><\/h6>\n<h6><span style=\"color: #000000;\">Cr\u00e9dit photo :\u00a0Par \u00a9 J\u00e9r\u00e9mie Silvestro\u00a0\/\u00a0Wikimedia Commons, CC BY-SA 4.0, https:\/\/commons.wikimedia.org\/w\/index.php?curid=59393959<\/span><\/h6>\n<p>&nbsp;<\/p>\n<p>&nbsp;<\/p>\n","protected":false},"excerpt":{"rendered":"<p>Pour Lamya Essemlali, pr\u00e9sidente de l\u2019ONG de d\u00e9fense des oc\u00e9ans Sea Shepherd, paradoxalement, la reprise de la chasse commerciale \u00e0 la baleine par le Japon est \u201cune avanc\u00e9e\u201d. Elle nous explique pourquoi. Le Japon a d\u00e9cid\u00e9 de se retirer de &hellip; <a href=\"https:\/\/claire-jannot.com\/?p=7339\">Continuer la lecture <span class=\"meta-nav\">&rarr;<\/span><\/a><\/p>\n","protected":false},"author":1,"featured_media":0,"comment_status":"open","ping_status":"open","sticky":false,"template":"","format":"standard","meta":{"jetpack_post_was_ever_published":false,"_jetpack_newsletter_access":"","_jetpack_dont_email_post_to_subs":false,"_jetpack_newsletter_tier_id":0,"_jetpack_memberships_contains_paywalled_content":false,"_jetpack_memberships_contains_paid_content":false,"footnotes":"","jetpack_publicize_message":"","jetpack_publicize_feature_enabled":true,"jetpack_social_post_already_shared":true,"jetpack_social_options":{"image_generator_settings":{"template":"highway","default_image_id":0,"font":"","enabled":false},"version":2}},"categories":[2],"tags":[3,5,52,11,48],"class_list":["post-7339","post","type-post","status-publish","format-standard","hentry","category-ecologie","tag-consommation","tag-environnement","tag-oceans","tag-societe-2","tag-vie-animale"],"jetpack_publicize_connections":[],"jetpack_featured_media_url":"","jetpack_sharing_enabled":true,"jetpack_shortlink":"https:\/\/wp.me\/p5jjt5-1Un","_links":{"self":[{"href":"https:\/\/claire-jannot.com\/index.php?rest_route=\/wp\/v2\/posts\/7339","targetHints":{"allow":["GET"]}}],"collection":[{"href":"https:\/\/claire-jannot.com\/index.php?rest_route=\/wp\/v2\/posts"}],"about":[{"href":"https:\/\/claire-jannot.com\/index.php?rest_route=\/wp\/v2\/types\/post"}],"author":[{"embeddable":true,"href":"https:\/\/claire-jannot.com\/index.php?rest_route=\/wp\/v2\/users\/1"}],"replies":[{"embeddable":true,"href":"https:\/\/claire-jannot.com\/index.php?rest_route=%2Fwp%2Fv2%2Fcomments&post=7339"}],"version-history":[{"count":2,"href":"https:\/\/claire-jannot.com\/index.php?rest_route=\/wp\/v2\/posts\/7339\/revisions"}],"predecessor-version":[{"id":7343,"href":"https:\/\/claire-jannot.com\/index.php?rest_route=\/wp\/v2\/posts\/7339\/revisions\/7343"}],"wp:attachment":[{"href":"https:\/\/claire-jannot.com\/index.php?rest_route=%2Fwp%2Fv2%2Fmedia&parent=7339"}],"wp:term":[{"taxonomy":"category","embeddable":true,"href":"https:\/\/claire-jannot.com\/index.php?rest_route=%2Fwp%2Fv2%2Fcategories&post=7339"},{"taxonomy":"post_tag","embeddable":true,"href":"https:\/\/claire-jannot.com\/index.php?rest_route=%2Fwp%2Fv2%2Ftags&post=7339"}],"curies":[{"name":"wp","href":"https:\/\/api.w.org\/{rel}","templated":true}]}}