{"id":7365,"date":"2019-03-04T13:02:39","date_gmt":"2019-03-04T12:02:39","guid":{"rendered":"http:\/\/www.grandesterresbio.com\/?p=7365"},"modified":"2019-03-02T13:13:45","modified_gmt":"2019-03-02T12:13:45","slug":"bretagne-extension-de-la-reserve-naturelle-des-sept-iles","status":"publish","type":"post","link":"https:\/\/claire-jannot.com\/?p=7365","title":{"rendered":"Bretagne : Extension de la r\u00e9serve naturelle des Sept-\u00eeles"},"content":{"rendered":"<h2>Une instance de concertation a \u00e9t\u00e9 install\u00e9e en vue de l&rsquo;extension en mer de la R\u00e9serve naturelle nationale des Sept-Iles, l&rsquo;une des plus importantes du littoral fran\u00e7ais, a annonc\u00e9 mardi la pr\u00e9fecture des C\u00f4tes d&rsquo;Armor dans un communiqu\u00e9.<\/h2>\n<p><a href=\"https:\/\/i0.wp.com\/www.grandesterresbio.com\/wp-content\/uploads\/2019\/03\/1280px-7_%C3%AEles.jpg\"><img data-recalc-dims=\"1\" loading=\"lazy\" decoding=\"async\" class=\"alignleft  wp-image-7366\" src=\"https:\/\/i0.wp.com\/www.grandesterresbio.com\/wp-content\/uploads\/2019\/03\/1280px-7_%C3%AEles.jpg?resize=418%2C278\" alt=\"\" width=\"418\" height=\"278\" srcset=\"https:\/\/i0.wp.com\/claire-jannot.com\/wp-content\/uploads\/2019\/03\/1280px-7_%C3%AEles.jpg?w=1280&amp;ssl=1 1280w, https:\/\/i0.wp.com\/claire-jannot.com\/wp-content\/uploads\/2019\/03\/1280px-7_%C3%AEles.jpg?resize=300%2C200&amp;ssl=1 300w, https:\/\/i0.wp.com\/claire-jannot.com\/wp-content\/uploads\/2019\/03\/1280px-7_%C3%AEles.jpg?resize=768%2C512&amp;ssl=1 768w, https:\/\/i0.wp.com\/claire-jannot.com\/wp-content\/uploads\/2019\/03\/1280px-7_%C3%AEles.jpg?resize=1024%2C682&amp;ssl=1 1024w\" sizes=\"auto, (max-width: 418px) 100vw, 418px\" \/><\/a>\u00ab\u00a0Si l<strong>&lsquo;int\u00e9r\u00eat du patrimoine naturel terrestre de l&rsquo;archipel des Sept-Iles<\/strong> n&rsquo;est plus \u00e0 d\u00e9montrer, ses richesses marines (fonds, mammif\u00e8res&#8230;), par leur caract\u00e8re exceptionnel, constituent \u00e9galement un <strong>enjeu de biodiversit\u00e9 majeur<\/strong>\u00ab\u00a0, souligne la pr\u00e9fecture.<\/p>\n<p>Situ\u00e9 au large de <strong>Perros-Guirec<\/strong>, l&rsquo;archipel des Sept-Iles est devenu en <strong>1912<\/strong> le premier espace prot\u00e9g\u00e9 fran\u00e7ais de droit priv\u00e9 sous le statut de r\u00e9serve ornithologique, gr\u00e2ce \u00e0 la <strong>Ligue de protection des oiseaux (LPO).<\/strong><\/p>\n<p><strong>En 1976, le minist\u00e8re de l&rsquo;Environnement a class\u00e9 les 280 ha de l&rsquo;archipel en r\u00e9serve naturelle nationale, dont 240 ha sur le domaine public maritime.<\/strong><\/p>\n<p>\u00ab\u00a0Les quatre d\u00e9cennies de gestion de la r\u00e9serve naturelle ont permis de <strong>pr\u00e9server le patrimoine naturel exceptionnel<\/strong> de ce territoire mais aussi d&rsquo;am\u00e9liorer la <strong>connaissance du milieu marin<\/strong> en mettant en \u00e9vidence un <strong>patrimoine naturel sous-marin remarquable<\/strong>\u00ab\u00a0, souligne la pr\u00e9fecture.<\/p>\n<p>L&rsquo;avant-projet d&rsquo;extension du p\u00e9rim\u00e8tre de la r\u00e9serve naturelle nationale est souhait\u00e9 \u00e0 l&rsquo;horizon 2020 avec des temps d&rsquo;\u00e9change \u00ab\u00a0fin 2018 et tout au long de l&rsquo;ann\u00e9e 2019\u00a0\u00bb afin \u00ab\u00a0de favoriser son appropriation locale et ainsi voir \u00e9merger un v\u00e9ritable projet de territoire\u00a0\u00bb, selon les autorit\u00e9s.<\/p>\n<p>Ce projet d&rsquo;extension est \u00ab\u00a0en ad\u00e9quation avec les politiques nationales et europ\u00e9ennes\u00a0\u00bb, souligne la pr\u00e9fecture, qui rappelle que \u00ab\u00a0la pression croissante sur le milieu marin et la conscience de la n\u00e9cessaire pr\u00e9servation du r\u00e9servoir de biodiversit\u00e9 qu&rsquo;il constitue a conduit les autorit\u00e9s nationales et europ\u00e9ennes \u00e0 <strong>adopter des mesures fortes pour le prot\u00e9ger<\/strong>\u00ab\u00a0.<\/p>\n<p>Avec plus de <strong>20.000 couples d&rsquo;oiseaux marins et 27 esp\u00e8ces nicheuses<\/strong>, la R\u00e9serve des Sept-Iles est <strong>\u00ab\u00a0la plus importante r\u00e9serve du littoral fran\u00e7ais\u00a0\u00bb<\/strong>, selon le site des R\u00e9serves naturelles de France. L&rsquo;\u00eele Rouzic est ainsi \u00ab\u00a0le seul point de nidification en France pour le fou de bassan (20.000 couples en 2012) ainsi que pour la quasi totalit\u00e9 des macareux moine (175 couples en 2012), puffins des Anglais et pingouins torda\u00a0\u00bb, d&rsquo;apr\u00e8s la m\u00eame source.<\/p>\n<h6>Source\u00a0: RENNES,\u00a016 oct 2018 (AFP)<\/h6>\n<h6>By Mario Modesto Mata &#8211; Own work, CC BY-SA 3.0, https:\/\/commons.wikimedia.org\/w\/index.php?curid=10282887<\/h6>\n<p>&nbsp;<\/p>\n<p>&nbsp;<\/p>\n<p>&nbsp;<\/p>\n","protected":false},"excerpt":{"rendered":"<p>Une instance de concertation a \u00e9t\u00e9 install\u00e9e en vue de l&rsquo;extension en mer de la R\u00e9serve naturelle nationale des Sept-Iles, l&rsquo;une des plus importantes du littoral fran\u00e7ais, a annonc\u00e9 mardi la pr\u00e9fecture des C\u00f4tes d&rsquo;Armor dans un communiqu\u00e9. \u00ab\u00a0Si l&lsquo;int\u00e9r\u00eat &hellip; <a href=\"https:\/\/claire-jannot.com\/?p=7365\">Continuer la lecture <span class=\"meta-nav\">&rarr;<\/span><\/a><\/p>\n","protected":false},"author":1,"featured_media":0,"comment_status":"open","ping_status":"open","sticky":false,"template":"","format":"standard","meta":{"jetpack_post_was_ever_published":false,"_jetpack_newsletter_access":"","_jetpack_dont_email_post_to_subs":false,"_jetpack_newsletter_tier_id":0,"_jetpack_memberships_contains_paywalled_content":false,"_jetpack_memberships_contains_paid_content":false,"footnotes":"","jetpack_publicize_message":"","jetpack_publicize_feature_enabled":true,"jetpack_social_post_already_shared":true,"jetpack_social_options":{"image_generator_settings":{"template":"highway","default_image_id":0,"font":"","enabled":false},"version":2}},"categories":[49],"tags":[4,5,70,48],"class_list":["post-7365","post","type-post","status-publish","format-standard","hentry","category-vie-animale-2","tag-ecologie2","tag-environnement","tag-ocean","tag-vie-animale"],"jetpack_publicize_connections":[],"jetpack_featured_media_url":"","jetpack_sharing_enabled":true,"jetpack_shortlink":"https:\/\/wp.me\/p5jjt5-1UN","_links":{"self":[{"href":"https:\/\/claire-jannot.com\/index.php?rest_route=\/wp\/v2\/posts\/7365","targetHints":{"allow":["GET"]}}],"collection":[{"href":"https:\/\/claire-jannot.com\/index.php?rest_route=\/wp\/v2\/posts"}],"about":[{"href":"https:\/\/claire-jannot.com\/index.php?rest_route=\/wp\/v2\/types\/post"}],"author":[{"embeddable":true,"href":"https:\/\/claire-jannot.com\/index.php?rest_route=\/wp\/v2\/users\/1"}],"replies":[{"embeddable":true,"href":"https:\/\/claire-jannot.com\/index.php?rest_route=%2Fwp%2Fv2%2Fcomments&post=7365"}],"version-history":[{"count":1,"href":"https:\/\/claire-jannot.com\/index.php?rest_route=\/wp\/v2\/posts\/7365\/revisions"}],"predecessor-version":[{"id":7367,"href":"https:\/\/claire-jannot.com\/index.php?rest_route=\/wp\/v2\/posts\/7365\/revisions\/7367"}],"wp:attachment":[{"href":"https:\/\/claire-jannot.com\/index.php?rest_route=%2Fwp%2Fv2%2Fmedia&parent=7365"}],"wp:term":[{"taxonomy":"category","embeddable":true,"href":"https:\/\/claire-jannot.com\/index.php?rest_route=%2Fwp%2Fv2%2Fcategories&post=7365"},{"taxonomy":"post_tag","embeddable":true,"href":"https:\/\/claire-jannot.com\/index.php?rest_route=%2Fwp%2Fv2%2Ftags&post=7365"}],"curies":[{"name":"wp","href":"https:\/\/api.w.org\/{rel}","templated":true}]}}