{"id":7368,"date":"2019-03-05T13:22:37","date_gmt":"2019-03-05T12:22:37","guid":{"rendered":"http:\/\/www.grandesterresbio.com\/?p=7368"},"modified":"2020-03-13T09:09:47","modified_gmt":"2020-03-13T08:09:47","slug":"des-sites-culturels-celebres-menaces-par-le-changement-climatique-en-mediterranee","status":"publish","type":"post","link":"https:\/\/claire-jannot.com\/?p=7368","title":{"rendered":"Des sites culturels c\u00e9l\u00e8bres menac\u00e9s par le changement climatique en M\u00e9diterran\u00e9e"},"content":{"rendered":"<h2>Venise, la basilique patriarcale d&rsquo;Aquil\u00e9e, Tyr ou encore Eph\u00e8se : ces sites autour de la M\u00e9diterran\u00e9e, class\u00e9s au patrimoine mondial de l&rsquo;Unesco, sont menac\u00e9s par la mont\u00e9e de la mer, indique une \u00e9tude parue mardi dans Nature communications.<\/h2>\n<div id=\"attachment_7369\" style=\"width: 397px\" class=\"wp-caption alignleft\"><a href=\"https:\/\/i0.wp.com\/www.grandesterresbio.com\/wp-content\/uploads\/2019\/03\/1280px-Temple_of_Hadrian_Ephesus.jpg\"><img data-recalc-dims=\"1\" loading=\"lazy\" decoding=\"async\" aria-describedby=\"caption-attachment-7369\" class=\" wp-image-7369\" src=\"https:\/\/i0.wp.com\/www.grandesterresbio.com\/wp-content\/uploads\/2019\/03\/1280px-Temple_of_Hadrian_Ephesus.jpg?resize=387%2C250\" alt=\"\" width=\"387\" height=\"250\" srcset=\"https:\/\/i0.wp.com\/claire-jannot.com\/wp-content\/uploads\/2019\/03\/1280px-Temple_of_Hadrian_Ephesus.jpg?w=1280&amp;ssl=1 1280w, https:\/\/i0.wp.com\/claire-jannot.com\/wp-content\/uploads\/2019\/03\/1280px-Temple_of_Hadrian_Ephesus.jpg?resize=300%2C194&amp;ssl=1 300w, https:\/\/i0.wp.com\/claire-jannot.com\/wp-content\/uploads\/2019\/03\/1280px-Temple_of_Hadrian_Ephesus.jpg?resize=768%2C496&amp;ssl=1 768w, https:\/\/i0.wp.com\/claire-jannot.com\/wp-content\/uploads\/2019\/03\/1280px-Temple_of_Hadrian_Ephesus.jpg?resize=1024%2C661&amp;ssl=1 1024w\" sizes=\"auto, (max-width: 387px) 100vw, 387px\" \/><\/a><p id=\"caption-attachment-7369\" class=\"wp-caption-text\">Temple d&rsquo;Hadrien \u00e0 Eph\u00e8se ( actuelle Turquie )<\/p><\/div>\n<p>L&rsquo;\u00e9tude, men\u00e9e par l&rsquo;universit\u00e9 de Kiel en Allemagne et l&rsquo;universit\u00e9 de Southampton en Angleterre, \u00e9tablit un <strong>indice de ces tr\u00e9sors culturels en fonction de leur exposition aux risques<\/strong> li\u00e9s au changement climatique d&rsquo;ici la fin du si\u00e8cle.<\/p>\n<p>Il en ressort que <strong>Venise et son lagon<\/strong>, la ville de la renaissance de <strong>Ferrare<\/strong>, la cit\u00e9 de la renaissance et la basilique patriarcale d&rsquo;<strong>Aquil\u00e9e<\/strong> en Italie se placent en t\u00eate de liste. Ces sites se situent en bordure de la <strong>mer Adriatique<\/strong> o\u00f9 la menace de la mont\u00e9e des eaux est particuli\u00e8rement forte, selon un communiqu\u00e9 de l&rsquo;universit\u00e9 de Southampton.<\/p>\n<p><strong>Venise s&rsquo;enfonce dans la lagune de 10 centim\u00e8tres par si\u00e8cle<\/strong> \u00e0 cause de l&rsquo;augmentation du niveau de la mer \u00ab\u00a0due \u00e0 la progression du delta et \u00e0 la compression des s\u00e9diments\u00a0\u00bb, a d\u00e9j\u00e0 alert\u00e9 l&rsquo;Unesco par le pass\u00e9. <strong>Au XXe si\u00e8cle, elle a perdu 10 \u00e0 13 cm suppl\u00e9mentaires<\/strong> \u00e0 cause des industries qui pr\u00e9levaient de l&rsquo;eau dans la nappe phr\u00e9atique.<\/p>\n<p>Les vestiges arch\u00e9ologiques de <strong>Tyr<\/strong> au Liban, l&rsquo;ensemble arch\u00e9ologique de <strong>Tarragone<\/strong> en Espagne et <strong>Eph\u00e8se<\/strong> en Turquie sont les plus menac\u00e9s par l&rsquo;\u00e9rosion c\u00f4ti\u00e8re.<\/p>\n<p>Selon cette \u00e9tude, <strong>37 sites<\/strong> risquent actuellement de subir une inondation centennale et <strong>42<\/strong> sont menac\u00e9s par l&rsquo;\u00e9rosion.<\/p>\n<p>D&rsquo;ici le si\u00e8cle prochain, seuls deux sites de la r\u00e9gion, <strong>la m\u00e9dina de Tunis<\/strong> et l&rsquo;ensemble arch\u00e9ologique de <strong>Xanthos-Letoon<\/strong> en Turquie, \u00e9chapperaient \u00e0 la menace des inondations et de l&rsquo;\u00e9rosion.<\/p>\n<p>Ces sites de l&rsquo;Unesco \u00ab\u00a0font face \u00e0 de nombreux d\u00e9fis pour s&rsquo;adapter aux effets de la<strong> hausse du niveau des mers<\/strong>\u00ab\u00a0, souligne Sally Brown de l&rsquo;universit\u00e9 de Southampton, alors que l&rsquo;\u00e9tude souligne qu&rsquo;\u00e0 de tr\u00e8s rares exceptions, <strong>les monuments ne peuvent pas \u00eatre d\u00e9plac\u00e9s.<\/strong><\/p>\n<p>&nbsp;<\/p>\n<h6>Source\u00a0: PARIS,\u00a016 oct 2018 (AFP)<br \/>\nhttps:\/\/commons.wikimedia.org\/wiki\/File:Temple_of_Hadrian_Ephesus.JPG<\/h6>\n<p>&nbsp;<\/p>\n<p>&nbsp;<\/p>\n<p>&nbsp;<\/p>\n","protected":false},"excerpt":{"rendered":"<p>Venise, la basilique patriarcale d&rsquo;Aquil\u00e9e, Tyr ou encore Eph\u00e8se : ces sites autour de la M\u00e9diterran\u00e9e, class\u00e9s au patrimoine mondial de l&rsquo;Unesco, sont menac\u00e9s par la mont\u00e9e de la mer, indique une \u00e9tude parue mardi dans Nature communications. L&rsquo;\u00e9tude, men\u00e9e &hellip; <a href=\"https:\/\/claire-jannot.com\/?p=7368\">Continuer la lecture <span class=\"meta-nav\">&rarr;<\/span><\/a><\/p>\n","protected":false},"author":1,"featured_media":0,"comment_status":"open","ping_status":"open","sticky":false,"template":"","format":"standard","meta":{"jetpack_post_was_ever_published":false,"_jetpack_newsletter_access":"","_jetpack_dont_email_post_to_subs":false,"_jetpack_newsletter_tier_id":0,"_jetpack_memberships_contains_paywalled_content":false,"_jetpack_memberships_contains_paid_content":false,"footnotes":"","jetpack_publicize_message":"","jetpack_publicize_feature_enabled":true,"jetpack_social_post_already_shared":true,"jetpack_social_options":{"image_generator_settings":{"template":"highway","default_image_id":0,"font":"","enabled":false},"version":2}},"categories":[75,2,47],"tags":[51,76,70,11],"class_list":["post-7368","post","type-post","status-publish","format-standard","hentry","category-culture","category-ecologie","category-societe","tag-climat","tag-culture","tag-ocean","tag-societe-2"],"jetpack_publicize_connections":[],"jetpack_featured_media_url":"","jetpack_sharing_enabled":true,"jetpack_shortlink":"https:\/\/wp.me\/p5jjt5-1UQ","_links":{"self":[{"href":"https:\/\/claire-jannot.com\/index.php?rest_route=\/wp\/v2\/posts\/7368","targetHints":{"allow":["GET"]}}],"collection":[{"href":"https:\/\/claire-jannot.com\/index.php?rest_route=\/wp\/v2\/posts"}],"about":[{"href":"https:\/\/claire-jannot.com\/index.php?rest_route=\/wp\/v2\/types\/post"}],"author":[{"embeddable":true,"href":"https:\/\/claire-jannot.com\/index.php?rest_route=\/wp\/v2\/users\/1"}],"replies":[{"embeddable":true,"href":"https:\/\/claire-jannot.com\/index.php?rest_route=%2Fwp%2Fv2%2Fcomments&post=7368"}],"version-history":[{"count":2,"href":"https:\/\/claire-jannot.com\/index.php?rest_route=\/wp\/v2\/posts\/7368\/revisions"}],"predecessor-version":[{"id":7371,"href":"https:\/\/claire-jannot.com\/index.php?rest_route=\/wp\/v2\/posts\/7368\/revisions\/7371"}],"wp:attachment":[{"href":"https:\/\/claire-jannot.com\/index.php?rest_route=%2Fwp%2Fv2%2Fmedia&parent=7368"}],"wp:term":[{"taxonomy":"category","embeddable":true,"href":"https:\/\/claire-jannot.com\/index.php?rest_route=%2Fwp%2Fv2%2Fcategories&post=7368"},{"taxonomy":"post_tag","embeddable":true,"href":"https:\/\/claire-jannot.com\/index.php?rest_route=%2Fwp%2Fv2%2Ftags&post=7368"}],"curies":[{"name":"wp","href":"https:\/\/api.w.org\/{rel}","templated":true}]}}