{"id":7628,"date":"2020-03-14T10:33:09","date_gmt":"2020-03-14T09:33:09","guid":{"rendered":"http:\/\/www.grandesterresbio.com\/?p=7628"},"modified":"2020-03-13T10:35:18","modified_gmt":"2020-03-13T09:35:18","slug":"didier-bezace-le-theatre-comme-outil-pour-changer-le-monde","status":"publish","type":"post","link":"https:\/\/claire-jannot.com\/?p=7628","title":{"rendered":"Didier Bezace, le th\u00e9\u00e2tre comme outil pour changer le monde"},"content":{"rendered":"\n<figure class=\"wp-block-image is-resized\"><img data-recalc-dims=\"1\" loading=\"lazy\" decoding=\"async\" src=\"https:\/\/i0.wp.com\/www.grandesterresbio.com\/wp-content\/uploads\/2020\/03\/didier-b.jpg?resize=504%2C374\" alt=\"\" class=\"wp-image-7629\" width=\"504\" height=\"374\" srcset=\"https:\/\/i0.wp.com\/claire-jannot.com\/wp-content\/uploads\/2020\/03\/didier-b.jpg?w=647&amp;ssl=1 647w, https:\/\/i0.wp.com\/claire-jannot.com\/wp-content\/uploads\/2020\/03\/didier-b.jpg?resize=300%2C223&amp;ssl=1 300w\" sizes=\"auto, (max-width: 504px) 100vw, 504px\" \/><figcaption>Didier Bezace \u00e0 la nuit de la lecture \u00e0 Reims- Janvier 2020<\/figcaption><\/figure>\n\n\n\n<p>Dans ce <strong>\u00ab\u00a0T\u00eate-\u00e0-t\u00eate\u00a0\u00bb<\/strong>, l&rsquo;homme de th\u00e9\u00e2tre Didier Bezace revient sur ses 40 ans de parcours du Th\u00e9\u00e2tre de l&rsquo;Aquarium \u00e0 Vincennes au Th\u00e9\u00e2tre de la Commune d&rsquo;Aubervilliers : les origines adolescentes de son go\u00fbt pour la sc\u00e8ne, ou ses choix toujours engag\u00e9s pour un th\u00e9\u00e2tre populaire.<\/p>\n\n\n\n<p>Com\u00e9dien, il l&rsquo;est quand il a le temps, pour Bertrand Tavernier, Claude Miller, Andr\u00e9 T\u00e9chin\u00e9 ou Val\u00e9rie Guignabodet. Mais, depuis 40 ans, il est avant tout metteur en sc\u00e8ne de th\u00e9\u00e2tre, de l&rsquo;Aquarium \u00e0 la Cartoucherie de Vincennes cr\u00e9\u00e9 en 1970 au Th\u00e9\u00e2tre de la Commune d&rsquo;Aubervilliers qu&rsquo;il dirige depuis 15 ans, il aime transformer des romans ou des films en pi\u00e8ces de th\u00e9\u00e2tre, en spectacle dont il est l&rsquo;auteur. Trois Moli\u00e8res ont d\u00e9j\u00e0 r\u00e9compens\u00e9 son travail.&nbsp;<\/p>\n\n\n\n<blockquote class=\"wp-block-quote is-layout-flow wp-block-quote-is-layout-flow\"><p>La repr\u00e9sentation th\u00e9\u00e2trale c&rsquo;est, pendant un temps donn\u00e9, la fabrication d&rsquo;une conscience collective \u00e0 travers deux collectivit\u00e9s, celle de la salle et celle du plateau.<\/p><\/blockquote>\n\n\n\n<p>Didier Bezace insiste sur l&rsquo;importance de la mise en sc\u00e8ne au th\u00e9\u00e2tre, \u00ab\u00a0<em>c&rsquo;est un art de la transmission, [&#8230;] c&rsquo;est une esth\u00e9tique et parfois m\u00eame une histoire de morale<\/em>\u00ab\u00a0, affirme-t-il. Il s&rsquo;explique sur son envie d&rsquo;adapter pour la sc\u00e8ne des \u0153uvres romanesques ou autres. \u00c0 l&rsquo;Aquarium, la troupe voulait en fait \u00ab\u00a0<em>inventer un r\u00e9pertoire<\/em>\u00a0\u00bb\u00a0et cela lui a donn\u00e9 le go\u00fbt\u00a0\u00ab\u00a0<em>d&rsquo;aller enqu\u00eater, presque, dans une oeuvre<\/em>\u00a0\u00bb\u00a0et de la raconter, de la transmettre. Il se voit d&rsquo;ailleurs plus comme un\u00a0\u00ab\u00a0<em><strong>auteur de spectacle<\/strong><\/em>\u00ab\u00a0. Spontan\u00e9ment, sans qu&rsquo;il se l&rsquo;explique, il s&rsquo;est toujours senti attir\u00e9 par des r\u00e9cits o\u00f9 <strong>le peuple rencontre l&rsquo;Histoire<\/strong> mais souvent \u00ab\u00a0<em>elle se fait sur leur dos et souvent ce sont des gens qui essaient de r\u00e9sister<\/em>\u00ab\u00a0, observe-t-il.<\/p>\n\n\n\n<p>Il revient sur l&rsquo;histoire du Th\u00e9\u00e2tre de la Commune \u00e0 Aubervilliers qui, \u00e0 un moment, s&rsquo;est coup\u00e9 de son public populaire en devenant en quelque sorte une sc\u00e8ne \u00ab\u00a0off\u00a0\u00bb&nbsp;de Paris&nbsp;:&nbsp;\u00ab\u00a0<em><strong>Je n&rsquo;ai jamais voulu renoncer \u00e0 la cr\u00e9ation, \u00e0 des \u0153uvres souvent ambitieuses, parfois ardues<\/strong><\/em>\u00ab\u00a0. De son exp\u00e9rience comme directeur de ce th\u00e9\u00e2tre qu&rsquo;il dirige depuis 15 ans, il en retient \u00ab\u00a0<em>que tout le monde a le droit au mieux, au plus haut \u00e0 condition que \u00e7a se passe dans une logique de partage<\/em>\u00ab\u00a0. Et il pense que gr\u00e2ce \u00e0 une programmation volontariste y \u00eatre \u00ab\u00a0<em>arriv\u00e9 plusieurs fois de mani\u00e8re assez jolie<\/em>\u00ab\u00a0.<\/p>\n\n\n\n<p>Il se souvient de ses premi\u00e8res exp\u00e9riences de th\u00e9\u00e2tre, il pense que face \u00e0 une \u00ab\u00a0<em>insatisfaction du r\u00e9el<\/em>\u00a0\u00bb&nbsp;\u00e0 l&rsquo;adolescence,&nbsp;\u00ab\u00a0<em>c&rsquo;est tentant d&rsquo;aller fabriquer des contes de fiction pour exister autrement<\/em>\u00ab\u00a0. Ensuite, c&rsquo;est l&rsquo;apprentissage du m\u00e9tier de com\u00e9dien et celui de metteur en sc\u00e8ne qui se sont tous les deux ins\u00e9r\u00e9s, pour lui, dans \u00ab\u00a0<em>une aventure collective<\/em>\u00ab\u00a0.<\/p>\n\n\n\n<p>\u00ab\u00a0<em>On pensait que le th\u00e9\u00e2tre \u00e9tait un outil parmi d&rsquo;autres pour changer le monde<\/em>\u00a0\u00bb&nbsp;confie-t-il et cela peut faire sourire maintenant mais Didier Bezace tient bon, surtout en cette p\u00e9riode de crise.&nbsp;\u00ab\u00a0<em><strong>Une forme de culture si elle est ambitieuse, si elle est g\u00e9n\u00e9reuse, est absolument essentielle pour r\u00e9sister \u00e0 une fatalit\u00e9 qui s&rsquo;abat sur tout le monde<\/strong><\/em>\u00ab\u00a0, affirme-t-il.<\/p>\n\n\n\n<blockquote class=\"wp-block-quote is-layout-flow wp-block-quote-is-layout-flow\"><p>Le th\u00e9\u00e2tre public a aid\u00e9 \u00e0 d\u00e9velopper l&rsquo;art de la mise en sc\u00e8ne et c&rsquo;est tr\u00e8s important. On ne peut pas dire que le th\u00e9\u00e2tre c&rsquo;est simplement un auteur et des acteurs, ce n&rsquo;est pas vrai. Il y a un espace, des images, une esth\u00e9tique&#8230;<\/p><\/blockquote>\n\n\n\n<p>En tant que directeur d&rsquo;un th\u00e9\u00e2tre \u00e0 Aubervilliers, il ne veut surtout pas endosser une casquette \u00ab\u00a0<em>d&rsquo;animateur socioculturel<\/em>\u00a0\u00bb&nbsp;:&nbsp;\u00ab\u00a0<em><strong>L\u00e0 o\u00f9 on d\u00e9cide d&rsquo;aller, si c&rsquo;est en banlieue en tous les cas, il faut \u00eatre des artistes \u00e0 part enti\u00e8re.<\/strong><\/em>\u00ab\u00a0<\/p>\n\n\n\n<p>Com\u00e9dien \u00e0 ses heures perdues, on le voit un peu au cin\u00e9ma, plus \u00e0 la t\u00e9l\u00e9vision, mais c&rsquo;est par manque de temps qu&rsquo;il ne joue pas plus. \u00ab\u00a0<em>Le plaisir de jouer, d&rsquo;\u00eatre devant une cam\u00e9ra ne m&rsquo;a pas quitt\u00e9 du tout. [&#8230;] Tourner, c&rsquo;est jubilatoire !<\/em>\u00ab\u00a0, conclue-t-il.<\/p>\n\n\n\n<p><\/p>\n\n\n\n<p>Source : France Culture<\/p>\n\n\n\n<p>Cr\u00e9dit photo : G.Garitan \/ CC BY-SA (https:\/\/creativecommons.org\/licenses\/by-sa\/4.0)<\/p>\n\n\n\n<p><\/p>\n","protected":false},"excerpt":{"rendered":"<p>Dans ce \u00ab\u00a0T\u00eate-\u00e0-t\u00eate\u00a0\u00bb, l&rsquo;homme de th\u00e9\u00e2tre Didier Bezace revient sur ses 40 ans de parcours du Th\u00e9\u00e2tre de l&rsquo;Aquarium \u00e0 Vincennes au Th\u00e9\u00e2tre de la Commune d&rsquo;Aubervilliers : les origines adolescentes de son go\u00fbt pour la sc\u00e8ne, ou ses choix &hellip; <a href=\"https:\/\/claire-jannot.com\/?p=7628\">Continuer la lecture <span class=\"meta-nav\">&rarr;<\/span><\/a><\/p>\n","protected":false},"author":1,"featured_media":0,"comment_status":"open","ping_status":"open","sticky":false,"template":"","format":"standard","meta":{"jetpack_post_was_ever_published":false,"_jetpack_newsletter_access":"","_jetpack_dont_email_post_to_subs":false,"_jetpack_newsletter_tier_id":0,"_jetpack_memberships_contains_paywalled_content":false,"_jetpack_memberships_contains_paid_content":false,"footnotes":"","jetpack_publicize_message":"","jetpack_publicize_feature_enabled":true,"jetpack_social_post_already_shared":false,"jetpack_social_options":{"image_generator_settings":{"template":"highway","default_image_id":0,"font":"","enabled":false},"version":2}},"categories":[71,75],"tags":[28,76],"class_list":["post-7628","post","type-post","status-publish","format-standard","hentry","category-art","category-culture","tag-art","tag-culture"],"jetpack_publicize_connections":[],"jetpack_featured_media_url":"","jetpack_sharing_enabled":true,"jetpack_shortlink":"https:\/\/wp.me\/p5jjt5-1Z2","_links":{"self":[{"href":"https:\/\/claire-jannot.com\/index.php?rest_route=\/wp\/v2\/posts\/7628","targetHints":{"allow":["GET"]}}],"collection":[{"href":"https:\/\/claire-jannot.com\/index.php?rest_route=\/wp\/v2\/posts"}],"about":[{"href":"https:\/\/claire-jannot.com\/index.php?rest_route=\/wp\/v2\/types\/post"}],"author":[{"embeddable":true,"href":"https:\/\/claire-jannot.com\/index.php?rest_route=\/wp\/v2\/users\/1"}],"replies":[{"embeddable":true,"href":"https:\/\/claire-jannot.com\/index.php?rest_route=%2Fwp%2Fv2%2Fcomments&post=7628"}],"version-history":[{"count":3,"href":"https:\/\/claire-jannot.com\/index.php?rest_route=\/wp\/v2\/posts\/7628\/revisions"}],"predecessor-version":[{"id":7633,"href":"https:\/\/claire-jannot.com\/index.php?rest_route=\/wp\/v2\/posts\/7628\/revisions\/7633"}],"wp:attachment":[{"href":"https:\/\/claire-jannot.com\/index.php?rest_route=%2Fwp%2Fv2%2Fmedia&parent=7628"}],"wp:term":[{"taxonomy":"category","embeddable":true,"href":"https:\/\/claire-jannot.com\/index.php?rest_route=%2Fwp%2Fv2%2Fcategories&post=7628"},{"taxonomy":"post_tag","embeddable":true,"href":"https:\/\/claire-jannot.com\/index.php?rest_route=%2Fwp%2Fv2%2Ftags&post=7628"}],"curies":[{"name":"wp","href":"https:\/\/api.w.org\/{rel}","templated":true}]}}