{"id":7671,"date":"2020-05-03T14:25:44","date_gmt":"2020-05-03T13:25:44","guid":{"rendered":"http:\/\/www.grandesterresbio.com\/?p=7671"},"modified":"2020-05-03T14:28:03","modified_gmt":"2020-05-03T13:28:03","slug":"sforza-es-tu-la","status":"publish","type":"post","link":"https:\/\/claire-jannot.com\/?p=7671","title":{"rendered":"Sforza es-tu l\u00e0 ?"},"content":{"rendered":"\n<p>A-t-on enfin d\u00e9couvert la s\u00e9pulture de <strong>Ludovico Sforza, duc de Milan<\/strong>, au tournant du Moyen-Age finissant et de la Renaissance ? <\/p>\n\n\n\n<figure class=\"wp-block-image\"><img data-recalc-dims=\"1\" loading=\"lazy\" decoding=\"async\" width=\"640\" height=\"658\" src=\"https:\/\/i0.wp.com\/www.grandesterresbio.com\/wp-content\/uploads\/2020\/05\/Ludovico_Sforza_by_G.A._de_Predis_Donatus_Grammatica_crop.jpg?resize=640%2C658\" alt=\"\" class=\"wp-image-7672\" srcset=\"https:\/\/i0.wp.com\/claire-jannot.com\/wp-content\/uploads\/2020\/05\/Ludovico_Sforza_by_G.A._de_Predis_Donatus_Grammatica_crop.jpg?w=800&amp;ssl=1 800w, https:\/\/i0.wp.com\/claire-jannot.com\/wp-content\/uploads\/2020\/05\/Ludovico_Sforza_by_G.A._de_Predis_Donatus_Grammatica_crop.jpg?resize=292%2C300&amp;ssl=1 292w, https:\/\/i0.wp.com\/claire-jannot.com\/wp-content\/uploads\/2020\/05\/Ludovico_Sforza_by_G.A._de_Predis_Donatus_Grammatica_crop.jpg?resize=768%2C789&amp;ssl=1 768w\" sizes=\"auto, (max-width: 640px) 100vw, 640px\" \/><figcaption>By Giovanni Ambrogio de Predis &#8211; <\/figcaption><\/figure>\n\n\n\n<p>N\u00e9 en 1452, <strong>Ludovico, d\u00e9nomm\u00e9 \u00ab\u00a0le More\u00a0\u00bb<\/strong>, est le second fils de Francesco Sforza, duc de Milan. Son pass\u00e9 est celui d\u2019un\u00a0<em>condottiere<\/em>\u00a0(capitano di ventura) et d\u2019homme de guerre, r\u00e9primant la ville de G\u00eanes et la Toscane avant de prendre le pouvoir et le duch\u00e9 de Milan en 1479. Il est aussi un grand m\u00e9c\u00e8ne, accueillant nombre d\u2019artistes dont <strong>L\u00e9onard de Vinci<\/strong> qui r\u00e9sidera \u00e0 Milan de 1482 \u00e0 1500. Nous devons \u00e0 Ludovico Sforza plusieurs commandes dont\u00a0<em><strong>La Belle Ferronni\u00e8re<\/strong><\/em><strong>,\u00a0<\/strong><em><strong>La Dame \u00e0 l&rsquo;hermine<\/strong><\/em>, mais surtout\u00a0<em><strong>la C\u00e8ne<\/strong>\u2026<\/em> Fait prisonnier par les arm\u00e9es fran\u00e7aises, il est enferm\u00e9 \u00e0 Loches jusqu\u2019\u00e0 sa mort en 1508. <\/p>\n\n\n\n<p>Depuis plus de 500 ans, que sait-on de la s\u00e9pulture du duc de Milan ? <strong>Serait-il inhum\u00e9 dans la coll\u00e9giale de Loches<\/strong>, comme nous le relatent les sources \u00e9crites, ou tout au contraire ailleurs ? A la crois\u00e9e de l\u2019Histoire et de l\u2019arch\u00e9ologie m\u00e9di\u00e9vale, arch\u00e9ologues et anthropologues du service de l\u2019arch\u00e9ologie du D\u00e9partement d\u2019Indre-et-Loire ont soulev\u00e9 une partie du dallage de l\u2019\u00e9difice religieux et minutieusement fouill\u00e9 \u00e0 la recherche du grand m\u00e9c\u00e8ne\u2026 Les fouilles sont en cours dans le sous sol de la Coll\u00e9giale St-Ours \u00e0 Loches. <\/p>\n\n\n\n<p>Gr\u00e2ce \u00e0 une tradition orale tr\u00e8s forte, plusieurs hypoth\u00e8ses sont arriv\u00e9es jusqu&rsquo;\u00e0 nous, certaines sont exploit\u00e9es :  Couch\u00e9 aupr\u00e8s d&rsquo;<strong>Agn\u00e8s Sorel<\/strong>, dans la nef, sous le crucifix, pr\u00e8s du mur du Jub\u00e9, selon les textes mentionn\u00e9s \u00e0 partir du 17\u00e8me si\u00e8cle&#8230;  A partir de l\u00e0, 30m\u00b2 sont fouill\u00e9s dans le sous-sol de la <strong>Coll\u00e9giale Saint-Ours de Loches (37)<\/strong> , les arch\u00e9ologues mettent au jour de nombreuses tombes (les inhumations s&rsquo;y sont d\u00e9roul\u00e9es pendant pr\u00e8s de 600 ans ) avec quelques fois plusieurs individus dans le m\u00eame caveau .  Dans le ch\u0153ur, repose <strong>Agn\u00e8s Sorel<\/strong> et le plus proche de l&rsquo;ancien mur du Jub\u00e9, ils d\u00e9couvrent une tombe avec deux individus . Juste les pieds du premier mais le second presqu&rsquo;entier ( environ 50 ans, ce qui correspondrait \u00e0 l&rsquo;\u00e2ge de Ludovic Sforza \u00e0 sa mort). Au Moyen Age, les morts \u00e9taient ensevelis nus et sans quasiment aucun objet pour montrer le plus grand d\u00e9nuement avant de retrouver Dieu. On ne retrouve donc aucun signe distinctif mais dans cette fosse,  mais il y a  nombreux objets fun\u00e9raires, des pots qui vont aider \u00e0 la datation &#8230;  <br>Sommes nous devant la tombe de Ludovic ? Le myst\u00e8re reste entier, les travaux en laboratoire peuvent maintenant commencer !<\/p>\n\n\n\n<p class=\"has-small-font-size\">Source : France Culture<\/p>\n\n\n\n<p class=\"has-small-font-size\">Cr\u00e9dit photo :  <br>http:\/\/www.milanocastello.it\/ing\/approfondimentiSforza.htmlhttp:\/\/www.foliamagazine.it\/il-27-maggio-1508-moriva-ludovico-il-moro-ecco-i-12-capolavori-voluti-dal-duca-sforza\/, Public Domain, https:\/\/commons.wikimedia.org\/w\/index.php?curid=234708 <\/p>\n\n\n\n<p><\/p>\n","protected":false},"excerpt":{"rendered":"<p>A-t-on enfin d\u00e9couvert la s\u00e9pulture de Ludovico Sforza, duc de Milan, au tournant du Moyen-Age finissant et de la Renaissance ? N\u00e9 en 1452, Ludovico, d\u00e9nomm\u00e9 \u00ab\u00a0le More\u00a0\u00bb, est le second fils de Francesco Sforza, duc de Milan. Son pass\u00e9 &hellip; <a href=\"https:\/\/claire-jannot.com\/?p=7671\">Continuer la lecture <span class=\"meta-nav\">&rarr;<\/span><\/a><\/p>\n","protected":false},"author":1,"featured_media":0,"comment_status":"open","ping_status":"open","sticky":false,"template":"","format":"standard","meta":{"jetpack_post_was_ever_published":false,"_jetpack_newsletter_access":"","_jetpack_dont_email_post_to_subs":false,"_jetpack_newsletter_tier_id":0,"_jetpack_memberships_contains_paywalled_content":false,"_jetpack_memberships_contains_paid_content":false,"footnotes":"","jetpack_publicize_message":"","jetpack_publicize_feature_enabled":true,"jetpack_social_post_already_shared":false,"jetpack_social_options":{"image_generator_settings":{"template":"highway","default_image_id":0,"font":"","enabled":false},"version":2}},"categories":[71,75],"tags":[28,76,31],"class_list":["post-7671","post","type-post","status-publish","format-standard","hentry","category-art","category-culture","tag-art","tag-culture","tag-musee"],"jetpack_publicize_connections":[],"jetpack_featured_media_url":"","jetpack_sharing_enabled":true,"jetpack_shortlink":"https:\/\/wp.me\/p5jjt5-1ZJ","_links":{"self":[{"href":"https:\/\/claire-jannot.com\/index.php?rest_route=\/wp\/v2\/posts\/7671","targetHints":{"allow":["GET"]}}],"collection":[{"href":"https:\/\/claire-jannot.com\/index.php?rest_route=\/wp\/v2\/posts"}],"about":[{"href":"https:\/\/claire-jannot.com\/index.php?rest_route=\/wp\/v2\/types\/post"}],"author":[{"embeddable":true,"href":"https:\/\/claire-jannot.com\/index.php?rest_route=\/wp\/v2\/users\/1"}],"replies":[{"embeddable":true,"href":"https:\/\/claire-jannot.com\/index.php?rest_route=%2Fwp%2Fv2%2Fcomments&post=7671"}],"version-history":[{"count":2,"href":"https:\/\/claire-jannot.com\/index.php?rest_route=\/wp\/v2\/posts\/7671\/revisions"}],"predecessor-version":[{"id":7674,"href":"https:\/\/claire-jannot.com\/index.php?rest_route=\/wp\/v2\/posts\/7671\/revisions\/7674"}],"wp:attachment":[{"href":"https:\/\/claire-jannot.com\/index.php?rest_route=%2Fwp%2Fv2%2Fmedia&parent=7671"}],"wp:term":[{"taxonomy":"category","embeddable":true,"href":"https:\/\/claire-jannot.com\/index.php?rest_route=%2Fwp%2Fv2%2Fcategories&post=7671"},{"taxonomy":"post_tag","embeddable":true,"href":"https:\/\/claire-jannot.com\/index.php?rest_route=%2Fwp%2Fv2%2Ftags&post=7671"}],"curies":[{"name":"wp","href":"https:\/\/api.w.org\/{rel}","templated":true}]}}