{"id":7681,"date":"2020-05-04T15:11:58","date_gmt":"2020-05-04T14:11:58","guid":{"rendered":"http:\/\/www.grandesterresbio.com\/?p=7681"},"modified":"2020-05-03T15:14:00","modified_gmt":"2020-05-03T14:14:00","slug":"a-lorigine-de-la-langue-des-signes","status":"publish","type":"post","link":"https:\/\/claire-jannot.com\/?p=7681","title":{"rendered":"A l&rsquo;origine de la langue des signes"},"content":{"rendered":"\n<p class=\"has-medium-font-size\">\n\nDepuis l&rsquo;annonce du confinement en France, elle est pr\u00e9sente dans toutes les allocutions officielles. Pourtant, une grande m\u00e9connaissance entoure toujours cette langue gestuelle, qui doit son enseignement massif \u00e0 un abb\u00e9 fran\u00e7ais militant.\n\n<\/p>\n\n\n\n<figure class=\"wp-block-image\"><img data-recalc-dims=\"1\" loading=\"lazy\" decoding=\"async\" width=\"640\" height=\"495\" src=\"https:\/\/i0.wp.com\/www.grandesterresbio.com\/wp-content\/uploads\/2020\/05\/Charles-Michel_de_L%C3%89p%C3%A9e_2.jpg?resize=640%2C495\" alt=\"\" class=\"wp-image-7683\" srcset=\"https:\/\/i0.wp.com\/claire-jannot.com\/wp-content\/uploads\/2020\/05\/Charles-Michel_de_L%C3%89p%C3%A9e_2.jpg?w=800&amp;ssl=1 800w, https:\/\/i0.wp.com\/claire-jannot.com\/wp-content\/uploads\/2020\/05\/Charles-Michel_de_L%C3%89p%C3%A9e_2.jpg?resize=300%2C232&amp;ssl=1 300w, https:\/\/i0.wp.com\/claire-jannot.com\/wp-content\/uploads\/2020\/05\/Charles-Michel_de_L%C3%89p%C3%A9e_2.jpg?resize=768%2C594&amp;ssl=1 768w\" sizes=\"auto, (max-width: 640px) 100vw, 640px\" \/><figcaption> <br>Charles-Michel de L&rsquo;\u00c9p\u00e9e (1712-1789) <\/figcaption><\/figure>\n\n\n\n<p>C\u2019est \u00e0 un pr\u00eatre jans\u00e9niste fran\u00e7ais que l\u2019on doit la reconnaissance de la langue des signes en France et dans le monde.&nbsp;<strong>Charles-Michel de l\u2019\u00c9p\u00e9e<\/strong>&nbsp;est n\u00e9 en 1712, la m\u00eame ann\u00e9e que&nbsp;<strong>Jean-Jacques Rousseau<\/strong>. Il partage avec le philosophe l\u2019ambition d\u2019une \u00e9ducation pour toutes et tous.&nbsp;<\/p>\n\n\n\n<p>Dans sa jeunesse, il parcourt les villes pour faire le <strong>cat\u00e9chisme aux enfants pauvres.<\/strong> Et c&rsquo;est lors d&rsquo;une de ces visites, qu\u2019un d\u00e9clic s\u2019op\u00e8re chez lui.<\/p>\n\n\n\n<p>L\u2019id\u00e9e d\u2019\u00e9duquer les sourds lui est venue apr\u00e8s avoir rencontr\u00e9 <strong>deux petites filles sourdes, qui \u00e9taient jumelles. Elles \u00e9taient en train de se parler en langue des signes.<\/strong> L&rsquo;Abb\u00e9 les observe et l\u00e0, il comprend.\u00a0<strong>Flora Amann, historienne<\/strong><\/p>\n\n\n\n<h2 class=\"wp-block-heading\">Les sourds ont une langue naturelle<\/h2>\n\n\n\n<p>Ce que l\u2019Abb\u00e9 saisit alors est <strong>r\u00e9volutionnaire pour l\u2019\u00e9poque<\/strong> : les sourds et les sourdes ont une langue naturelle. Jusqu\u2019ici, ils sont consid\u00e9r\u00e9s \u00e0 tort comme d\u00e9nu\u00e9s d\u2019intelligence et une grande m\u00e9connaissance entoure leur communication.<\/p>\n\n\n\n<p>Seuls les plus ais\u00e9s acc\u00e8dent \u00e0 une \u00e9ducation gr\u00e2ce \u00e0 des pr\u00e9cepteurs priv\u00e9s. Et l\u2019Abb\u00e9 veut combattre cette in\u00e9galit\u00e9. <strong>Il commence par donner des le\u00e7ons chez lui, rue des Moulins, \u00e0 Paris. <\/strong>En 1760, il re\u00e7oit des <strong>aides royales<\/strong> qui lui permettent de fonder la premi\u00e8re institution \u00e9ducative gratuite pour les sourds \u00e0 Paris.<\/p>\n\n\n\n<h2 class=\"wp-block-heading\">Une m\u00e9thode d&rsquo;apprentissage r\u00e9volutionnaire<\/h2>\n\n\n\n<p>L\u2019<strong>Abb\u00e9 de l\u2019\u00c9p\u00e9e<\/strong>\u00a0met au point une m\u00e9thode d\u2019apprentissage unique mais n\u2019est pas pour autant \u201cl\u2019inventeur de la langue des signes\u201d, qui existe, elle, depuis toujours. <strong>Des traces de langues gestuelles ont \u00e9t\u00e9 retrouv\u00e9es d\u00e8s l&rsquo;Antiquit\u00e9<\/strong> et des moines ayant fait v\u0153u de silence en utilisaient des variations.\u00a0<\/p>\n\n\n\n<p>L&rsquo;Abb\u00e9 de l\u2019\u00c9p\u00e9e, lui, ce qu\u2019il a permis, c\u2019est de donner aux sourds une <strong>\u00e9ducation qui est fond\u00e9e sur le geste<\/strong>. Il a invent\u00e9 ce que l\u2019on appelle des <strong>signes m\u00e9thodiques.<\/strong> Donc, ce n\u2019est pas une langue des signes mais une m\u00e9thode gestuelle d\u2019apprentissage du fran\u00e7ais.\u00a0<strong>Flora Amann, historienne<\/strong><\/p>\n\n\n\n<p>Charles-Michel de l\u2019\u00c9p\u00e9e a \u00e9galement permis l\u2019acc\u00e8s \u00e0 une <strong>scolarisation massive<\/strong>, gratuite et une vaste reconnaissance de la langue des signes en France. Il distribuait des prospectus dans la capitale pour inciter les gens \u00e0 venir assister \u00e0 des le\u00e7ons publiques et remplissait les salles. Les spectateurs \u00e9taient invit\u00e9s \u00e0 poser des questions aux \u00e9l\u00e8ves, qui leur \u00e9taient traduites par l&rsquo;Abb\u00e9 lui-m\u00eame. Ainsi, le public t\u00e9moignait de la culture g\u00e9n\u00e9rale des sourds.<\/p>\n\n\n\n<p>C\u2019\u00e9tait vraiment un grand communiquant. Il arrivait \u00e0 attirer dans son \u00e9cole un large public. Pas seulement un public savant. Il y avait des scientifiques, des romanciers, qui venaient assister \u00e0 ses s\u00e9ances.\u00a0<strong>Flora Amann, historienne<\/strong><\/p>\n\n\n\n<h2 class=\"wp-block-heading\">Un rayonnement international<\/h2>\n\n\n\n<p>Gr\u00e2ce \u00e0 son influence,<strong> l\u2019int\u00e9r\u00eat pour la langue des signes grandit en France et d\u00e9passe m\u00eame les fronti\u00e8res du pays.<\/strong> M\u00eame si de son vivant, de nombreux contradicteurs vont fustiger son enseignement au profit de la m\u00e9thode orale, qui pousse les sourds \u00e0 s\u2019exprimer de fa\u00e7on verbale.\u00a0<\/p>\n\n\n\n<p>En 1789, L&rsquo;Abb\u00e9 meurt pauvre et infirme, apr\u00e8s s&rsquo;\u00eatre priv\u00e9 de nombreux mois pour ses \u00e9l\u00e8ves. Mais ses disciples, comme l\u2019<strong>Abb\u00e9 Sicard<\/strong>&nbsp;ou&nbsp;<strong>Laurent Clerc,<\/strong>&nbsp;exportent sa m\u00e9thode d\u2019apprentissage en Europe et aux \u00c9tats-Unis et perp\u00e9tuent son h\u00e9ritage.<\/p>\n\n\n\n<h2 class=\"wp-block-heading\">Une figure centrale du militantisme sourd<\/h2>\n\n\n\n<p>L\u2019<strong>Abb\u00e9 de l\u2019Ep\u00e9e<\/strong>\u00a0s&rsquo;est impos\u00e9 comme une <strong>figure importante du militantisme sourd<\/strong> qui se bat toujours pour d\u00e9fendre les droits des personnes sourdes et contredire les pr\u00e9jug\u00e9s persistants sur la langue des signes.<\/p>\n\n\n\n<p>Ce n\u2019est pas du mime, <strong>ce n\u2019est pas un code gestuel du fran\u00e7ais<\/strong>. La langue des signes poss\u00e8de sa propre grammaire, qui est distincte de la grammaire fran\u00e7aise. Ce n\u2019est pas non plus une langue universelle. Il y a diff\u00e9rentes langues des signes selon les pays. Au Canada par exemple, deux langues des signes cohabitent. La langue des signes et la langue fran\u00e7aise sont deux langues bien distinctes et donc les sourds fran\u00e7ais sont bilingues.\u00a0<strong>Flora Amann, historienne<\/strong><\/p>\n\n\n\n<p>Aujourd&rsquo;hui encore, seulement 4% des sourds suivent des \u00e9tudes sup\u00e9rieures en France et 50% n&rsquo;acc\u00e8dent pas \u00e0 l&#8217;emploi \u00e0 l&rsquo;\u00e2ge adulte.<\/p>\n\n\n\n<p class=\"has-small-font-size\">Source : France Culture &#8211; Cr\u00e9dit photo : By Unknown 1820 (User:Mu, User:Materialscientist) &#8211; File:Charles-Michel de L&rsquo;\u00c9p\u00e9e.jpg,, Public Domain, https:\/\/commons.wikimedia.org\/w\/index.php?curid=35943255<\/p>\n\n\n\n<p><\/p>\n\n\n\n<p><\/p>\n\n\n\n<p><\/p>\n\n\n\n<p><\/p>\n\n\n\n<p><\/p>\n","protected":false},"excerpt":{"rendered":"<p>Depuis l&rsquo;annonce du confinement en France, elle est pr\u00e9sente dans toutes les allocutions officielles. Pourtant, une grande m\u00e9connaissance entoure toujours cette langue gestuelle, qui doit son enseignement massif \u00e0 un abb\u00e9 fran\u00e7ais militant. C\u2019est \u00e0 un pr\u00eatre jans\u00e9niste fran\u00e7ais que &hellip; <a href=\"https:\/\/claire-jannot.com\/?p=7681\">Continuer la lecture <span class=\"meta-nav\">&rarr;<\/span><\/a><\/p>\n","protected":false},"author":1,"featured_media":0,"comment_status":"open","ping_status":"open","sticky":false,"template":"","format":"standard","meta":{"jetpack_post_was_ever_published":false,"_jetpack_newsletter_access":"","_jetpack_dont_email_post_to_subs":false,"_jetpack_newsletter_tier_id":0,"_jetpack_memberships_contains_paywalled_content":false,"_jetpack_memberships_contains_paid_content":false,"footnotes":"","jetpack_publicize_message":"","jetpack_publicize_feature_enabled":true,"jetpack_social_post_already_shared":false,"jetpack_social_options":{"image_generator_settings":{"template":"highway","default_image_id":0,"font":"","enabled":false},"version":2}},"categories":[75,47],"tags":[76,11],"class_list":["post-7681","post","type-post","status-publish","format-standard","hentry","category-culture","category-societe","tag-culture","tag-societe-2"],"jetpack_publicize_connections":[],"jetpack_featured_media_url":"","jetpack_sharing_enabled":true,"jetpack_shortlink":"https:\/\/wp.me\/p5jjt5-1ZT","_links":{"self":[{"href":"https:\/\/claire-jannot.com\/index.php?rest_route=\/wp\/v2\/posts\/7681","targetHints":{"allow":["GET"]}}],"collection":[{"href":"https:\/\/claire-jannot.com\/index.php?rest_route=\/wp\/v2\/posts"}],"about":[{"href":"https:\/\/claire-jannot.com\/index.php?rest_route=\/wp\/v2\/types\/post"}],"author":[{"embeddable":true,"href":"https:\/\/claire-jannot.com\/index.php?rest_route=\/wp\/v2\/users\/1"}],"replies":[{"embeddable":true,"href":"https:\/\/claire-jannot.com\/index.php?rest_route=%2Fwp%2Fv2%2Fcomments&post=7681"}],"version-history":[{"count":2,"href":"https:\/\/claire-jannot.com\/index.php?rest_route=\/wp\/v2\/posts\/7681\/revisions"}],"predecessor-version":[{"id":7684,"href":"https:\/\/claire-jannot.com\/index.php?rest_route=\/wp\/v2\/posts\/7681\/revisions\/7684"}],"wp:attachment":[{"href":"https:\/\/claire-jannot.com\/index.php?rest_route=%2Fwp%2Fv2%2Fmedia&parent=7681"}],"wp:term":[{"taxonomy":"category","embeddable":true,"href":"https:\/\/claire-jannot.com\/index.php?rest_route=%2Fwp%2Fv2%2Fcategories&post=7681"},{"taxonomy":"post_tag","embeddable":true,"href":"https:\/\/claire-jannot.com\/index.php?rest_route=%2Fwp%2Fv2%2Ftags&post=7681"}],"curies":[{"name":"wp","href":"https:\/\/api.w.org\/{rel}","templated":true}]}}