{"id":7704,"date":"2020-05-28T13:26:28","date_gmt":"2020-05-28T12:26:28","guid":{"rendered":"http:\/\/claire-jannot.com\/?p=7704"},"modified":"2020-05-28T13:30:27","modified_gmt":"2020-05-28T12:30:27","slug":"le-kanak-emmanuel-kasarherou-prend-la-direction-du-quai-branly","status":"publish","type":"post","link":"https:\/\/claire-jannot.com\/?p=7704","title":{"rendered":"Le Kanak Emmanuel Kasarh\u00e9rou prend la direction du Quai Branly"},"content":{"rendered":"\n<figure class=\"wp-block-image is-resized\"><img data-recalc-dims=\"1\" loading=\"lazy\" decoding=\"async\" src=\"https:\/\/i0.wp.com\/claire-jannot.com\/wp-content\/uploads\/2020\/05\/Mus%C3%A9e_du_quai_Branly_April_2011-1024x658.jpg?resize=481%2C309&#038;ssl=1\" alt=\"\" class=\"wp-image-7707\" width=\"481\" height=\"309\" srcset=\"https:\/\/i0.wp.com\/claire-jannot.com\/wp-content\/uploads\/2020\/05\/Mus%C3%A9e_du_quai_Branly_April_2011.jpg?resize=1024%2C658&amp;ssl=1 1024w, https:\/\/i0.wp.com\/claire-jannot.com\/wp-content\/uploads\/2020\/05\/Mus%C3%A9e_du_quai_Branly_April_2011.jpg?resize=300%2C193&amp;ssl=1 300w, https:\/\/i0.wp.com\/claire-jannot.com\/wp-content\/uploads\/2020\/05\/Mus%C3%A9e_du_quai_Branly_April_2011.jpg?resize=768%2C494&amp;ssl=1 768w, https:\/\/i0.wp.com\/claire-jannot.com\/wp-content\/uploads\/2020\/05\/Mus%C3%A9e_du_quai_Branly_April_2011.jpg?w=1280&amp;ssl=1 1280w\" sizes=\"auto, (max-width: 481px) 100vw, 481px\" \/><\/figure>\n\n\n\n<h3 class=\"wp-block-heading\">Le Kanak Emmanuel Kasarh\u00e9rou, expert des cultures oc\u00e9aniennes et ancien directeur du Centre culturel Tjibaou, va \u00eatre nomm\u00e9 \u00e0 la pr\u00e9sidence du Mus\u00e9e du Quai Branly-Jacques Chirac en remplacement de St\u00e9phane Martin, a-t-on appris ce mardi soir de source proche du dossier.<\/h3>\n\n\n\n<p>N\u00e9 \u00e0&nbsp;Noum\u00e9a&nbsp;en 1960, <strong>Emmanuel Kasarh\u00e9rou<\/strong>, conservateur en chef du patrimoine, sp\u00e9cialiste reconnu de l\u2019art et des civilisations oc\u00e9aniennes, est depuis 2014 adjoint au directeur du patrimoine et des collections du mus\u00e9e.<\/p>\n\n\n\n<p><strong>Premier Kanak \u00e0 prendre la direction d\u2019un grand mus\u00e9e dans l\u2019Hexagone<\/strong><\/p>\n\n\n\n<p>Il avait auparavant dirig\u00e9 \u00e0 Noum\u00e9a le <strong>Centre culturel Tjibaou<\/strong>, du nom du fondateur du Front de lib\u00e9ration nationale kanak et socialiste (FLNKS) assassin\u00e9 en 1989, un chantier initi\u00e9 par Fran\u00e7ois Mitterrand. Sa nomination, sur proposition des ministres de la Culture et de l\u2019Enseignement sup\u00e9rieur, devrait \u00eatre confirm\u00e9e en Conseil des ministres, indique-t-on de m\u00eame source.<\/p>\n\n\n\n<p>Tr\u00e8s attach\u00e9 au <strong>\u00ab\u00a0dialogue des cultures\u00a0\u00bb<\/strong>, premier Kanak \u00e0 prendre la direction d\u2019un grand mus\u00e9e en France m\u00e9tropolitaine, il aura \u00e0 diriger un mus\u00e9e phare de la sc\u00e8ne parisienne, dont les collections sont en grande partie compos\u00e9e des <strong>arts premiers d\u2019Afrique, d\u2019Asie et d\u2019Oc\u00e9anie. <\/strong>Il aura \u00e0 poursuivre la politique de coop\u00e9ration en mati\u00e8re patrimoniale avec les pays africains, alors que la question des restitutions des \u0153uvres se trouvant dans les mus\u00e9es publics fran\u00e7ais fait l\u2019objet d\u2019un vif d\u00e9bat.<\/p>\n\n\n\n<h3 class=\"wp-block-heading\"><strong>Un mus\u00e9e au rayonnement international<\/strong><\/h3>\n\n\n\n<p>Son pr\u00e9d\u00e9cesseur<strong> St\u00e9phane Martin<\/strong>, qui avait quitt\u00e9 le Quai Branly \u00e0 la fin de l\u2019an dernier, avait gouvern\u00e9 l\u2019\u00e9tablissement public depuis son origine, permettant son d\u00e9veloppement entre&nbsp;1998 et&nbsp;2019 gr\u00e2ce \u00e0 une politique ambitieuse d\u2019acquisitions et de grandes expositions, qui a assur\u00e9 son rayonnement international. Il est aujourd\u2019hui conseiller \u00e0 la Cour des comptes.<\/p>\n\n\n\n<p>La ministre des Outre-mer Annick Girardin a adress\u00e9 dans un tweet ses f\u00e9licitations \u00e0 Emmanuel Kasarh\u00e9rou&nbsp;:&nbsp;<strong>\u00ab\u00a0C\u2019est une premi\u00e8re&nbsp;:&nbsp;aucun Kanak n\u2019avait jusqu\u2019alors pris la responsabilit\u00e9 d\u2019un grand mus\u00e9e hexagonal. Bravo pour cette nomination m\u00e9rit\u00e9e \u00e0 ce prestigieux poste\u00a0\u00bb.<\/strong><\/p>\n\n\n\n<p><strong>Emmanuel Kasarh\u00e9rou<\/strong> a \u00e9t\u00e9 co-commissaire des grandes expositions \u00ab\u00a0Kanak, l\u2019art est une parole\u00a0\u00bb et \u00ab\u00a020 ans, Les acquisitions du mus\u00e9e du quai Branly\u00a0\u00bb, toutes deux consacr\u00e9es aux cultures oc\u00e9aniennes. Il a \u00e9crit plusieurs ouvrages&nbsp;:&nbsp;<em>Le masque kanak<\/em>&nbsp;et, avec Roger Boulay,&nbsp;<em>Kanak. L\u2019art est une parole<\/em>.<\/p>\n\n\n\n<p><a href=\"https:\/\/www.outbrain.com\/what-is\/default\/fr\"><\/a><\/p>\n\n\n\n<p class=\"has-small-font-size\">Source : 20 MINUTES 26\/05\/2020<\/p>\n\n\n\n<p class=\"has-small-font-size\">Cr\u00e9dit photo : By Cristian Bortes &#8211; Flickr: Paris, CC BY 2.0, https:\/\/commons.wikimedia.org\/w\/index.php?curid=19077774<\/p>\n\n\n\n<p><\/p>\n","protected":false},"excerpt":{"rendered":"<p>Le Kanak Emmanuel Kasarh\u00e9rou, expert des cultures oc\u00e9aniennes et ancien directeur du Centre culturel Tjibaou, va \u00eatre nomm\u00e9 \u00e0 la pr\u00e9sidence du Mus\u00e9e du Quai Branly-Jacques Chirac en remplacement de St\u00e9phane Martin, a-t-on appris ce mardi soir de source proche &hellip; <a href=\"https:\/\/claire-jannot.com\/?p=7704\">Continuer la lecture <span class=\"meta-nav\">&rarr;<\/span><\/a><\/p>\n","protected":false},"author":1,"featured_media":0,"comment_status":"open","ping_status":"open","sticky":false,"template":"","format":"standard","meta":{"jetpack_post_was_ever_published":false,"_jetpack_newsletter_access":"","_jetpack_dont_email_post_to_subs":false,"_jetpack_newsletter_tier_id":0,"_jetpack_memberships_contains_paywalled_content":false,"_jetpack_memberships_contains_paid_content":false,"footnotes":"","jetpack_publicize_message":"","jetpack_publicize_feature_enabled":true,"jetpack_social_post_already_shared":false,"jetpack_social_options":{"image_generator_settings":{"template":"highway","default_image_id":0,"font":"","enabled":false},"version":2}},"categories":[71,75,47],"tags":[28,76,31,73,11],"class_list":["post-7704","post","type-post","status-publish","format-standard","hentry","category-art","category-culture","category-societe","tag-art","tag-culture","tag-musee","tag-sculpture","tag-societe-2"],"jetpack_publicize_connections":[],"jetpack_featured_media_url":"","jetpack_sharing_enabled":true,"jetpack_shortlink":"https:\/\/wp.me\/p5jjt5-20g","_links":{"self":[{"href":"https:\/\/claire-jannot.com\/index.php?rest_route=\/wp\/v2\/posts\/7704","targetHints":{"allow":["GET"]}}],"collection":[{"href":"https:\/\/claire-jannot.com\/index.php?rest_route=\/wp\/v2\/posts"}],"about":[{"href":"https:\/\/claire-jannot.com\/index.php?rest_route=\/wp\/v2\/types\/post"}],"author":[{"embeddable":true,"href":"https:\/\/claire-jannot.com\/index.php?rest_route=\/wp\/v2\/users\/1"}],"replies":[{"embeddable":true,"href":"https:\/\/claire-jannot.com\/index.php?rest_route=%2Fwp%2Fv2%2Fcomments&post=7704"}],"version-history":[{"count":5,"href":"https:\/\/claire-jannot.com\/index.php?rest_route=\/wp\/v2\/posts\/7704\/revisions"}],"predecessor-version":[{"id":7710,"href":"https:\/\/claire-jannot.com\/index.php?rest_route=\/wp\/v2\/posts\/7704\/revisions\/7710"}],"wp:attachment":[{"href":"https:\/\/claire-jannot.com\/index.php?rest_route=%2Fwp%2Fv2%2Fmedia&parent=7704"}],"wp:term":[{"taxonomy":"category","embeddable":true,"href":"https:\/\/claire-jannot.com\/index.php?rest_route=%2Fwp%2Fv2%2Fcategories&post=7704"},{"taxonomy":"post_tag","embeddable":true,"href":"https:\/\/claire-jannot.com\/index.php?rest_route=%2Fwp%2Fv2%2Ftags&post=7704"}],"curies":[{"name":"wp","href":"https:\/\/api.w.org\/{rel}","templated":true}]}}