{"id":7711,"date":"2020-05-29T13:54:52","date_gmt":"2020-05-29T12:54:52","guid":{"rendered":"http:\/\/claire-jannot.com\/?p=7711"},"modified":"2020-05-28T13:56:35","modified_gmt":"2020-05-28T12:56:35","slug":"chateau-de-fontainebleau-reouverture-du-parc-et-des-jardins","status":"publish","type":"post","link":"https:\/\/claire-jannot.com\/?p=7711","title":{"rendered":"Ch\u00e2teau de Fontainebleau : r\u00e9ouverture du parc et des jardins"},"content":{"rendered":"\n<h3 class=\"wp-block-heading\">Le Ch\u00e2teau de Fontainebleau entame une r\u00e9ouverture partielle \u00e0 partir du 25 mai 2020. Les visiteurs pourront de nouveau profiter d&rsquo;abord de son parc, puis de ses jardins avant une r\u00e9ouverture du ch\u00e2teau pr\u00e9vue en juillet 2020.<\/h3>\n\n\n\n<figure class=\"wp-block-image is-resized\"><img data-recalc-dims=\"1\" loading=\"lazy\" decoding=\"async\" src=\"https:\/\/i0.wp.com\/claire-jannot.com\/wp-content\/uploads\/2020\/05\/Ch%C3%A2teau_Fontainebleau_vu_du_parc_du_ch%C3%A2teau.jpg?resize=442%2C330&#038;ssl=1\" alt=\"\" class=\"wp-image-7714\" width=\"442\" height=\"330\" srcset=\"https:\/\/i0.wp.com\/claire-jannot.com\/wp-content\/uploads\/2020\/05\/Ch%C3%A2teau_Fontainebleau_vu_du_parc_du_ch%C3%A2teau.jpg?w=1000&amp;ssl=1 1000w, https:\/\/i0.wp.com\/claire-jannot.com\/wp-content\/uploads\/2020\/05\/Ch%C3%A2teau_Fontainebleau_vu_du_parc_du_ch%C3%A2teau.jpg?resize=300%2C224&amp;ssl=1 300w, https:\/\/i0.wp.com\/claire-jannot.com\/wp-content\/uploads\/2020\/05\/Ch%C3%A2teau_Fontainebleau_vu_du_parc_du_ch%C3%A2teau.jpg?resize=768%2C574&amp;ssl=1 768w\" sizes=\"auto, (max-width: 442px) 100vw, 442px\" \/><\/figure>\n\n\n\n<p>En France, les&nbsp;<strong>ch\u00e2teaux<\/strong>&nbsp;se d\u00e9confinent&nbsp;petit \u00e0 petit. En<strong>&nbsp;\u00cele-de-France<\/strong>, le&nbsp;<strong>Ch\u00e2teau de Fontainebleau<\/strong>&nbsp;se pr\u00e9pare \u00e9galement \u00e0 sa reprise et commence une<strong>&nbsp;r\u00e9ouverture progressive<\/strong>&nbsp;\u00e0 partir du<strong>&nbsp;25 mai 2020<\/strong>. Le<strong>&nbsp;parc<\/strong>&nbsp;est le premier espace \u00e0 rouvrir au public suivi de pr\u00e8s par les&nbsp;<strong>jardins<\/strong>&nbsp;qui seront de nouveau accessibles \u00e0 partir du&nbsp;<strong>2 juin 2020<\/strong>. Concernant la&nbsp;<strong>r\u00e9ouverture du ch\u00e2teau<\/strong>, elle devrait se faire en&nbsp;<strong>juillet 2020<\/strong>.&nbsp;<\/p>\n\n\n\n<p>Class\u00e9<strong>&nbsp;monument historique<\/strong>&nbsp;et inscrit au&nbsp;<strong>patrimoine mondial de l&rsquo;Unesco<\/strong>, le&nbsp;<strong>Ch\u00e2teau de Fontainebleau<\/strong> fut la r\u00e9sidence secondaire des rois de France. Son parc et ses jardins ont de quoi attirer les promeneurs en qu\u00eate de verdure. L&rsquo;\u00e9tang aux Carpes, le Grand Canal ou encore le Grand Parterre de Le N\u00f4tre, cet \u00e9crin verdoyant propulsent les visiteurs dans un cadre idyllique. <\/p>\n\n\n\n<p>La<strong>&nbsp;r\u00e9ouverture des jardins du Ch\u00e2teau de Fontainebleau<\/strong>&nbsp;le&nbsp;<strong>2 juin 2020<\/strong>&nbsp;s&rsquo;accompagne du retour des&nbsp;<strong>visites guid\u00e9es<\/strong>&nbsp;mais aussi du&nbsp;<strong>petit train<\/strong>, de la<strong>&nbsp;cal\u00e8che<\/strong>, des barques ainsi que de la<strong>&nbsp;restauration \u00e0 emporter<\/strong>. Une belle sortie en perspective \u00e0 l&rsquo;issue de deux mois de confinement.<\/p>\n\n\n\n<p>Et concernant les<strong>&nbsp;recommandations sanitaires<\/strong>, le<strong>&nbsp;ch\u00e2teau de Fontainebleau<\/strong>&nbsp;indique que les groupes sont limit\u00e9s \u00e0 10 personnes dans le parc ainsi que dans les jardins et les visiteurs devront respecter la&nbsp;<strong>distanciation sociale<\/strong>. Le&nbsp;<strong>ch\u00e2teau<\/strong>&nbsp;dont la&nbsp;<strong>r\u00e9ouverture<\/strong>&nbsp;est pr\u00e9vue en juillet 2020 met de son c\u00f4t\u00e9 \u00e0 disposition des distributeurs de gel Hydro-alcoolique et d\u00e9voilera un circuit de visite adapt\u00e9. Le&nbsp;<strong>port du masque<\/strong> sera par ailleurs rendu obligatoire.<\/p>\n\n\n\n<h4 class=\"wp-block-heading\">informations pratiques :<\/h4>\n\n\n\n<p>dates et horaires :<br>\u00c0 partir du 25 mai 2020<br>Ch\u00e2teau de Fontainebleau<br>77300 Fontainebleau<br><br><a rel=\"noreferrer noopener\" href=\"https:\/\/www.chateaudefontainebleau.fr\/\" target=\"_blank\">www.chateaudefontainebleau.fr<\/a><br>25 mai 2020 : R\u00e9ouverture du parc<br>2 juin 2020 : R\u00e9ouverture des jardins<br>Juillet 2020 : R\u00e9ouverture du ch\u00e2teau<\/p>\n\n\n\n<p>Source : Sortiraparis et cr\u00e9dit photot : By Ibex73 &#8211; Own work, CC BY-SA 4.0, https:\/\/commons.wikimedia.org\/w\/index.php?curid=43668326<\/p>\n\n\n\n<p><\/p>\n","protected":false},"excerpt":{"rendered":"<p>Le Ch\u00e2teau de Fontainebleau entame une r\u00e9ouverture partielle \u00e0 partir du 25 mai 2020. Les visiteurs pourront de nouveau profiter d&rsquo;abord de son parc, puis de ses jardins avant une r\u00e9ouverture du ch\u00e2teau pr\u00e9vue en juillet 2020. En France, les&nbsp;ch\u00e2teaux&nbsp;se &hellip; <a href=\"https:\/\/claire-jannot.com\/?p=7711\">Continuer la lecture <span class=\"meta-nav\">&rarr;<\/span><\/a><\/p>\n","protected":false},"author":1,"featured_media":0,"comment_status":"open","ping_status":"open","sticky":false,"template":"","format":"standard","meta":{"jetpack_post_was_ever_published":false,"_jetpack_newsletter_access":"","_jetpack_dont_email_post_to_subs":false,"_jetpack_newsletter_tier_id":0,"_jetpack_memberships_contains_paywalled_content":false,"_jetpack_memberships_contains_paid_content":false,"footnotes":"","jetpack_publicize_message":"","jetpack_publicize_feature_enabled":true,"jetpack_social_post_already_shared":false,"jetpack_social_options":{"image_generator_settings":{"template":"highway","default_image_id":0,"font":"","enabled":false},"version":2}},"categories":[71,75],"tags":[28,76,21,31],"class_list":["post-7711","post","type-post","status-publish","format-standard","hentry","category-art","category-culture","tag-art","tag-culture","tag-jardin","tag-musee"],"jetpack_publicize_connections":[],"jetpack_featured_media_url":"","jetpack_sharing_enabled":true,"jetpack_shortlink":"https:\/\/wp.me\/p5jjt5-20n","_links":{"self":[{"href":"https:\/\/claire-jannot.com\/index.php?rest_route=\/wp\/v2\/posts\/7711","targetHints":{"allow":["GET"]}}],"collection":[{"href":"https:\/\/claire-jannot.com\/index.php?rest_route=\/wp\/v2\/posts"}],"about":[{"href":"https:\/\/claire-jannot.com\/index.php?rest_route=\/wp\/v2\/types\/post"}],"author":[{"embeddable":true,"href":"https:\/\/claire-jannot.com\/index.php?rest_route=\/wp\/v2\/users\/1"}],"replies":[{"embeddable":true,"href":"https:\/\/claire-jannot.com\/index.php?rest_route=%2Fwp%2Fv2%2Fcomments&post=7711"}],"version-history":[{"count":4,"href":"https:\/\/claire-jannot.com\/index.php?rest_route=\/wp\/v2\/posts\/7711\/revisions"}],"predecessor-version":[{"id":7717,"href":"https:\/\/claire-jannot.com\/index.php?rest_route=\/wp\/v2\/posts\/7711\/revisions\/7717"}],"wp:attachment":[{"href":"https:\/\/claire-jannot.com\/index.php?rest_route=%2Fwp%2Fv2%2Fmedia&parent=7711"}],"wp:term":[{"taxonomy":"category","embeddable":true,"href":"https:\/\/claire-jannot.com\/index.php?rest_route=%2Fwp%2Fv2%2Fcategories&post=7711"},{"taxonomy":"post_tag","embeddable":true,"href":"https:\/\/claire-jannot.com\/index.php?rest_route=%2Fwp%2Fv2%2Ftags&post=7711"}],"curies":[{"name":"wp","href":"https:\/\/api.w.org\/{rel}","templated":true}]}}