{"id":7719,"date":"2020-06-10T10:28:30","date_gmt":"2020-06-10T09:28:30","guid":{"rendered":"http:\/\/claire-jannot.com\/?p=7719"},"modified":"2020-06-10T10:30:05","modified_gmt":"2020-06-10T09:30:05","slug":"a-nous-versailles","status":"publish","type":"post","link":"https:\/\/claire-jannot.com\/?p=7719","title":{"rendered":"A nous Versailles !"},"content":{"rendered":"\n<h3 class=\"wp-block-heading\">Le Ch\u00e2teau de Versailles, les jardins, le parc, le domaine de Trianon et le domaine de Marly vous attendent \u00e0 nouveau depuis le samedi 6 juin 2020. Le parc et son jardin se sont refait une beaut\u00e9 et le monument historique met en place un protocole pour assurer une visite s\u00e9curis\u00e9e \u00e0 tous les visiteurs.<\/h3>\n\n\n\n<figure class=\"wp-block-image\"><img data-recalc-dims=\"1\" loading=\"lazy\" decoding=\"async\" width=\"640\" height=\"480\" src=\"https:\/\/i0.wp.com\/claire-jannot.com\/wp-content\/uploads\/2020\/06\/800px-A_sculpture_at_the_entrance_to_the_palace_of_Versailles.jpg?resize=640%2C480&#038;ssl=1\" alt=\"\" class=\"wp-image-7720\" srcset=\"https:\/\/i0.wp.com\/claire-jannot.com\/wp-content\/uploads\/2020\/06\/800px-A_sculpture_at_the_entrance_to_the_palace_of_Versailles.jpg?w=800&amp;ssl=1 800w, https:\/\/i0.wp.com\/claire-jannot.com\/wp-content\/uploads\/2020\/06\/800px-A_sculpture_at_the_entrance_to_the_palace_of_Versailles.jpg?resize=300%2C225&amp;ssl=1 300w, https:\/\/i0.wp.com\/claire-jannot.com\/wp-content\/uploads\/2020\/06\/800px-A_sculpture_at_the_entrance_to_the_palace_of_Versailles.jpg?resize=768%2C576&amp;ssl=1 768w\" sizes=\"auto, (max-width: 640px) 100vw, 640px\" \/><figcaption> <br>Sculpture \u00a0\u00bb La Paix \u00a0\u00bb \u00e0 la grille du Ch\u00e2teau de Versailles. Auteur : Jean-Baptiste Tuby ( 1635-1700 ) d&rsquo;apr\u00e8s un dessin de Charles Le Brun.<\/figcaption><\/figure>\n\n\n\n<p>Depuis le 13 mars 2020, le\u00a0<strong>Ch\u00e2teau de Versailles<\/strong>\u00a0est comme plong\u00e9 dans un profond sommeil. L&rsquo;un des<strong>\u00a0monuments les plus visit\u00e9s de France<\/strong> a d\u00fb fermer ses portes en raison de l&rsquo;<strong>\u00e9pid\u00e9mie de coronavirus<\/strong>\u00a0qui a frapp\u00e9 le territoire. 55 jours de confinement plus tard, le pays entame sa phase de d\u00e9confinement et le 28 mai dernier,\u00a0<strong>Edouard Philippe<\/strong>\u00a0a annonc\u00e9 les dates tant attendues : les\u00a0<strong>mus\u00e9es\u00a0et\u00a0monuments\u00a0de France<\/strong> sont autoris\u00e9s \u00e0 rouvrir depuis le 2 juin 2020 \u00e0 condition de respecter un protocole sanitaire. <\/p>\n\n\n\n<p>Une autorisation qui concerne \u00e9galement les\u00a0<strong>lieux culturels se<\/strong>\u00a0situant en zone orange en\u00a0r\u00e9gion \u00cele-de-France. \u00c0 cette annonce, les regards se tournent vers la c\u00e9l\u00e8bre<strong>\u00a0demeure du Roi Soleil<\/strong>\u00a0qui annonce sa\u00a0<strong>r\u00e9ouverture<\/strong> pour le samedi <strong>6 juin\u00a0<\/strong>aux horaires habituels. A nous le ch\u00e2teau, son mus\u00e9e, son parc et fameux Domaine de Trianon avec la fameuse\u00a0Hameau de la Reine\u00a0au sein d&rsquo;un magnifique parc verdoyant du domaine de Trianon. Le Petit Trianon est accessible en visite guid\u00e9e.\u00a0<\/p>\n\n\n\n<p>Des\u00a0visites guid\u00e9es\u00a0sont \u00e9galement propos\u00e9es pour les Petits Appartements du Roi, l&rsquo;Op\u00e9ra Royal, la Chapelle Royale, les appartements des filles de Louis XV et le Petit Trianon, \u00e0 partir du 16 juin, pour des groupes de 10 personnes maximum.\u00a0<\/p>\n\n\n\n<p>Notez \u00e9galement le retour des\u00a0<strong>Grandes Eaux Musicales\u00a0<\/strong>\u00a0\u00e0 compt\u00e9 du 6 juin et de la\u00a0<strong>S\u00e9r\u00e9nade Royale<\/strong>\u00a0\u00e0 compt\u00e9 du 13 juin, en attendant celui\u00a0des\u00a0<strong>Grandes Eaux Nocturnes<\/strong>\u00a0en juillet.<\/p>\n\n\n\n<p>Source : sortiraparis<\/p>\n\n\n\n<p>Cr\u00e9dit photo : By Jean-Baptiste Tuby &#8211; Source: FlickrPhotographer: Chris Robinson, CC BY 2.0, https:\/\/commons.wikimedia.org\/w\/index.php?curid=12783577<\/p>\n","protected":false},"excerpt":{"rendered":"<p>Le Ch\u00e2teau de Versailles, les jardins, le parc, le domaine de Trianon et le domaine de Marly vous attendent \u00e0 nouveau depuis le samedi 6 juin 2020. Le parc et son jardin se sont refait une beaut\u00e9 et le monument &hellip; <a href=\"https:\/\/claire-jannot.com\/?p=7719\">Continuer la lecture <span class=\"meta-nav\">&rarr;<\/span><\/a><\/p>\n","protected":false},"author":1,"featured_media":0,"comment_status":"open","ping_status":"open","sticky":false,"template":"","format":"standard","meta":{"jetpack_post_was_ever_published":false,"_jetpack_newsletter_access":"","_jetpack_dont_email_post_to_subs":false,"_jetpack_newsletter_tier_id":0,"_jetpack_memberships_contains_paywalled_content":false,"_jetpack_memberships_contains_paid_content":false,"footnotes":"","jetpack_publicize_message":"","jetpack_publicize_feature_enabled":true,"jetpack_social_post_already_shared":false,"jetpack_social_options":{"image_generator_settings":{"template":"highway","default_image_id":0,"font":"","enabled":false},"version":2}},"categories":[71,75],"tags":[28,76,21,31,73],"class_list":["post-7719","post","type-post","status-publish","format-standard","hentry","category-art","category-culture","tag-art","tag-culture","tag-jardin","tag-musee","tag-sculpture"],"jetpack_publicize_connections":[],"jetpack_featured_media_url":"","jetpack_sharing_enabled":true,"jetpack_shortlink":"https:\/\/wp.me\/p5jjt5-20v","_links":{"self":[{"href":"https:\/\/claire-jannot.com\/index.php?rest_route=\/wp\/v2\/posts\/7719","targetHints":{"allow":["GET"]}}],"collection":[{"href":"https:\/\/claire-jannot.com\/index.php?rest_route=\/wp\/v2\/posts"}],"about":[{"href":"https:\/\/claire-jannot.com\/index.php?rest_route=\/wp\/v2\/types\/post"}],"author":[{"embeddable":true,"href":"https:\/\/claire-jannot.com\/index.php?rest_route=\/wp\/v2\/users\/1"}],"replies":[{"embeddable":true,"href":"https:\/\/claire-jannot.com\/index.php?rest_route=%2Fwp%2Fv2%2Fcomments&post=7719"}],"version-history":[{"count":2,"href":"https:\/\/claire-jannot.com\/index.php?rest_route=\/wp\/v2\/posts\/7719\/revisions"}],"predecessor-version":[{"id":7722,"href":"https:\/\/claire-jannot.com\/index.php?rest_route=\/wp\/v2\/posts\/7719\/revisions\/7722"}],"wp:attachment":[{"href":"https:\/\/claire-jannot.com\/index.php?rest_route=%2Fwp%2Fv2%2Fmedia&parent=7719"}],"wp:term":[{"taxonomy":"category","embeddable":true,"href":"https:\/\/claire-jannot.com\/index.php?rest_route=%2Fwp%2Fv2%2Fcategories&post=7719"},{"taxonomy":"post_tag","embeddable":true,"href":"https:\/\/claire-jannot.com\/index.php?rest_route=%2Fwp%2Fv2%2Ftags&post=7719"}],"curies":[{"name":"wp","href":"https:\/\/api.w.org\/{rel}","templated":true}]}}