{"id":7727,"date":"2020-07-07T11:53:11","date_gmt":"2020-07-07T10:53:11","guid":{"rendered":"http:\/\/claire-jannot.com\/?p=7727"},"modified":"2020-07-06T11:54:33","modified_gmt":"2020-07-06T10:54:33","slug":"plaine-dartistes-a-la-villette-retrouver-le-chemin-de-la-culture","status":"publish","type":"post","link":"https:\/\/claire-jannot.com\/?p=7727","title":{"rendered":"\u00ab\u00a0Plaine d&rsquo;artistes\u00a0\u00bb \u00e0 La Villette : Retrouver le chemin de la culture"},"content":{"rendered":"\n<figure class=\"wp-block-image\"><img data-recalc-dims=\"1\" loading=\"lazy\" decoding=\"async\" width=\"640\" height=\"348\" src=\"https:\/\/i0.wp.com\/claire-jannot.com\/wp-content\/uploads\/2020\/07\/Grande_halle_de_la_Villette_Paris_12_March_20161-1024x556.jpg?resize=640%2C348&#038;ssl=1\" alt=\"\" class=\"wp-image-7728\" srcset=\"https:\/\/i0.wp.com\/claire-jannot.com\/wp-content\/uploads\/2020\/07\/Grande_halle_de_la_Villette_Paris_12_March_20161.jpg?w=1024&amp;ssl=1 1024w, https:\/\/i0.wp.com\/claire-jannot.com\/wp-content\/uploads\/2020\/07\/Grande_halle_de_la_Villette_Paris_12_March_20161.jpg?resize=300%2C163&amp;ssl=1 300w, https:\/\/i0.wp.com\/claire-jannot.com\/wp-content\/uploads\/2020\/07\/Grande_halle_de_la_Villette_Paris_12_March_20161.jpg?resize=768%2C417&amp;ssl=1 768w\" sizes=\"auto, (max-width: 640px) 100vw, 640px\" \/><figcaption>La Grande Halle de la Villette<\/figcaption><\/figure>\n\n\n\n<p>Au <strong>parc de la Villette \u00e0 Paris (XIXe)<\/strong>, l&rsquo;art et la culture ont repris progressivement possession des lieux. Apr\u00e8s trois mois de vide et de silence dans la <strong>Grande Halle<\/strong>, des applaudissements se font entendre. Dans la salle du fond, les visiteurs s&#8217;empressent d&rsquo;aller voir la compagnie de <strong>cirque XY<\/strong>. Mesures sanitaires obligent, les si\u00e8ges plac\u00e9s devant la sc\u00e8ne sont espac\u00e9s d&rsquo;un m\u00e8tre. Sur le plateau, les circassiens encha\u00eenent les acrobaties sous les yeux, tant\u00f4t impressionn\u00e9s, tant\u00f4t paniqu\u00e9s de leur nouveau public.<\/p>\n\n\n\n<p><strong>Depuis le jeudi 2 juillet<\/strong>, la Villette a ainsi ouvert son festival <strong>\u00ab Plaine d&rsquo;artistes : les coulisses de la cr\u00e9ation \u00bb<\/strong>.\u00a0Un rendez-vous gratuit et innovant\u00a0dont l&rsquo;id\u00e9e a \u00e9merg\u00e9 pendant le confinement. \u00ab Notre premi\u00e8re intention \u00e9tait d&rsquo;offrir un lieu d&rsquo;accueil aux artistes que la crise sanitaire a beaucoup pr\u00e9caris\u00e9s, explique <strong>Fr\u00e9d\u00e9ric Mazelly<\/strong>, le directeur de la programmation culturelle de la Villette. Et puis, c&rsquo;est une d\u00e9marche unique d&rsquo;ouvrir ces moments de cr\u00e9ation et de r\u00e9p\u00e9tition au public. \u00bb<\/p>\n\n\n\n<h2 class=\"wp-block-heading\">Une remise en jambes<\/h2>\n\n\n\n<p>Pour la troupe de la compagnie de <strong>cirque XY<\/strong>, c&rsquo;est la premi\u00e8re r\u00e9p\u00e9tition apr\u00e8s\u00a0trois mois de mise \u00e0 l&rsquo;arr\u00eat. Pour eux aussi, la reprise est particuli\u00e8re. Apr\u00e8s des semaines \u00e0 s&rsquo;entra\u00eener \u00e0 la maison, il faut de nouveau \u00e9duquer et connecter les corps entre eux : \u00ab Ces premi\u00e8res r\u00e9p\u00e9titions servent \u00e0 retrouver une aisance dans nos corps afin de l\u00e2cher progressivement notre m\u00e9moire \u00bb, explique au public Ma\u00e9lie, une acrobate de la troupe. Pour les spectateurs comme pour les artistes, cette exp\u00e9rience est in\u00e9dite. <strong>Habituellement, la cr\u00e9ation reste secr\u00e8te jusqu&rsquo;au jour de la premi\u00e8re.<\/strong> Cependant dans le cadre de \u00ab Plaine d&rsquo;artistes \u00bb, c&rsquo;est son <strong>processus que l&rsquo;\u00e9quipe a voulu montrer aux visiteurs.<\/strong> \u00ab C&rsquo;est vraiment int\u00e9ressant d&rsquo;avoir acc\u00e8s aux coulisses de la production d&rsquo;un spectacle. \u00c7a valorise le travail de l&rsquo;artiste \u00bb, applaudit Hortense, 23 ans, \u00e9tudiante en art-th\u00e9rapie.<\/p>\n\n\n\n<p>Pendant un mois, la Villette accueille une multitude de formes d&rsquo;arts : danse, th\u00e9\u00e2tre, cin\u00e9ma, photographie etc. <\/p>\n\n\n\n<p>Alors que la r\u00e9p\u00e9tition se poursuit dans la Grande Halle, des installations plastiques sont dress\u00e9es dans les 3 000 m2 de la pi\u00e8ce voisine. A l&rsquo;int\u00e9rieur, une musique r\u00e9sonne gr\u00e2ce \u00e0 la hauteur sous plafond de cet espace de pierre et de fer. En collaboration avec le<strong> Centre Pompidou<\/strong>, une exposition prend place au rythme de la venue des visiteurs.<\/p>\n\n\n\n<h2 class=\"wp-block-heading\">Un parcours pluridisciplinaire<\/h2>\n\n\n\n<p>Le festival s&rsquo;est aussi implant\u00e9 dans tout le parc. Dans l&rsquo;espace <strong>Little Villette<\/strong>, un parcours a \u00e9t\u00e9 pens\u00e9 pour les plus petits : R\u00e9-craie-ation. Au sein du th\u00e9\u00e2tre de la Villette, la voix de la com\u00e9dienne <strong>Nora Krief <\/strong>se fait entendre, alors que la troupe rode un spectacle pens\u00e9 pendant le confinement devant un petit groupe de curieux.<\/p>\n\n\n\n<p>Non loin, c&rsquo;est l&rsquo;exposition photographique tout en reflet d&rsquo;<strong>Adeline Care<\/strong> qui prend vie dans les jardins. De l&rsquo;autre c\u00f4t\u00e9 du canal, des danseurs de hip-hop encha\u00eenent les chor\u00e9graphies pr\u00e8s de la <strong>Cit\u00e9 des sciences de l&rsquo;industrie<\/strong>, sous les yeux des enfants admiratifs. Ce festival est l&rsquo;occasion pour les petits comme les grands de r\u00e9veilleur leurs sens et de <strong>retrouver le chemin de la culture<\/strong>. \u00ab C&rsquo;est agr\u00e9able apr\u00e8s le confinement : en dix minutes de marche, on d\u00e9couvre trois registres artistiques diff\u00e9rents, le cirque, le hip-hop et le th\u00e9\u00e2tre, confirme Hortense. Le tout dans une ambiance solidaire. \u00bb<\/p>\n\n\n\n<p><strong>\u00ab Plaine d&rsquo;artistes \u00bb,<\/strong>&nbsp;jusqu&rsquo;au 2 ao\u00fbt, au Parc de la Villette, Paris (XIXe). Gratuit. Programme complet sur le site de la Villette.<\/p>\n\n\n\n<p> <br>Source : Leparisien.fr <\/p>\n\n\n\n<p>Cr\u00e9dit photo : By Guilhem Vellut from Paris, France &#8211; Grande halle de la Villette @ Paris, CC BY 2.0, https:\/\/commons.wikimedia.org\/w\/index.php?curid=47543567<\/p>\n","protected":false},"excerpt":{"rendered":"<p>Au parc de la Villette \u00e0 Paris (XIXe), l&rsquo;art et la culture ont repris progressivement possession des lieux. Apr\u00e8s trois mois de vide et de silence dans la Grande Halle, des applaudissements se font entendre. Dans la salle du fond, &hellip; <a href=\"https:\/\/claire-jannot.com\/?p=7727\">Continuer la lecture <span class=\"meta-nav\">&rarr;<\/span><\/a><\/p>\n","protected":false},"author":1,"featured_media":0,"comment_status":"open","ping_status":"open","sticky":false,"template":"","format":"standard","meta":{"jetpack_post_was_ever_published":false,"_jetpack_newsletter_access":"","_jetpack_dont_email_post_to_subs":false,"_jetpack_newsletter_tier_id":0,"_jetpack_memberships_contains_paywalled_content":false,"_jetpack_memberships_contains_paid_content":false,"footnotes":"","jetpack_publicize_message":"","jetpack_publicize_feature_enabled":true,"jetpack_social_post_already_shared":false,"jetpack_social_options":{"image_generator_settings":{"template":"highway","default_image_id":0,"font":"","enabled":false},"version":2}},"categories":[71,75],"tags":[28,76,21,31],"class_list":["post-7727","post","type-post","status-publish","format-standard","hentry","category-art","category-culture","tag-art","tag-culture","tag-jardin","tag-musee"],"jetpack_publicize_connections":[],"jetpack_featured_media_url":"","jetpack_sharing_enabled":true,"jetpack_shortlink":"https:\/\/wp.me\/p5jjt5-20D","_links":{"self":[{"href":"https:\/\/claire-jannot.com\/index.php?rest_route=\/wp\/v2\/posts\/7727","targetHints":{"allow":["GET"]}}],"collection":[{"href":"https:\/\/claire-jannot.com\/index.php?rest_route=\/wp\/v2\/posts"}],"about":[{"href":"https:\/\/claire-jannot.com\/index.php?rest_route=\/wp\/v2\/types\/post"}],"author":[{"embeddable":true,"href":"https:\/\/claire-jannot.com\/index.php?rest_route=\/wp\/v2\/users\/1"}],"replies":[{"embeddable":true,"href":"https:\/\/claire-jannot.com\/index.php?rest_route=%2Fwp%2Fv2%2Fcomments&post=7727"}],"version-history":[{"count":1,"href":"https:\/\/claire-jannot.com\/index.php?rest_route=\/wp\/v2\/posts\/7727\/revisions"}],"predecessor-version":[{"id":7729,"href":"https:\/\/claire-jannot.com\/index.php?rest_route=\/wp\/v2\/posts\/7727\/revisions\/7729"}],"wp:attachment":[{"href":"https:\/\/claire-jannot.com\/index.php?rest_route=%2Fwp%2Fv2%2Fmedia&parent=7727"}],"wp:term":[{"taxonomy":"category","embeddable":true,"href":"https:\/\/claire-jannot.com\/index.php?rest_route=%2Fwp%2Fv2%2Fcategories&post=7727"},{"taxonomy":"post_tag","embeddable":true,"href":"https:\/\/claire-jannot.com\/index.php?rest_route=%2Fwp%2Fv2%2Ftags&post=7727"}],"curies":[{"name":"wp","href":"https:\/\/api.w.org\/{rel}","templated":true}]}}