{"id":874,"date":"2012-01-27T13:58:19","date_gmt":"2012-01-27T12:58:19","guid":{"rendered":"http:\/\/www.clairejannot.com\/?p=874"},"modified":"2014-11-15T13:27:01","modified_gmt":"2014-11-15T12:27:01","slug":"2011-annee-la-plus-chaude-depuis-plus-dun-siecle-en-france","status":"publish","type":"post","link":"https:\/\/claire-jannot.com\/?p=874","title":{"rendered":"2011, ann\u00e9e la plus chaude depuis plus d\u2019un si\u00e8cle en France"},"content":{"rendered":"<h2>L\u2019ann\u00e9e 2011 a \u00e9t\u00e9 en France l\u2019ann\u00e9e la plus chaude depuis le d\u00e9but du XXe si\u00e8cle, battant haut la main le pr\u00e9c\u00e9dent record de chaleur datant de 2003, selon un bilan provisoire r\u00e9alis\u00e9 le mardi 27 d\u00e9cembre 2011 par M\u00e9t\u00e9o France pour l\u2019AFP.<\/h2>\n<p><a href=\"https:\/\/i0.wp.com\/www.clairejannot.com\/wp-content\/uploads\/2012\/01\/fr.jpg\"><img data-recalc-dims=\"1\" loading=\"lazy\" decoding=\"async\" class=\"alignleft size-medium wp-image-875\" title=\"fr\" src=\"https:\/\/i0.wp.com\/www.clairejannot.com\/wp-content\/uploads\/2012\/01\/fr-227x300.jpg?resize=227%2C300\" alt=\"\" width=\"227\" height=\"300\" \/><\/a>\u00ab\u00a0Au niveau annuel, on est en pr\u00e9sence en 2011 de l\u2019ann\u00e9e <strong>la plus chaude depuis qu\u2019on fait des relev\u00e9s m\u00e9t\u00e9o<\/strong>\u00a0\u00bb, r\u00e9sume Fran\u00e7ois Gourand, pr\u00e9visionniste \u00e0 M\u00e9t\u00e9o France. Du 1er janvier au 26 d\u00e9cembre, la temp\u00e9rature moyenne \u00e0 l\u2019\u00e9chelle de toute la Francea \u00e9t\u00e9 de13,6 \u00b0C, soit <strong>1,5 degr\u00e9 de plus que la normale<\/strong> (moyenne de r\u00e9f\u00e9rence 1971-2000).<\/p>\n<p>La principale explication \u00e0 ce record de 2011 est un <strong>printemps \u00ab\u00a0exceptionnellement chaud\u00a0\u00bb, avec des temp\u00e9ratures d\u00e9passant en moyenne de 4 degr\u00e9s les normales saisonni\u00e8res en avril, et de 2,4 degr\u00e9s en mai.<\/strong> Mais <strong>l\u2019automne a lui aussi \u00e9t\u00e9 particuli\u00e8rement doux<\/strong>, souligne M. Gourand, avec un <strong>mois de novembre deuxi\u00e8me plus chaud depuis 1900<\/strong>, de trois degr\u00e9s sup\u00e9rieur \u00e0 la normale en moyenne. Quant au mois de d\u00e9cembre, il affiche \u00e0 ce stade une anomalie de temp\u00e9rature de 2,1 degr\u00e9s pour l\u2019ensemble dela France, ce qui est \u00ab\u00a0tr\u00e8s doux\u00a0\u00bb mais pas un record.<\/p>\n<p>Plus globalement, tous les mois de 2011 ont d\u00e9pass\u00e9 la normale (moyenne de r\u00e9f\u00e9rence 1971-2000), \u00e0 l\u2019exception notable de <strong>juillet, qui a \u00e9t\u00e9 \u00e9tonnamment frais, avec un d\u00e9ficit de 1,3 degr\u00e9 par rapport \u00e0 la normale. Ce qui en a fait le mois de juillet le plus frais de ces trente derni\u00e8res ann\u00e9es.<\/strong><\/p>\n<p>Ainsi, au niveau mondial, un bilan provisoire r\u00e9alis\u00e9 par l\u2019Organisation m\u00e9t\u00e9orologique mondiale (OMM) fin novembre indiquait que <strong>l\u2019ann\u00e9e 2011 \u00e9tait \u00e0 ce stade la \u00ab\u00a0dixi\u00e8me plus chaude \u00e0 l\u2019\u00e9chelle du globe\u00a0<\/strong>\u00bb depuis le d\u00e9but des relev\u00e9s en 1850. Signe plus inqui\u00e9tant des cons\u00e9quences du r\u00e9chauffement climatique, les <strong>treize ann\u00e9es les plus chaudes qu\u2019a connues la plan\u00e8te sont toutes concentr\u00e9es sur les quinze derni\u00e8res ann\u00e9es<\/strong>, depuis 1997, relevait l\u2019agence de l\u2019ONU.<\/p>\n<p>Les temp\u00e9ratures \u00e9lev\u00e9es recens\u00e9es en France en 2011 se sont accompagn\u00e9es d\u2019un <strong>fort d\u00e9ficit pluviom\u00e9trique, avec des pr\u00e9cipitations environ 20% inf\u00e9rieures en moyenne<\/strong> \u00e0 l\u2019\u00e9chelle du pays, sauf dans le Sud-Est, o\u00f9 les pluies diluviennes du mois de novembre ont permis d\u2019atteindre la normale.<\/p>\n<p>Ces \u00e9pisodes pluvieux intenses et prolong\u00e9s ont m\u00eame abouti \u00e0 des exc\u00e9dents pluviom\u00e9triques \u00ab\u00a0assez notables\u00a0\u00bb dans certaines zones de la r\u00e9gion Languedoc-Roussillon, souligne Fran\u00e7ois Gourand. En revanche, le Sud-Ouest appara\u00eet particuli\u00e8rement touch\u00e9 par la s\u00e9cheresse et il peut y manquer localement environ 40% des pr\u00e9cipitations normales.<\/p>\n<address>\u00a0<\/address>\n<address>\u00a0<\/address>\n<address>Source : AFP du 27\/12\/11 (extraits) &#8211; <a href=\"http:\/\/www.herbimag.com\/\">www.herbimag.com<\/a><\/address>\n<address>Cr\u00e9dit photo\u00a0: <a href=\"http:\/\/static.ladepeche.fr\/\">http:\/\/static.ladepeche.fr\/<\/a>\u00a0<\/address>\n<address>\u00a0<\/address>\n<address>\u00a0<\/address>\n","protected":false},"excerpt":{"rendered":"<p>L\u2019ann\u00e9e 2011 a \u00e9t\u00e9 en France l\u2019ann\u00e9e la plus chaude depuis le d\u00e9but du XXe si\u00e8cle, battant haut la main le pr\u00e9c\u00e9dent record de chaleur datant de 2003, selon un bilan provisoire r\u00e9alis\u00e9 le mardi 27 d\u00e9cembre 2011 par M\u00e9t\u00e9o &hellip; <a href=\"https:\/\/claire-jannot.com\/?p=874\">Continuer la lecture <span class=\"meta-nav\">&rarr;<\/span><\/a><\/p>\n","protected":false},"author":1,"featured_media":0,"comment_status":"open","ping_status":"open","sticky":false,"template":"","format":"standard","meta":{"jetpack_post_was_ever_published":false,"_jetpack_newsletter_access":"","_jetpack_dont_email_post_to_subs":false,"_jetpack_newsletter_tier_id":0,"_jetpack_memberships_contains_paywalled_content":false,"_jetpack_memberships_contains_paid_content":false,"footnotes":"","jetpack_publicize_message":"","jetpack_publicize_feature_enabled":true,"jetpack_social_post_already_shared":false,"jetpack_social_options":{"image_generator_settings":{"template":"highway","default_image_id":0,"font":"","enabled":false},"version":2}},"categories":[2],"tags":[4,44,5],"class_list":["post-874","post","type-post","status-publish","format-standard","hentry","category-ecologie","tag-ecologie2","tag-energie","tag-environnement"],"jetpack_publicize_connections":[],"jetpack_featured_media_url":"","jetpack_sharing_enabled":true,"jetpack_shortlink":"https:\/\/wp.me\/p5jjt5-e6","_links":{"self":[{"href":"https:\/\/claire-jannot.com\/index.php?rest_route=\/wp\/v2\/posts\/874","targetHints":{"allow":["GET"]}}],"collection":[{"href":"https:\/\/claire-jannot.com\/index.php?rest_route=\/wp\/v2\/posts"}],"about":[{"href":"https:\/\/claire-jannot.com\/index.php?rest_route=\/wp\/v2\/types\/post"}],"author":[{"embeddable":true,"href":"https:\/\/claire-jannot.com\/index.php?rest_route=\/wp\/v2\/users\/1"}],"replies":[{"embeddable":true,"href":"https:\/\/claire-jannot.com\/index.php?rest_route=%2Fwp%2Fv2%2Fcomments&post=874"}],"version-history":[{"count":1,"href":"https:\/\/claire-jannot.com\/index.php?rest_route=\/wp\/v2\/posts\/874\/revisions"}],"predecessor-version":[{"id":5668,"href":"https:\/\/claire-jannot.com\/index.php?rest_route=\/wp\/v2\/posts\/874\/revisions\/5668"}],"wp:attachment":[{"href":"https:\/\/claire-jannot.com\/index.php?rest_route=%2Fwp%2Fv2%2Fmedia&parent=874"}],"wp:term":[{"taxonomy":"category","embeddable":true,"href":"https:\/\/claire-jannot.com\/index.php?rest_route=%2Fwp%2Fv2%2Fcategories&post=874"},{"taxonomy":"post_tag","embeddable":true,"href":"https:\/\/claire-jannot.com\/index.php?rest_route=%2Fwp%2Fv2%2Ftags&post=874"}],"curies":[{"name":"wp","href":"https:\/\/api.w.org\/{rel}","templated":true}]}}