{"id":881,"date":"2012-01-28T17:31:18","date_gmt":"2012-01-28T16:31:18","guid":{"rendered":"http:\/\/www.clairejannot.com\/?p=881"},"modified":"2014-11-15T13:26:45","modified_gmt":"2014-11-15T12:26:45","slug":"sept-candidats-devant-les-militants-de-lenvironnement","status":"publish","type":"post","link":"https:\/\/claire-jannot.com\/?p=881","title":{"rendered":"Sept candidats devant les militants de l&rsquo;environnement"},"content":{"rendered":"<h2 style=\"text-align: left;\" align=\"center\">France Nature Environnement attend que les candidats se prononcent clairement sur les questions environnementales, dans une campagne marqu\u00e9e par la crise \u00e9conomique.<\/h2>\n<p>Fran\u00e7ois Bayrou, Fran\u00e7ois Hollande<span style=\"color: #000000;\">, Eva Joly, Corinne Lepage, Jean-Luc M\u00e9lenchon, Herv\u00e9 Morin et\u00a0Dominique de Villepin ont dit qu&rsquo;ils y seraient. <strong>Samedi 28 janvier \u00e0 Montreuil (Seine-Saint-Denis)<\/strong>, le congr\u00e8s de France Nature Environnement (FNE) est l&rsquo;endroit \u00e0 ne pas\u00a0<a href=\"http:\/\/conjugaison.lemonde.fr\/conjugaison\/search?verb=manquer\" target=\"_blank\"><span style=\"color: #000000;\">manquer<\/span><\/a>\u00a0pour les candidats \u00e0 l&rsquo;\u00e9lection pr\u00e9sidentielle.<\/span><\/p>\n<p><span style=\"color: #000000;\">Doivent aussi s&rsquo;y\u00a0<a href=\"http:\/\/conjugaison.lemonde.fr\/conjugaison\/search?verb=croiser\" target=\"_blank\"><span style=\"color: #000000;\">croiser<\/span><\/a>\u00a0la ministre de l&rsquo;\u00e9cologie,\u00a0<a href=\"http:\/\/www.lemonde.fr\/sujet\/998a\/nathalie-kosciusko-morizet.html\" target=\"_blank\"><span style=\"color: #000000;\">Nathalie Kosciusko-Morizet<\/span><\/a>, et certains de ses pr\u00e9d\u00e9cesseurs, des responsables des milieux \u00e9conomiques et des syndicalistes. Les militants les attendent de pied ferme avec leurs propositions regroup\u00e9es dans <strong>l&rsquo;Appel des 3 000, en \u00e9cho aux 3 000 associations<\/strong> composant le mouvement, qui revendique plus de 800 000 adh\u00e9rents. Le \u00ab\u00a0grand oral\u00a0\u00bb des candidats sera mis en ligne par la f\u00e9d\u00e9ration.<\/span><\/p>\n<p><span style=\"color: #000000;\">Le dispositif rappellerait la pr\u00e9c\u00e9dente campagne pr\u00e9sidentielle, si le contexte n&rsquo;\u00e9tait aussi diff\u00e9rent. En 2007, port\u00e9 par\u00a0<a href=\"http:\/\/www.lemonde.fr\/sujet\/bde5\/nicolas-hulot.html\" target=\"_blank\"><span style=\"color: #000000;\">Nicolas Hulot<\/span><\/a>\u00a0et son Pacte \u00e9cologique, les th\u00e8mes \u00e9cologistes avaient connu un fort retentissement qui s&rsquo;\u00e9tait traduit quelques mois plus tard par les rencontres du Grenelle de l&rsquo;environnement, organis\u00e9 par <a href=\"http:\/\/www.lemonde.fr\/sujet\/6ba2\/nicolas-sarkozy.html\" target=\"_blank\"><span style=\"color: #000000;\">Nicolas Sarkozy<\/span><\/a>. Ces temps de d\u00e9mocratie participative avaient galvanis\u00e9 les associations, notamment FNE et l&rsquo;Alliance pour la plan\u00e8te qui en revendiquaient en partie la paternit\u00e9.<\/span><\/p>\n<p><span style=\"color: #000000;\">C&rsquo;est peu\u00a0<a href=\"http:\/\/conjugaison.lemonde.fr\/conjugaison\/search?verb=dire\" target=\"_blank\"><span style=\"color: #000000;\">dire<\/span><\/a>\u00a0que le soufflet est retomb\u00e9 depuis. Le mouvement n&rsquo;est plus incarn\u00e9 par une figure m\u00e9diatique, populaire et politique. <strong>Aucun candidat \u00e0 l&rsquo;\u00e9lection ne s&rsquo;est saisi de ce vaste dossier et l&rsquo;ancien pr\u00e9sident du Grenelle, le chef de l&rsquo;Etat en personne, estime d\u00e9sormais que l&rsquo;environnement,\u00a0<em>\u00ab\u00a0\u00e7a commence \u00e0 bien faire\u00a0\u00bb<\/em>. Surtout, la crise \u00e9conomique est venue\u00a0<a href=\"http:\/\/conjugaison.lemonde.fr\/conjugaison\/search?verb=occuper\" target=\"_blank\"><span style=\"color: #000000;\">occuper<\/span><\/a>\u00a0le devant de la sc\u00e8ne.<\/strong><\/span><\/p>\n<p><span style=\"color: #000000;\"><em>\u00ab\u00a0Le d\u00e9bat actuel sur l&rsquo;environnement est surd\u00e9termin\u00e9 par les probl\u00e8mes d&rsquo;endettement et les contraintes financi\u00e8res\u00a0\u00bb<\/em>, regrette\u00a0<a href=\"http:\/\/www.lemonde.fr\/sujet\/b2c5\/jean-pierre-bompard.html\" target=\"_blank\"><span style=\"color: #000000;\">Jean-Pierre Bompard<\/span><\/a>, <a href=\"http:\/\/conjugaison.lemonde.fr\/conjugaison\/search?verb=conseiller\" target=\"_blank\"><span style=\"color: #000000;\">conseiller<\/span><\/a>\u00a0de la CFDT et ancien acteur du Grenelle. Nombre de mesures d\u00e9cid\u00e9es en 2007 se sont enlis\u00e9es dans les couloirs du minist\u00e8re de l&rsquo;\u00e9conomie. Pour Adela\u00efde Colin, directrice de la communication de Greenpeace, organisation membre de FNE sans y\u00a0<a href=\"http:\/\/conjugaison.lemonde.fr\/conjugaison\/search?verb=%C3%AAtre\" target=\"_blank\"><span style=\"color: #000000;\">\u00eatre<\/span><\/a>\u00a0tr\u00e8s impliqu\u00e9e,\u00a0<em>\u00ab\u00a0un des \u00e9checs a \u00e9t\u00e9 de ne pas\u00a0<a href=\"http:\/\/conjugaison.lemonde.fr\/conjugaison\/search?verb=avoir\" target=\"_blank\"><span style=\"color: #000000;\">avoir<\/span><\/a> r\u00e9ussi \u00e0\u00a0<a href=\"http:\/\/conjugaison.lemonde.fr\/conjugaison\/search?verb=faire\" target=\"_blank\"><span style=\"color: #000000;\">faire<\/span><\/a>\u00a0des propositions \u00e9cologiques une partie des solutions \u00e0 la crise \u00e9conomique\u00a0\u00bb<\/em>. R\u00e9sultat,\u00a0<em>\u00ab\u00a0l&rsquo;\u00e9cologie est toujours v\u00e9cue comme un co\u00fbt\u00a0\u00bb<\/em>.<\/span><\/p>\n<p><span style=\"color: #000000;\"><em>\u00ab\u00a0Les ONG sont am\u00e8res, mais elles portent une part de responsabilit\u00e9,<\/em>\u00a0analyse pour sa part Guillaume Sainteny, titulaire de la chaire de d\u00e9veloppement durable \u00e0 l&rsquo;Ecole polytechnique.\u00a0<em>Elles continuent de\u00a0<a href=\"http:\/\/conjugaison.lemonde.fr\/conjugaison\/search?verb=r%C3%A9clamer\" target=\"_blank\"><span style=\"color: #000000;\">r\u00e9clamer<\/span><\/a>\u00a0des parcs naturels et des subventions comme si le monde n&rsquo;avait pas chang\u00e9. Leur culture \u00e9conomique n&rsquo;est pas suffisante, or la fiscalit\u00e9 constitue l&rsquo;unique marge de manoeuvre.\u00a0\u00bb<\/em><\/span><\/p>\n<p><span style=\"color: #000000;\">\u00ab\u00a0IL FAUT\u00a0<a href=\"http:\/\/conjugaison.lemonde.fr\/conjugaison\/search?verb=changer\" target=\"_blank\"><span style=\"color: #000000;\">CHANGER<\/span><\/a>\u00a0DE MOD\u00c8LE \u00c9CONOMIQUE\u00a0\u00bb<\/span><\/p>\n<p><span style=\"color: #000000;\">Multiplier les propositions,\u00a0<a href=\"http:\/\/conjugaison.lemonde.fr\/conjugaison\/search?verb=organiser\" target=\"_blank\"><span style=\"color: #000000;\">organiser<\/span><\/a>\u00a0un deuxi\u00e8me Grenelle ne servirait \u00e0 rien, explique en substance Christophe Aubel, le d\u00e9l\u00e9gu\u00e9 g\u00e9n\u00e9ral d&rsquo;Humanit\u00e9 et biodiversit\u00e9, l&rsquo;ancienne Ligue ROC.\u00a0<em>\u00ab\u00a0Il faut\u00a0<a href=\"http:\/\/conjugaison.lemonde.fr\/conjugaison\/search?verb=changer\" target=\"_blank\"><span style=\"color: #000000;\">changer<\/span><\/a>\u00a0de mod\u00e8le \u00e9conomique,\u00a0<\/em>insiste-t-il,\u00a0<em>pas seulement\u00a0<a href=\"http:\/\/conjugaison.lemonde.fr\/conjugaison\/search?verb=infl%C3%A9chir\" target=\"_blank\"><span style=\"color: #000000;\">infl\u00e9chir<\/span><\/a>\u00a0la trajectoire mais en\u00a0<a href=\"http:\/\/conjugaison.lemonde.fr\/conjugaison\/search?verb=changer\" target=\"_blank\"><span style=\"color: #000000;\">changer<\/span><\/a>.\u00a0\u00bb<\/em><\/span><\/p>\n<p><span style=\"color: #000000;\"><strong>Malgr\u00e9 tout, FNE a choisi de\u00a0<a href=\"http:\/\/conjugaison.lemonde.fr\/conjugaison\/search?verb=montrer\" target=\"_blank\"><span style=\"color: #000000;\">montrer<\/span><\/a>, \u00e0 trois mois de la pr\u00e9sidentielle, l&rsquo;importance de son r\u00e9seau, qui va de grandes organisations comme la Ligue fran\u00e7aise de protection des oiseaux aux plus petites associations locales.<\/strong> En r\u00e9digeant de nombreuses propositions, les militants ont retrouss\u00e9 leurs manches\u00a0<em>\u00ab\u00a0sans se <a href=\"http:\/\/conjugaison.lemonde.fr\/conjugaison\/search?verb=complaire\" target=\"_blank\"><span style=\"color: #000000;\">complaire<\/span><\/a>\u00a0dans l&rsquo;apocalypse\u00a0\u00bb<\/em>, estime Bruno Genty, son pr\u00e9sident. Echaud\u00e9, il ne demande pas d&rsquo;engagement sur un pacte global. Son mouvement n&rsquo;entend pas <a href=\"http:\/\/conjugaison.lemonde.fr\/conjugaison\/search?verb=donner\" target=\"_blank\"><span style=\"color: #000000;\">donner<\/span><\/a>\u00a0de consigne de vote, mais\u00a0<em>\u00ab\u00a0le meilleur candidat sera celui qui s&rsquo;appropriera le plus grand nombre de nos mesures\u00a0\u00bb<\/em>.<\/span><\/p>\n<p><span style=\"color: #000000;\"><em>\u00ab\u00a0Cette confrontation est une excellente initiative,<\/em>\u00a0s&rsquo;enthousiasme\u00a0<a href=\"http:\/\/www.lemonde.fr\/sujet\/0994\/arnaud-gossement.html\" target=\"_blank\"><span style=\"color: #000000;\">Arnaud Gossement<\/span><\/a>, avocat sp\u00e9cialiste de l&rsquo;environnement et ancien porte-parole de FNE. <em>Elle va\u00a0<a href=\"http:\/\/conjugaison.lemonde.fr\/conjugaison\/search?verb=forcer\" target=\"_blank\"><span style=\"color: #000000;\">forcer<\/span><\/a>\u00a0les candidats \u00e0\u00a0<a href=\"http:\/\/conjugaison.lemonde.fr\/conjugaison\/search?verb=affiner\" target=\"_blank\"><span style=\"color: #000000;\">affiner<\/span><\/a>\u00a0leurs r\u00e9flexions. Face \u00e0 des gens qui militent depuis quarante ans, des experts, s&rsquo;ils ne se mouillent pas, vont se\u00a0<a href=\"http:\/\/conjugaison.lemonde.fr\/conjugaison\/search?verb=faire\" target=\"_blank\"><span style=\"color: #000000;\">faire<\/span><\/a>\u00a0<a href=\"http:\/\/conjugaison.lemonde.fr\/conjugaison\/search?verb=siffler\" target=\"_blank\"><span style=\"color: #000000;\">siffler<\/span><\/a>.\u00a0\u00bb<\/em><\/span><\/p>\n<p><span style=\"color: #000000;\">Pourtant, le d\u00e9fil\u00e9 des candidats ne saurait\u00a0<a href=\"http:\/\/conjugaison.lemonde.fr\/conjugaison\/search?verb=masquer\" target=\"_blank\"><span style=\"color: #000000;\">masquer<\/span><\/a>\u00a0les b\u00e9gaiements d<\/span>u dialogue entre associatifs et politiques.\u00a0<em>\u00ab\u00a0Les d\u00e9fenseurs de l&rsquo;environnement sont toujours surpris par le manque de r\u00e9action des d\u00e9cideurs face \u00e0 des probl\u00e8mes aussi importants que l<\/em><span style=\"color: #000000;\"><em>e changement climatique,\u00a0<\/em>observe Daniel Boy, du Centre de recherches politiques de Sciences Po (Cevipof).\u00a0<em>D\u00e8s lors, il existe deux voies : <strong>soit <a href=\"http:\/\/conjugaison.lemonde.fr\/conjugaison\/search?verb=faire\" target=\"_blank\"><span style=\"color: #000000;\">faire<\/span><\/a>\u00a0le tour des popotes des partis, ce qui ne fonctionne pas tr\u00e8s bien, soit se <a href=\"http:\/\/conjugaison.lemonde.fr\/conjugaison\/search?verb=lancer\" target=\"_blank\"><span style=\"color: #000000;\">lancer<\/span><\/a>\u00a0dans la course, ce qui a donn\u00e9\u00a0<a href=\"http:\/\/www.lemonde.fr\/sujet\/55fa\/europe-ecologie-les.html\" target=\"_blank\"><span style=\"color: #000000;\">Europe Ecologie-Les<\/span><\/a>\u00a0Verts (EELV).\u00a0\u00bb<\/strong><\/em><\/span><\/p>\n<p><span style=\"color: #000000;\">\u00ab\u00a0LA PAROLE DE LA SOCI\u00c9T\u00c9 N&rsquo;A PAS TROUV\u00c9 DE SECOND SOUFFLE\u00a0\u00bb<\/span><\/p>\n<p><span style=\"color: #000000;\">En 2007, le\u00a0<a href=\"http:\/\/www.lemonde.fr\/sujet\/842d\/pacte-de-nicolas.html\" target=\"_blank\"><span style=\"color: #000000;\">Pacte de Nicolas<\/span><\/a>\u00a0Hulot avait pes\u00e9, tout comme la mobilisation des associations.\u00a0<em>\u00ab\u00a0C&rsquo;est ensemble que ces forces ont introduit de l&rsquo;environnement dans le discours des candidats,\u00a0<\/em>observe l&rsquo;ancien directeur de campagne de Nicolas Hulot,\u00a0<a href=\"http:\/\/www.lemonde.fr\/sujet\/9acb\/jean-paul-besset.html\" target=\"_blank\"><span style=\"color: #000000;\">Jean-Paul Besset<\/span><\/a>, aujourd&rsquo;hui d\u00e9put\u00e9 europ\u00e9en (EELV).\u00a0<em>Mais cette fois, la parole de la soci\u00e9t\u00e9 n&rsquo;a pas trouv\u00e9 de second souffle.\u00a0\u00bb<\/em>\u00a0Faute de carrure pour l&rsquo;<a href=\"http:\/\/conjugaison.lemonde.fr\/conjugaison\/search?verb=incarner\" target=\"_blank\"><span style=\"color: #000000;\">incarner<\/span><\/a>, elle fait du surplace&#8230;<\/span><\/p>\n<p><span style=\"color: #000000;\">Tous les acteurs le reconnaissent.\u00a0<em>\u00ab\u00a0Il y a une certaine paralysie dans FNE li\u00e9e entre autres \u00e0 un probl\u00e8me de leadership\u00a0\u00bb<\/em>, remarque M. Bompard. Le m\u00e9diatique pr\u00e9sident d&rsquo;Humanit\u00e9 et biodiversit\u00e9, l&rsquo;astrophysicien\u00a0<a href=\"http:\/\/www.lemonde.fr\/sujet\/5544\/hubert-reeves.html\" target=\"_blank\"><span style=\"color: #000000;\">Hubert Reeves<\/span><\/a>, membre \u2013 entre autres \u2013 de FNE, regrette\u00a0<em>\u00ab\u00a0l&rsquo;aura de Nicolas Hulot\u00a0\u00bb<\/em>\u00a0et se dit\u00a0<em>\u00ab\u00a0pr\u00eat modestement \u00e0\u00a0<a href=\"http:\/\/conjugaison.lemonde.fr\/conjugaison\/search?verb=apporter\" target=\"_blank\"><span style=\"color: #000000;\">apporter<\/span><\/a>\u00a0sa pierre\u00a0\u00bb<\/em>. Comme Anne-Marie Ducroux, pr\u00e9sidente de la section environnement du Conseil \u00e9conomique, social et environnemental, chacun \u00e9voque<strong> une nouvelle dynamique \u00e0\u00a0<a href=\"http:\/\/conjugaison.lemonde.fr\/conjugaison\/search?verb=inventer\" target=\"_blank\"><span style=\"color: #000000;\">inventer<\/span><\/a>.<\/strong><\/span><\/p>\n<p><span style=\"color: #000000;\"><em>\u00ab\u00a0N&rsquo;ergotons pas sur l&rsquo;absence de porte-parole,<\/em>\u00a0s&rsquo;agace Bruno Genty, au nom de FNE.\u00a0<em>C&rsquo;est toute la soci\u00e9t\u00e9 qui doit se saisir\u00a0du d\u00e9bat.\u00a0\u00bb<\/em>\u00a0Le d\u00e9fi n&rsquo;est pas \u00e9vident par ces temps de ch\u00f4mage massif.\u00a0<em>\u00ab\u00a0L&rsquo;environnement est s\u00e9rieusement retomb\u00e9 dans nos enqu\u00eates d&rsquo;opinion,<\/em>\u00a0confirme Daniel Boy.\u00a0<em>Le discours sur la d\u00e9croissance est difficile \u00e0 tenir en p\u00e9riode de crise. Eva Joly a parl\u00e9 d&rsquo;un million d&#8217;emplois verts, mais les centaines de milliers d&#8217;emplois annonc\u00e9es par Jean-Louis Borloo,\u00a0\u00a0les gens les attendent toujours&#8230;\u00a0\u00bb<\/em><\/span><\/p>\n<p>&nbsp;<\/p>\n<address><span style=\"color: #000000;\">Source\u00a0: Le Monde \u2013 28 01 2012 &#8211; R\u00e9mi Barroux et Martine Valo<\/span><\/address>\n<address>\u00a0<\/address>\n<address>\u00a0<\/address>\n<address>\u00a0<\/address>\n<p>&nbsp;<\/p>\n","protected":false},"excerpt":{"rendered":"<p>France Nature Environnement attend que les candidats se prononcent clairement sur les questions environnementales, dans une campagne marqu\u00e9e par la crise \u00e9conomique. Fran\u00e7ois Bayrou, Fran\u00e7ois Hollande, Eva Joly, Corinne Lepage, Jean-Luc M\u00e9lenchon, Herv\u00e9 Morin et\u00a0Dominique de Villepin ont dit qu&rsquo;ils &hellip; <a href=\"https:\/\/claire-jannot.com\/?p=881\">Continuer la lecture <span class=\"meta-nav\">&rarr;<\/span><\/a><\/p>\n","protected":false},"author":1,"featured_media":0,"comment_status":"open","ping_status":"open","sticky":false,"template":"","format":"standard","meta":{"jetpack_post_was_ever_published":false,"_jetpack_newsletter_access":"","_jetpack_dont_email_post_to_subs":false,"_jetpack_newsletter_tier_id":0,"_jetpack_memberships_contains_paywalled_content":false,"_jetpack_memberships_contains_paid_content":false,"footnotes":"","jetpack_publicize_message":"","jetpack_publicize_feature_enabled":true,"jetpack_social_post_already_shared":false,"jetpack_social_options":{"image_generator_settings":{"template":"highway","default_image_id":0,"font":"","enabled":false},"version":2}},"categories":[2],"tags":[4,44,5,11],"class_list":["post-881","post","type-post","status-publish","format-standard","hentry","category-ecologie","tag-ecologie2","tag-energie","tag-environnement","tag-societe-2"],"jetpack_publicize_connections":[],"jetpack_featured_media_url":"","jetpack_sharing_enabled":true,"jetpack_shortlink":"https:\/\/wp.me\/p5jjt5-ed","_links":{"self":[{"href":"https:\/\/claire-jannot.com\/index.php?rest_route=\/wp\/v2\/posts\/881","targetHints":{"allow":["GET"]}}],"collection":[{"href":"https:\/\/claire-jannot.com\/index.php?rest_route=\/wp\/v2\/posts"}],"about":[{"href":"https:\/\/claire-jannot.com\/index.php?rest_route=\/wp\/v2\/types\/post"}],"author":[{"embeddable":true,"href":"https:\/\/claire-jannot.com\/index.php?rest_route=\/wp\/v2\/users\/1"}],"replies":[{"embeddable":true,"href":"https:\/\/claire-jannot.com\/index.php?rest_route=%2Fwp%2Fv2%2Fcomments&post=881"}],"version-history":[{"count":2,"href":"https:\/\/claire-jannot.com\/index.php?rest_route=\/wp\/v2\/posts\/881\/revisions"}],"predecessor-version":[{"id":5509,"href":"https:\/\/claire-jannot.com\/index.php?rest_route=\/wp\/v2\/posts\/881\/revisions\/5509"}],"wp:attachment":[{"href":"https:\/\/claire-jannot.com\/index.php?rest_route=%2Fwp%2Fv2%2Fmedia&parent=881"}],"wp:term":[{"taxonomy":"category","embeddable":true,"href":"https:\/\/claire-jannot.com\/index.php?rest_route=%2Fwp%2Fv2%2Fcategories&post=881"},{"taxonomy":"post_tag","embeddable":true,"href":"https:\/\/claire-jannot.com\/index.php?rest_route=%2Fwp%2Fv2%2Ftags&post=881"}],"curies":[{"name":"wp","href":"https:\/\/api.w.org\/{rel}","templated":true}]}}