{"id":950,"date":"2012-02-02T10:51:26","date_gmt":"2012-02-02T09:51:26","guid":{"rendered":"http:\/\/www.clairejannot.com\/?p=950"},"modified":"2012-02-02T10:51:26","modified_gmt":"2012-02-02T09:51:26","slug":"tokyo-70-de-risque-de-seisme-de-magnitude-7-ou-plus-dans-les-4-ans","status":"publish","type":"post","link":"https:\/\/claire-jannot.com\/?p=950","title":{"rendered":"Tokyo : 70% de risque de s\u00e9isme de magnitude 7 ou plus dans les 4 ans"},"content":{"rendered":"<h2>Des chercheurs japonais \u00e9valuent d\u00e9sormais \u00e0 70% le risque de survenue d&rsquo;un tremblement de terre de magnitude 7 ou plus dans l&rsquo;agglom\u00e9ration de Tokyo dans les quatre ans \u00e0 venir, en raison de l&rsquo;amplification de l&rsquo;activit\u00e9 sismique depuis le 11 mars dernier.<\/h2>\n<p><a href=\"https:\/\/i0.wp.com\/www.clairejannot.com\/wp-content\/uploads\/2012\/02\/tokyo.jpg\"><img data-recalc-dims=\"1\" loading=\"lazy\" decoding=\"async\" class=\"alignleft size-medium wp-image-951\" title=\"tokyo\" src=\"https:\/\/i0.wp.com\/www.clairejannot.com\/wp-content\/uploads\/2012\/02\/tokyo-300x199.jpg?resize=300%2C199\" alt=\"\" width=\"300\" height=\"199\" \/><\/a>Cette estimation de sp\u00e9cialistes de l&rsquo;<strong>Universit\u00e9 de Tokyo<\/strong> est notamment fond\u00e9e sur les donn\u00e9es de l&rsquo;<strong>Agence de m\u00e9t\u00e9orologie nippone<\/strong> selon laquelle une moyenne quotidienne de <strong>1,48 s\u00e9isme de magnitude sup\u00e9rieure \u00e0 3 a \u00e9t\u00e9 enregistr\u00e9e dans la r\u00e9gion de Tokyo depuis la catastrophe qui a ravag\u00e9 il y a plus de dix mois le littoral nord-est de l&rsquo;archipel.<\/strong><\/p>\n<p>Ce chiffre est toutefois cinq fois plus \u00e9lev\u00e9 que celui g\u00e9n\u00e9ralement observ\u00e9 avant le 11 mars 2011, selon les chercheurs cit\u00e9s par plusieurs journaux nippons.<\/p>\n<p><strong>Le violent s\u00e9isme japonais de mars dernier, l\u2019un des plus puissants jamais enregistr\u00e9s, semble avoir d\u00e9plac\u00e9 l\u2019\u00eele principale de l\u2019archipel nippon de 2,4 m\u00e8tres, selon<span style=\"color: #000000;\">\u00a0<a href=\"http:\/\/earthquake.usgs.gov\/earthquakes\/eqinthenews\/2011\/usc0001xgp\/\" target=\"_blank\"><span style=\"color: #000000;\">l\u2019Institut de g\u00e9ophysique am\u00e9ricain (USGS)<\/span><\/a>\u00a0a<\/span>u lieu des 88 mm habituellement enregistr\u00e9s.<\/strong><\/p>\n<p><strong>La sismicit\u00e9 est devenue plus importante dans la r\u00e9gion de la capitale, ce qui entra\u00eene un risque plus grand de fort s\u00e9isme, a expliqu\u00e9 Naoshi Hirata.<\/strong><br \/>\n<strong>\u00a0Les autorit\u00e9s gouvernementales \u00e9valuent pour leur part jusqu&rsquo;\u00e0 pr\u00e9sent le risque \u00e0 70% dans les trois d\u00e9cennies \u00e0 venir.<\/strong><\/p>\n<p>Les craintes de prochaines grosses secousses ont redoubl\u00e9 depuis le s\u00e9isme de magnitude <strong>9,0<\/strong> survenu au large des c\u00f4tes nord-est du Japon, d\u00e9clenchant un terrible tsunami qui a tu\u00e9 plus de <strong>19.000 personnes et provoqu\u00e9 un accident sans pr\u00e9c\u00e9dent \u00e0 la centrale nucl\u00e9aire de Fukushima.<\/strong><\/p>\n<p>Le dernier s\u00e9isme tr\u00e8s meurtrier dans la capitale remonte quant \u00e0 lui au <strong>1er septembre 1923<\/strong>. Ce \u00ab\u00a0grand tremblement de terre du Kanto (est)\u00a0\u00bb a fait plus de <strong>100.000 morts<\/strong>, beaucoup ayant p\u00e9ri dans des incendies.<\/p>\n<p>Le Japon, situ\u00e9 au <strong>confluent de quatre plaques tectoniques, enregistre chaque ann\u00e9e sur son territoire plus de 20% des s\u00e9ismes les plus violents recens\u00e9s sur la plan\u00e8te.<\/strong><\/p>\n<p>La vaste conurbation de Tokyo, o\u00f9 vivent pr\u00e8s de <strong>35 millions de personnes<\/strong>, se trouve en un des points consid\u00e9r\u00e9s comme les plus dangereux.<\/p>\n<p>&nbsp;<\/p>\n<address>Source\u00a0: AFP du 23\/01\/2012 \u00a0(extraits)<\/address>\n<address>Cr\u00e9dit photo :<a href=\"http:\/\/www.chroniquesdedo.fr\/wp-content\/uploads\/2009\/02\/dsc_6991.jpg\">http:\/\/www.chroniquesdedo.fr<\/a><\/address>\n<address>\u00a0<\/address>\n<address>\u00a0<\/address>\n<address>\u00a0<\/address>\n","protected":false},"excerpt":{"rendered":"<p>Des chercheurs japonais \u00e9valuent d\u00e9sormais \u00e0 70% le risque de survenue d&rsquo;un tremblement de terre de magnitude 7 ou plus dans l&rsquo;agglom\u00e9ration de Tokyo dans les quatre ans \u00e0 venir, en raison de l&rsquo;amplification de l&rsquo;activit\u00e9 sismique depuis le 11 &hellip; <a href=\"https:\/\/claire-jannot.com\/?p=950\">Continuer la lecture <span class=\"meta-nav\">&rarr;<\/span><\/a><\/p>\n","protected":false},"author":1,"featured_media":0,"comment_status":"open","ping_status":"open","sticky":false,"template":"","format":"standard","meta":{"jetpack_post_was_ever_published":false,"_jetpack_newsletter_access":"","_jetpack_dont_email_post_to_subs":false,"_jetpack_newsletter_tier_id":0,"_jetpack_memberships_contains_paywalled_content":false,"_jetpack_memberships_contains_paid_content":false,"footnotes":"","jetpack_publicize_message":"","jetpack_publicize_feature_enabled":true,"jetpack_social_post_already_shared":false,"jetpack_social_options":{"image_generator_settings":{"template":"highway","default_image_id":0,"font":"","enabled":false},"version":2}},"categories":[2],"tags":[4,5,12,6,11,8],"class_list":["post-950","post","type-post","status-publish","format-standard","hentry","category-ecologie","tag-ecologie2","tag-environnement","tag-fukushima","tag-nucleaire","tag-societe-2","tag-tchernobyl"],"jetpack_publicize_connections":[],"jetpack_featured_media_url":"","jetpack_sharing_enabled":true,"jetpack_shortlink":"https:\/\/wp.me\/p5jjt5-fk","_links":{"self":[{"href":"https:\/\/claire-jannot.com\/index.php?rest_route=\/wp\/v2\/posts\/950","targetHints":{"allow":["GET"]}}],"collection":[{"href":"https:\/\/claire-jannot.com\/index.php?rest_route=\/wp\/v2\/posts"}],"about":[{"href":"https:\/\/claire-jannot.com\/index.php?rest_route=\/wp\/v2\/types\/post"}],"author":[{"embeddable":true,"href":"https:\/\/claire-jannot.com\/index.php?rest_route=\/wp\/v2\/users\/1"}],"replies":[{"embeddable":true,"href":"https:\/\/claire-jannot.com\/index.php?rest_route=%2Fwp%2Fv2%2Fcomments&post=950"}],"version-history":[{"count":0,"href":"https:\/\/claire-jannot.com\/index.php?rest_route=\/wp\/v2\/posts\/950\/revisions"}],"wp:attachment":[{"href":"https:\/\/claire-jannot.com\/index.php?rest_route=%2Fwp%2Fv2%2Fmedia&parent=950"}],"wp:term":[{"taxonomy":"category","embeddable":true,"href":"https:\/\/claire-jannot.com\/index.php?rest_route=%2Fwp%2Fv2%2Fcategories&post=950"},{"taxonomy":"post_tag","embeddable":true,"href":"https:\/\/claire-jannot.com\/index.php?rest_route=%2Fwp%2Fv2%2Ftags&post=950"}],"curies":[{"name":"wp","href":"https:\/\/api.w.org\/{rel}","templated":true}]}}